{"id":7768,"date":"2023-05-25T13:50:05","date_gmt":"2023-05-25T13:50:05","guid":{"rendered":"https:\/\/staging.altoo.io\/?p=7768"},"modified":"2023-06-30T08:44:55","modified_gmt":"2023-06-30T08:44:55","slug":"le-paysage-contemporain-de-lallemagne-naviguer-dans-le-changement-et-relever-les-defis","status":"publish","type":"post","link":"https:\/\/altoo.io\/fr\/germanys-contemporary-landscape-navigating-change-and-embracing-challenges\/","title":{"rendered":"Le paysage contemporain de l'Allemagne : Naviguer dans le changement et relever les d\u00e9fis"},"content":{"rendered":"<div data-elementor-type=\"wp-post\" data-elementor-id=\"7768\" class=\"elementor elementor-7768\" data-elementor-post-type=\"post\">\n\t\t\t\t\t\t<section class=\"elementor-section elementor-top-section elementor-element elementor-element-0f12dc0 elementor-section-boxed elementor-section-height-default elementor-section-height-default\" data-id=\"0f12dc0\" data-element_type=\"section\" data-e-type=\"section\">\n\t\t\t\t\t\t<div class=\"elementor-container elementor-column-gap-default\">\n\t\t\t\t\t<div class=\"elementor-column elementor-col-100 elementor-top-column elementor-element elementor-element-72b1284\" data-id=\"72b1284\" data-element_type=\"column\" data-e-type=\"column\">\n\t\t\t<div class=\"elementor-widget-wrap elementor-element-populated\">\n\t\t\t\t\t\t<div class=\"elementor-element elementor-element-5e751cb elementor-widget elementor-widget-text-editor\" data-id=\"5e751cb\" data-element_type=\"widget\" data-e-type=\"widget\" data-widget_type=\"text-editor.default\">\n\t\t\t\t<div class=\"elementor-widget-container\">\n\t\t\t\t\t\t\t\t\t<h3>Le paysage politique et \u00e9conomique actuel de l'Allemagne est le reflet d'une nation qui navigue dans le changement et rel\u00e8ve les d\u00e9fis. La stabilit\u00e9 politique, les transitions de leadership, la r\u00e9silience face aux turbulences \u00e9conomiques et l'engagement en faveur de la durabilit\u00e9 d\u00e9finissent la trajectoire de l'Allemagne. La puissance \u00e9conomique de l'Allemagne est une force redoutable sur la sc\u00e8ne mondiale, m\u00eame si son ampleur doit \u00eatre mesur\u00e9e par rapport \u00e0 d'autres grands leaders mondiaux comme les \u00c9tats-Unis ou la Chine. En continuant \u00e0 s'adapter et \u00e0 \u00e9voluer, l'Allemagne joue un r\u00f4le essentiel dans la construction de l'avenir de l'Europe et dans la r\u00e9solution des probl\u00e8mes mondiaux.<\/h3>\t\t\t\t\t\t\t\t<\/div>\n\t\t\t\t<\/div>\n\t\t\t\t\t<\/div>\n\t\t<\/div>\n\t\t\t\t\t<\/div>\n\t\t<\/section>\n\t\t\t\t<section class=\"elementor-section elementor-top-section elementor-element elementor-element-656657e elementor-section-boxed elementor-section-height-default elementor-section-height-default\" data-id=\"656657e\" data-element_type=\"section\" data-e-type=\"section\">\n\t\t\t\t\t\t<div class=\"elementor-container elementor-column-gap-default\">\n\t\t\t\t\t<div class=\"elementor-column elementor-col-100 elementor-top-column elementor-element elementor-element-10d19ce\" data-id=\"10d19ce\" data-element_type=\"column\" data-e-type=\"column\">\n\t\t\t<div class=\"elementor-widget-wrap elementor-element-populated\">\n\t\t\t\t\t\t<div class=\"elementor-element elementor-element-7a5b99c elementor-widget elementor-widget-text-editor\" data-id=\"7a5b99c\" data-element_type=\"widget\" data-e-type=\"widget\" data-widget_type=\"text-editor.default\">\n\t\t\t\t<div class=\"elementor-widget-container\">\n\t\t\t\t\t\t\t\t\t<h3><span style=\"font-weight: bolder;\">Stabilit\u00e9, transitions et dynamique \u00e9volutive<\/span><\/h3>\t\t\t\t\t\t\t\t<\/div>\n\t\t\t\t<\/div>\n\t\t\t\t\t<\/div>\n\t\t<\/div>\n\t\t\t\t\t<\/div>\n\t\t<\/section>\n\t\t\t\t<section class=\"elementor-section elementor-top-section elementor-element elementor-element-2073379 elementor-section-boxed elementor-section-height-default elementor-section-height-default\" data-id=\"2073379\" data-element_type=\"section\" data-e-type=\"section\">\n\t\t\t\t\t\t<div class=\"elementor-container elementor-column-gap-default\">\n\t\t\t\t\t<div class=\"elementor-column elementor-col-50 elementor-top-column elementor-element elementor-element-8ac431e\" data-id=\"8ac431e\" data-element_type=\"column\" data-e-type=\"column\">\n\t\t\t<div class=\"elementor-widget-wrap elementor-element-populated\">\n\t\t\t\t\t\t<div class=\"elementor-element elementor-element-35bed73 elementor-widget elementor-widget-image\" data-id=\"35bed73\" data-element_type=\"widget\" data-e-type=\"widget\" data-widget_type=\"image.default\">\n\t\t\t\t<div class=\"elementor-widget-container\">\n\t\t\t\t\t\t\t\t\t\t\t\t\t\t\t<img fetchpriority=\"high\" decoding=\"async\" width=\"800\" height=\"526\" src=\"https:\/\/altoo.io\/live01\/wp-content\/uploads\/2023\/05\/olaf-scholz.jpg\" class=\"attachment-large size-large wp-image-10528\" alt=\"\" srcset=\"https:\/\/altoo.io\/live01\/wp-content\/uploads\/2023\/05\/olaf-scholz.jpg 1024w, https:\/\/altoo.io\/live01\/wp-content\/uploads\/2023\/05\/olaf-scholz-300x197.jpg 300w, https:\/\/altoo.io\/live01\/wp-content\/uploads\/2023\/05\/olaf-scholz-768x505.jpg 768w, https:\/\/altoo.io\/live01\/wp-content\/uploads\/2023\/05\/olaf-scholz-18x12.jpg 18w\" sizes=\"(max-width: 800px) 100vw, 800px\" \/>\t\t\t\t\t\t\t\t\t\t\t\t\t\t\t<\/div>\n\t\t\t\t<\/div>\n\t\t\t\t\t<\/div>\n\t\t<\/div>\n\t\t\t\t<div class=\"elementor-column elementor-col-50 elementor-top-column elementor-element elementor-element-aa8540d\" data-id=\"aa8540d\" data-element_type=\"column\" data-e-type=\"column\">\n\t\t\t<div class=\"elementor-widget-wrap elementor-element-populated\">\n\t\t\t\t\t\t<div class=\"elementor-element elementor-element-0443b0f elementor-widget elementor-widget-text-editor\" data-id=\"0443b0f\" data-element_type=\"widget\" data-e-type=\"widget\" data-widget_type=\"text-editor.default\">\n\t\t\t\t<div class=\"elementor-widget-container\">\n\t\t\t\t\t\t\t\t\t<p><span style=\"color: #0f0b30; font-size: 18px; font-family: var( --e-global-typography-text-font-family ), Sans-serif;\">Le paysage politique allemand se caract\u00e9rise depuis longtemps par sa stabilit\u00e9, ancr\u00e9e dans la d\u00e9mocratie parlementaire et une tradition de gouvernements de coalition. Toutefois, ces derni\u00e8res ann\u00e9es ont \u00e9t\u00e9 marqu\u00e9es par des changements, les partis politiques alternatifs remettant en cause l'ordre \u00e9tabli, refl\u00e9tant ainsi l'\u00e9volution des pr\u00e9occupations de la soci\u00e9t\u00e9. Dans ce contexte, l'engagement de l'Allemagne \u00e0 maintenir la stabilit\u00e9 politique demeure in\u00e9branlable. Le d\u00e9part de la chanceli\u00e8re Angela Merkel a marqu\u00e9 un tournant important dans la politique allemande, ouvrant une nouvelle \u00e8re avec le chancelier Olaf Scholz (sur la photo). Menant la nation \u00e0 travers un paysage g\u00e9opolitique dynamique, Scholz doit s'attaquer \u00e0 des questions urgentes telles que le changement climatique, la transformation num\u00e9rique et l'in\u00e9galit\u00e9 sociale.<br \/><\/span><em>Cr\u00e9dit photo : DPA<\/em><span style=\"color: #0f0b30; font-size: 18px; font-family: var( --e-global-typography-text-font-family ), Sans-serif;\"><br \/><\/span><\/p>\t\t\t\t\t\t\t\t<\/div>\n\t\t\t\t<\/div>\n\t\t\t\t\t<\/div>\n\t\t<\/div>\n\t\t\t\t\t<\/div>\n\t\t<\/section>\n\t\t\t\t<section class=\"elementor-section elementor-top-section elementor-element elementor-element-83825f8 elementor-section-boxed elementor-section-height-default elementor-section-height-default\" data-id=\"83825f8\" data-element_type=\"section\" data-e-type=\"section\">\n\t\t\t\t\t\t<div class=\"elementor-container elementor-column-gap-default\">\n\t\t\t\t\t<div class=\"elementor-column elementor-col-100 elementor-top-column elementor-element elementor-element-a8fdf4a\" data-id=\"a8fdf4a\" data-element_type=\"column\" data-e-type=\"column\">\n\t\t\t<div class=\"elementor-widget-wrap elementor-element-populated\">\n\t\t\t\t\t\t<div class=\"elementor-element elementor-element-94556c5 elementor-widget elementor-widget-text-editor\" data-id=\"94556c5\" data-element_type=\"widget\" data-e-type=\"widget\" data-widget_type=\"text-editor.default\">\n\t\t\t\t<div class=\"elementor-widget-container\">\n\t\t\t\t\t\t\t\t\t<h3><span style=\"font-weight: bolder;\">R\u00e9silience, adaptation et croissance durable<\/span><\/h3>\t\t\t\t\t\t\t\t<\/div>\n\t\t\t\t<\/div>\n\t\t\t\t\t<\/div>\n\t\t<\/div>\n\t\t\t\t\t<\/div>\n\t\t<\/section>\n\t\t\t\t<section class=\"elementor-section elementor-top-section elementor-element elementor-element-3514e3b elementor-section-boxed elementor-section-height-default elementor-section-height-default\" data-id=\"3514e3b\" data-element_type=\"section\" data-e-type=\"section\">\n\t\t\t\t\t\t<div class=\"elementor-container elementor-column-gap-default\">\n\t\t\t\t\t<div class=\"elementor-column elementor-col-50 elementor-top-column elementor-element elementor-element-39cca24\" data-id=\"39cca24\" data-element_type=\"column\" data-e-type=\"column\">\n\t\t\t<div class=\"elementor-widget-wrap elementor-element-populated\">\n\t\t\t\t\t\t<div class=\"elementor-element elementor-element-12358cf elementor-widget elementor-widget-image\" data-id=\"12358cf\" data-element_type=\"widget\" data-e-type=\"widget\" data-widget_type=\"image.default\">\n\t\t\t\t<div class=\"elementor-widget-container\">\n\t\t\t\t\t\t\t\t\t\t\t\t\t\t\t<img decoding=\"async\" width=\"400\" height=\"300\" src=\"https:\/\/altoo.io\/live01\/wp-content\/uploads\/2023\/05\/eolienne-1.jpeg\" class=\"attachment-large size-large wp-image-11945\" alt=\"\" srcset=\"https:\/\/altoo.io\/live01\/wp-content\/uploads\/2023\/05\/eolienne-1.jpeg 400w, https:\/\/altoo.io\/live01\/wp-content\/uploads\/2023\/05\/eolienne-1-300x225.jpeg 300w, https:\/\/altoo.io\/live01\/wp-content\/uploads\/2023\/05\/eolienne-1-16x12.jpeg 16w\" sizes=\"(max-width: 400px) 100vw, 400px\" \/>\t\t\t\t\t\t\t\t\t\t\t\t\t\t\t<\/div>\n\t\t\t\t<\/div>\n\t\t\t\t\t<\/div>\n\t\t<\/div>\n\t\t\t\t<div class=\"elementor-column elementor-col-50 elementor-top-column elementor-element elementor-element-d4a50cd\" data-id=\"d4a50cd\" data-element_type=\"column\" data-e-type=\"column\">\n\t\t\t<div class=\"elementor-widget-wrap elementor-element-populated\">\n\t\t\t\t\t\t<div class=\"elementor-element elementor-element-b8a908e elementor-widget elementor-widget-image\" data-id=\"b8a908e\" data-element_type=\"widget\" data-e-type=\"widget\" data-widget_type=\"image.default\">\n\t\t\t\t<div class=\"elementor-widget-container\">\n\t\t\t\t\t\t\t\t\t\t\t\t\t\t\t<img decoding=\"async\" width=\"400\" height=\"300\" src=\"https:\/\/altoo.io\/live01\/wp-content\/uploads\/2023\/05\/windmill-1317817_640-300x225-1.jpg\" class=\"attachment-large size-large wp-image-11943\" alt=\"\" srcset=\"https:\/\/altoo.io\/live01\/wp-content\/uploads\/2023\/05\/windmill-1317817_640-300x225-1.jpg 400w, https:\/\/altoo.io\/live01\/wp-content\/uploads\/2023\/05\/windmill-1317817_640-300x225-1-300x225.jpg 300w, https:\/\/altoo.io\/live01\/wp-content\/uploads\/2023\/05\/windmill-1317817_640-300x225-1-16x12.jpg 16w\" sizes=\"(max-width: 400px) 100vw, 400px\" \/>\t\t\t\t\t\t\t\t\t\t\t\t\t\t\t<\/div>\n\t\t\t\t<\/div>\n\t\t\t\t\t<\/div>\n\t\t<\/div>\n\t\t\t\t\t<\/div>\n\t\t<\/section>\n\t\t\t\t<section class=\"elementor-section elementor-top-section elementor-element elementor-element-2489ce96 elementor-section-boxed elementor-section-height-default elementor-section-height-default\" data-id=\"2489ce96\" data-element_type=\"section\" data-e-type=\"section\">\n\t\t\t\t\t\t<div class=\"elementor-container elementor-column-gap-default\">\n\t\t\t\t\t<div class=\"elementor-column elementor-col-100 elementor-top-column elementor-element elementor-element-3ea56872\" data-id=\"3ea56872\" data-element_type=\"column\" data-e-type=\"column\">\n\t\t\t<div class=\"elementor-widget-wrap elementor-element-populated\">\n\t\t\t\t\t\t<div class=\"elementor-element elementor-element-72dc517a elementor-widget elementor-widget-text-editor\" data-id=\"72dc517a\" data-element_type=\"widget\" data-e-type=\"widget\" data-widget_type=\"text-editor.default\">\n\t\t\t\t<div class=\"elementor-widget-container\">\n\t\t\t\t\t\t\t\t\t<p><span style=\"color: #0f0b30; font-size: 18px; font-family: var( --e-global-typography-text-font-family ), Sans-serif;\">Connue pour sa force manufacturi\u00e8re et la vigueur de ses exportations, l'\u00e9conomie allemande a fait preuve d'une remarquable r\u00e9silience en p\u00e9riode de turbulences \u00e9conomiques mondiales. Malgr\u00e9 des d\u00e9fis tels que la crise de la dette de la zone euro et la r\u00e9cente pand\u00e9mie de COVID-19, la base industrielle bien diversifi\u00e9e de l'Allemagne et sa main-d'\u0153uvre hautement qualifi\u00e9e ont jou\u00e9 un r\u00f4le cl\u00e9 dans sa stabilit\u00e9 \u00e9conomique. Cette r\u00e9silience fait de l'Allemagne un moteur \u00e9conomique cl\u00e9 en Europe et au-del\u00e0. L'Allemagne est devenue un leader mondial dans la promotion du d\u00e9veloppement durable et des \u00e9nergies renouvelables. L'initiative Energiewende, qui vise \u00e0 \u00e9liminer progressivement l'\u00e9nergie nucl\u00e9aire et \u00e0 r\u00e9duire les \u00e9missions de gaz \u00e0 effet de serre, symbolise l'engagement de l'Allemagne en faveur d'un avenir durable. Toutefois, cette transition ambitieuse pose des d\u00e9fis complexes, notamment en ce qui concerne les co\u00fbts de l'\u00e9nergie, la stabilit\u00e9 du r\u00e9seau et la comp\u00e9titivit\u00e9 industrielle. Il est essentiel de trouver un \u00e9quilibre entre les imp\u00e9ratifs environnementaux et les consid\u00e9rations \u00e9conomiques pour g\u00e9rer avec succ\u00e8s la transition \u00e9nerg\u00e9tique.&nbsp;<br><\/span><span style=\"font-family: var( --e-global-typography-text-font-family ), Sans-serif;\"><br>L'Allemagne est l'empire \u00e9conomique in\u00e9gal\u00e9 de l'Europe, captant les c\u0153urs et les esprits de l'\u00e9lite gr\u00e2ce \u00e0 sa souverainet\u00e9 \u00e9conomique, \u00e0 ses prouesses industrielles et \u00e0 son acc\u00e8s privil\u00e9gi\u00e9 au march\u00e9 prosp\u00e8re de l'Union europ\u00e9enne. Si vous cherchez \u00e0 d\u00e9velopper votre r\u00e9seau d'affaires en Europe, l'Allemagne doit absolument figurer sur votre radar.<\/span><\/p><p><span style=\"font-family: var( --e-global-typography-text-font-family ), Sans-serif;\"><br><\/span><\/p>\t\t\t\t\t\t\t\t<\/div>\n\t\t\t\t<\/div>\n\t\t\t\t\t<\/div>\n\t\t<\/div>\n\t\t\t\t\t<\/div>\n\t\t<\/section>\n\t\t\t\t<\/div>","protected":false},"excerpt":{"rendered":"<p>Germany\u2019s current political and economic landscape reflects a nation navigating change and embracing challenge. Political stability, leadership transitions, resilience in the face of economic turbulence and a commitment to sustainability define Germany\u2019s trajectory. Germany\u2019s economic power is a formidable force on the global stage, although its scale must be measured against other major world leaders [&hellip;]<\/p>\n","protected":false},"author":14,"featured_media":10441,"comment_status":"closed","ping_status":"closed","sticky":false,"template":"","format":"standard","meta":{"inline_featured_image":false,"cybocfi_hide_featured_image":"","two_page_speed":[],"footnotes":""},"categories":[56,184,62,55,86],"tags":[122,123,128,127,126,125,124],"class_list":["post-7768","post","type-post","status-publish","format-standard","has-post-thumbnail","hentry","category-beyond-markets","category-all-insights","category-analysis","category-economic-outlook","category-explore-by-entity","tag-beyond-markets","tag-economic-analysis","tag-economic-outlook","tag-explore-by-entity","tag-industry","tag-markets","tag-private-individuals"],"_links":{"self":[{"href":"https:\/\/altoo.io\/fr\/wp-json\/wp\/v2\/posts\/7768","targetHints":{"allow":["GET"]}}],"collection":[{"href":"https:\/\/altoo.io\/fr\/wp-json\/wp\/v2\/posts"}],"about":[{"href":"https:\/\/altoo.io\/fr\/wp-json\/wp\/v2\/types\/post"}],"author":[{"embeddable":true,"href":"https:\/\/altoo.io\/fr\/wp-json\/wp\/v2\/users\/14"}],"replies":[{"embeddable":true,"href":"https:\/\/altoo.io\/fr\/wp-json\/wp\/v2\/comments?post=7768"}],"version-history":[{"count":42,"href":"https:\/\/altoo.io\/fr\/wp-json\/wp\/v2\/posts\/7768\/revisions"}],"predecessor-version":[{"id":11963,"href":"https:\/\/altoo.io\/fr\/wp-json\/wp\/v2\/posts\/7768\/revisions\/11963"}],"wp:featuredmedia":[{"embeddable":true,"href":"https:\/\/altoo.io\/fr\/wp-json\/wp\/v2\/media\/10441"}],"wp:attachment":[{"href":"https:\/\/altoo.io\/fr\/wp-json\/wp\/v2\/media?parent=7768"}],"wp:term":[{"taxonomy":"category","embeddable":true,"href":"https:\/\/altoo.io\/fr\/wp-json\/wp\/v2\/categories?post=7768"},{"taxonomy":"post_tag","embeddable":true,"href":"https:\/\/altoo.io\/fr\/wp-json\/wp\/v2\/tags?post=7768"}],"curies":[{"name":"wp","href":"https:\/\/api.w.org\/{rel}","templated":true}]}}