{"id":3640,"date":"2021-09-08T12:56:26","date_gmt":"2021-09-08T12:56:26","guid":{"rendered":"https:\/\/altoo.io\/?p=3640"},"modified":"2023-07-04T18:00:41","modified_gmt":"2023-07-04T16:00:41","slug":"altoo-at-sef-and-portrayed-by-nzz","status":"publish","type":"post","link":"https:\/\/altoo.io\/fr\/altoo-at-sef-and-portrayed-by-nzz\/","title":{"rendered":"Altoo au Swiss Economic Forum et portraitur\u00e9 par NZZ"},"content":{"rendered":"<div class=\"editor\">Altoo a \u00e9t\u00e9 fi\u00e8re de participer en tant que <a href=\"https:\/\/altoo.io\/fr\/live01\/la-croissance-du-sef-une-reussite-altoo\/\">SEF.Growth - PME \u00e0 fort potentiel<\/a> \u00e0 la\u00a0<a href=\"https:\/\/www.swisseconomic.ch\/\" target=\"_blank\" rel=\"noopener\">Forum \u00e9conomique suisse<\/a>\u00a02021 \u00e0 Interlaken. Pendant deux jours, nous avons particip\u00e9 aux discussions autour du th\u00e8me de cette ann\u00e9e \"Nouveaux horizons\", en nous concentrant sur les opportunit\u00e9s d\u00e9coulant de la pand\u00e9mie et les d\u00e9fis que la prochaine d\u00e9cennie apportera.<\/p>\n<p>En outre, nous avons \u00e9t\u00e9 pr\u00e9sent\u00e9s dans l'\u00e9dition sp\u00e9ciale de\u00a0<a href=\"https:\/\/www.linkedin.com\/company\/neue-zurcher-zeitung\/\" target=\"_blank\" rel=\"noopener\">Neue Z\u00fcrcher Zeitung<\/a>\u00a0ainsi que\u00a0<a href=\"https:\/\/www.linkedin.com\/company\/swisseconomicforum\/\" target=\"_blank\" rel=\"noopener\">Forum \u00e9conomique suisse<\/a>Il souligne le fait que la co-cr\u00e9ation avec nos clients est la cl\u00e9 de notre succ\u00e8s.<\/p>\n<p><a href=\"https:\/\/issuu.com\/nzzcontentsolutions\/docs\/nzz_cc_vb_nzz_connect_06_2021_de\" target=\"_blank\" rel=\"noopener\">Lire l'article complet ici<\/a> (page 16)<\/div>","protected":false},"excerpt":{"rendered":"<p>Altoo a \u00e9t\u00e9 fi\u00e8re de participer en tant que \"SEF.Growth High Potential SME\" au Swiss Economic Forum 2021 et d'\u00eatre pr\u00e9sent\u00e9e par la NZZ.<\/p>","protected":false},"author":2,"featured_media":11055,"comment_status":"closed","ping_status":"closed","sticky":false,"template":"","format":"standard","meta":{"inline_featured_image":false,"cybocfi_hide_featured_image":"","two_page_speed":[],"footnotes":""},"categories":[184,86,73,85],"tags":[],"class_list":["post-3640","post","type-post","status-publish","format-standard","has-post-thumbnail","hentry","category-all-insights","category-explore-by-entity","category-explore-by-topic","category-switzerland"],"_links":{"self":[{"href":"https:\/\/altoo.io\/fr\/wp-json\/wp\/v2\/posts\/3640","targetHints":{"allow":["GET"]}}],"collection":[{"href":"https:\/\/altoo.io\/fr\/wp-json\/wp\/v2\/posts"}],"about":[{"href":"https:\/\/altoo.io\/fr\/wp-json\/wp\/v2\/types\/post"}],"author":[{"embeddable":true,"href":"https:\/\/altoo.io\/fr\/wp-json\/wp\/v2\/users\/2"}],"replies":[{"embeddable":true,"href":"https:\/\/altoo.io\/fr\/wp-json\/wp\/v2\/comments?post=3640"}],"version-history":[{"count":7,"href":"https:\/\/altoo.io\/fr\/wp-json\/wp\/v2\/posts\/3640\/revisions"}],"predecessor-version":[{"id":13667,"href":"https:\/\/altoo.io\/fr\/wp-json\/wp\/v2\/posts\/3640\/revisions\/13667"}],"wp:featuredmedia":[{"embeddable":true,"href":"https:\/\/altoo.io\/fr\/wp-json\/wp\/v2\/media\/11055"}],"wp:attachment":[{"href":"https:\/\/altoo.io\/fr\/wp-json\/wp\/v2\/media?parent=3640"}],"wp:term":[{"taxonomy":"category","embeddable":true,"href":"https:\/\/altoo.io\/fr\/wp-json\/wp\/v2\/categories?post=3640"},{"taxonomy":"post_tag","embeddable":true,"href":"https:\/\/altoo.io\/fr\/wp-json\/wp\/v2\/tags?post=3640"}],"curies":[{"name":"wp","href":"https:\/\/api.w.org\/{rel}","templated":true}]}}