{"id":28350,"date":"2023-12-06T10:00:46","date_gmt":"2023-12-06T09:00:46","guid":{"rendered":"https:\/\/altoo.io\/?p=28350"},"modified":"2023-12-05T17:45:26","modified_gmt":"2023-12-05T16:45:26","slug":"le-meam-hall-a-barcelone-une-celebration-de-lart-figuratif-contemporain","status":"publish","type":"post","link":"https:\/\/altoo.io\/fr\/the-meam-hall-in-barcelona-a-celebration-of-contemporary-figurative-art\/","title":{"rendered":"Le Hall du MEAM \u00e0 Barcelone :  Une C\u00e9l\u00e9bration de l'Art Figuratif Contemporain"},"content":{"rendered":"<div data-elementor-type=\"wp-post\" data-elementor-id=\"28350\" class=\"elementor elementor-28350\" data-elementor-post-type=\"post\">\n\t\t\t\t\t\t<section class=\"elementor-section elementor-top-section elementor-element elementor-element-04ecd66 elementor-section-boxed elementor-section-height-default elementor-section-height-default\" data-id=\"04ecd66\" data-element_type=\"section\" data-e-type=\"section\">\n\t\t\t\t\t\t<div class=\"elementor-container elementor-column-gap-default\">\n\t\t\t\t\t<div class=\"elementor-column elementor-col-100 elementor-top-column elementor-element elementor-element-c4a9007\" data-id=\"c4a9007\" data-element_type=\"column\" data-e-type=\"column\">\n\t\t\t<div class=\"elementor-widget-wrap elementor-element-populated\">\n\t\t\t\t\t\t<div class=\"elementor-element elementor-element-6a33289 elementor-widget elementor-widget-image\" data-id=\"6a33289\" data-element_type=\"widget\" data-e-type=\"widget\" data-widget_type=\"image.default\">\n\t\t\t\t<div class=\"elementor-widget-container\">\n\t\t\t\t\t\t\t\t\t\t\t\t\t\t\t<img fetchpriority=\"high\" decoding=\"async\" width=\"800\" height=\"461\" src=\"https:\/\/altoo.io\/live01\/wp-content\/uploads\/2023\/12\/Barcelona-02.jpg\" class=\"attachment-large size-large wp-image-28351\" alt=\"\" srcset=\"https:\/\/altoo.io\/live01\/wp-content\/uploads\/2023\/12\/Barcelona-02.jpg 800w, https:\/\/altoo.io\/live01\/wp-content\/uploads\/2023\/12\/Barcelona-02-300x173.jpg 300w, https:\/\/altoo.io\/live01\/wp-content\/uploads\/2023\/12\/Barcelona-02-768x443.jpg 768w, https:\/\/altoo.io\/live01\/wp-content\/uploads\/2023\/12\/Barcelona-02-18x10.jpg 18w, https:\/\/altoo.io\/live01\/wp-content\/uploads\/2023\/12\/Barcelona-02-600x346.jpg 600w\" sizes=\"(max-width: 800px) 100vw, 800px\" \/>\t\t\t\t\t\t\t\t\t\t\t\t\t\t\t<\/div>\n\t\t\t\t<\/div>\n\t\t\t\t<div class=\"elementor-element elementor-element-20d79cf elementor-widget elementor-widget-text-editor\" data-id=\"20d79cf\" data-element_type=\"widget\" data-e-type=\"widget\" data-widget_type=\"text-editor.default\">\n\t\t\t\t<div class=\"elementor-widget-container\">\n\t\t\t\t\t\t\t\t\t<h4><b>L'\u00e9volution du MEAM<\/b><\/h4><p><span style=\"font-weight: 400;\">Depuis son inauguration en juin 2011, le MEAM est devenu un centre prestigieux pour l'art figuratif contemporain, accueillant des expositions d'artistes nationaux et internationaux. Tout au long de son parcours, le mus\u00e9e a \u00e9volu\u00e9 et s'est \u00e9panoui, s'imposant comme une institution dynamique qui favorise des liens significatifs entre les artistes et le public. La r\u00e9ponse enthousiaste de milliers de visiteurs, associ\u00e9e \u00e0 une large couverture m\u00e9diatique, a consolid\u00e9 la position du MEAM comme l'une des attractions les plus populaires de Barcelone.<\/span><\/p><p>\u00a0<\/p><h4><b>Un concept d'exposition innovant<\/b><\/h4><p><span style=\"font-weight: 400;\">\"Le MEAM Hall est une exposition collective annuelle qui pr\u00e9sente le monde vari\u00e9 et dynamique de l'art figuratif contemporain. Pour cette quatri\u00e8me \u00e9dition, le MEAM a adopt\u00e9 une approche innovante en pr\u00e9sentant des \u0153uvres d'art dans un format r\u00e9duit, chaque pi\u00e8ce mesurant 20 x 20 centim\u00e8tres. Ce format intime permet aux visiteurs de s'int\u00e9resser aux d\u00e9tails et \u00e0 l'essence des 161 \u0153uvres d'art cr\u00e9\u00e9es par des artistes venus des quatre coins du monde.<\/span><\/p><p><span style=\"font-weight: 400;\">L'objectif premier de cette initiative est de fournir une plateforme aux collectionneurs, aux amateurs d'art et aux personnes int\u00e9ress\u00e9es par les \u0153uvres d'art originales, afin de leur permettre d'acc\u00e9der et d'appr\u00e9cier le travail des artistes figuratifs. Chaque \u0153uvre expos\u00e9e offre un aper\u00e7u de l'imagination et de la cr\u00e9ativit\u00e9 de ces artistes qui utilisent la figure humaine comme moyen d'exprimer des \u00e9motions, des concepts et des perspectives uniques.<\/span><\/p><p>\u00a0<\/p><h4><b>Explorer le monde de l'art figuratif contemporain<\/b><\/h4><p><span style=\"font-weight: 400;\">\"La salle du MEAM offre une occasion remarquable d'explorer la diversit\u00e9 et la richesse de l'art figuratif contemporain. En s'aventurant dans ce monde de couleurs, de formes et d'expression artistique, les visiteurs verront leurs sens captiv\u00e9s et leur curiosit\u00e9 piqu\u00e9e. L'exposition pr\u00e9sente un large \u00e9ventail de styles et d'approches, offrant une fen\u00eatre fascinante sur la mani\u00e8re dont les artistes repoussent les limites de l'art traditionnel et explorent de nouvelles possibilit\u00e9s de repr\u00e9sentation.<\/span><\/p><p><span style=\"font-weight: 400;\">Avec 61 peintures d'artistes internationaux, l'exposition offre un aper\u00e7u complet des tendances actuelles et pr\u00e9sente \u00e0 la fois des ma\u00eetres reconnus et des talents \u00e9mergents. De l'\u00e9cole r\u00e9aliste espagnole des ann\u00e9es 1970 et 1980 \u00e0 l'hyperr\u00e9alisme am\u00e9ricain, en passant par le nouveau r\u00e9alisme europ\u00e9en et le travail de jeunes artistes, \"The MEAM Hall\" offre une vue panoramique du mouvement de l'art figuratif.<\/span><\/p><p>\u00a0<\/p><h4><b>C\u00e9l\u00e9bration des artistes<\/b><\/h4><p><span style=\"font-weight: 400;\">\"La salle du MEAM pr\u00e9sente une s\u00e9lection impressionnante d'artistes qui ont contribu\u00e9 de mani\u00e8re significative \u00e0 l'art figuratif contemporain. L'exposition comprend des \u0153uvres in\u00e9dites du c\u00e9l\u00e8bre peintre espagnol Antonio L\u00f3pez, qui met en valeur sa polyvalence dans un format inhabituel. L'exposition pr\u00e9sente \u00e9galement des \u0153uvres d'autres artistes de premier plan tels que Gottfried Helnwein, connu pour ses portraits puissants et obs\u00e9dants inspir\u00e9s par les horreurs de l'Allemagne nazie, et Don Eddy, l'un des pionniers de l'hyperr\u00e9alisme nord-am\u00e9ricain dans les ann\u00e9es 1960.<\/span><\/p><p><span style=\"font-weight: 400;\">Miriam Escofet, peintre catalane install\u00e9e \u00e0 Londres et charg\u00e9e par le minist\u00e8re britannique des affaires \u00e9trang\u00e8res, du Commonwealth et du d\u00e9veloppement de r\u00e9aliser un portrait officiel de la reine \u00c9lisabeth II, met \u00e9galement son remarquable talent au service de l'exposition. Guillermo Lorca Garc\u00eda-Huidobro, figure de proue de la peinture figurative contemporaine en Am\u00e9rique du Sud, et Jeremy Mann, connu pour ses paysages urbains captivants qui m\u00e9langent habilement la lumi\u00e8re et l'obscurit\u00e9, figurent parmi les autres artistes remarquables pr\u00e9sent\u00e9s dans l'exposition.<\/span><\/p><p>\u00a0<\/p><h4><b>Un voyage immersif dans l'art figuratif contemporain<\/b><\/h4><p><span style=\"font-weight: 400;\">\"La salle du MEAM offre aux visiteurs une occasion unique de s'immerger dans le monde fascinant de l'art figuratif contemporain. Des diff\u00e9rentes approches de la capture de la figure humaine aux techniques et mat\u00e9riaux utilis\u00e9s, l'exposition offre un regard approfondi sur l'\u00e9volution du paysage de la peinture figurative au 21e si\u00e8cle.<\/span><\/p><p><span style=\"font-weight: 400;\">En parcourant l'exposition, les visiteurs d\u00e9couvriront des \u0153uvres qui remettent en question les conventions traditionnelles, explorent de nouvelles structures spatiales et utilisent des techniques innovantes. Les \u0153uvres d'art agissent comme un miroir de notre soci\u00e9t\u00e9, invitant les spectateurs \u00e0 r\u00e9fl\u00e9chir aux \u00e9motions, aux myst\u00e8res et aux r\u00e9alit\u00e9s de notre existence. Cette exp\u00e9rience immersive permet aux visiteurs de mieux appr\u00e9cier l'art et la cr\u00e9ativit\u00e9 des artistes figuratifs contemporains.<\/span><\/p>\t\t\t\t\t\t\t\t<\/div>\n\t\t\t\t<\/div>\n\t\t\t\t\t<\/div>\n\t\t<\/div>\n\t\t\t\t\t<\/div>\n\t\t<\/section>\n\t\t\t\t<\/div>","protected":false},"excerpt":{"rendered":"<p>L'art figuratif contemporain a connu une r\u00e9surgence remarquable ces derni\u00e8res ann\u00e9es, captivant les amateurs d'art et les collectionneurs. Le Mus\u00e9e europ\u00e9en d'art moderne (MEAM) de Barcelone a jou\u00e9 un r\u00f4le de premier plan dans la promotion de ce mouvement artistique, en exposant les \u0153uvres d'artistes figuratifs \u00e9mergents et de renomm\u00e9e internationale.<\/p>","protected":false},"author":13,"featured_media":28352,"comment_status":"closed","ping_status":"closed","sticky":false,"template":"","format":"standard","meta":{"inline_featured_image":false,"cybocfi_hide_featured_image":"","two_page_speed":[],"footnotes":""},"categories":[184,69,57],"tags":[884],"class_list":["post-28350","post","type-post","status-publish","format-standard","has-post-thumbnail","hentry","category-all-insights","category-art-and-culture","category-lifestyle","tag-meam-hall"],"_links":{"self":[{"href":"https:\/\/altoo.io\/fr\/wp-json\/wp\/v2\/posts\/28350","targetHints":{"allow":["GET"]}}],"collection":[{"href":"https:\/\/altoo.io\/fr\/wp-json\/wp\/v2\/posts"}],"about":[{"href":"https:\/\/altoo.io\/fr\/wp-json\/wp\/v2\/types\/post"}],"author":[{"embeddable":true,"href":"https:\/\/altoo.io\/fr\/wp-json\/wp\/v2\/users\/13"}],"replies":[{"embeddable":true,"href":"https:\/\/altoo.io\/fr\/wp-json\/wp\/v2\/comments?post=28350"}],"version-history":[{"count":11,"href":"https:\/\/altoo.io\/fr\/wp-json\/wp\/v2\/posts\/28350\/revisions"}],"predecessor-version":[{"id":28400,"href":"https:\/\/altoo.io\/fr\/wp-json\/wp\/v2\/posts\/28350\/revisions\/28400"}],"wp:featuredmedia":[{"embeddable":true,"href":"https:\/\/altoo.io\/fr\/wp-json\/wp\/v2\/media\/28352"}],"wp:attachment":[{"href":"https:\/\/altoo.io\/fr\/wp-json\/wp\/v2\/media?parent=28350"}],"wp:term":[{"taxonomy":"category","embeddable":true,"href":"https:\/\/altoo.io\/fr\/wp-json\/wp\/v2\/categories?post=28350"},{"taxonomy":"post_tag","embeddable":true,"href":"https:\/\/altoo.io\/fr\/wp-json\/wp\/v2\/tags?post=28350"}],"curies":[{"name":"wp","href":"https:\/\/api.w.org\/{rel}","templated":true}]}}