{"id":28273,"date":"2023-12-05T10:00:53","date_gmt":"2023-12-05T09:00:53","guid":{"rendered":"https:\/\/altoo.io\/?p=28273"},"modified":"2023-12-05T08:24:59","modified_gmt":"2023-12-05T07:24:59","slug":"forces-et-faiblesses-de-leconomie-des-pays-bas","status":"publish","type":"post","link":"https:\/\/altoo.io\/fr\/strengths-and-weaknesses-of-the-netherlands-economy\/","title":{"rendered":"Forces et Faiblesses de l'Economie N\u00e9erlandaise"},"content":{"rendered":"<div data-elementor-type=\"wp-post\" data-elementor-id=\"28273\" class=\"elementor elementor-28273\" data-elementor-post-type=\"post\">\n\t\t\t\t\t\t<section class=\"elementor-section elementor-top-section elementor-element elementor-element-5ba6c3a elementor-section-boxed elementor-section-height-default elementor-section-height-default\" data-id=\"5ba6c3a\" data-element_type=\"section\" data-e-type=\"section\">\n\t\t\t\t\t\t<div class=\"elementor-container elementor-column-gap-default\">\n\t\t\t\t\t<div class=\"elementor-column elementor-col-100 elementor-top-column elementor-element elementor-element-aae0889\" data-id=\"aae0889\" data-element_type=\"column\" data-e-type=\"column\">\n\t\t\t<div class=\"elementor-widget-wrap elementor-element-populated\">\n\t\t\t\t\t\t<div class=\"elementor-element elementor-element-a1f169e elementor-widget elementor-widget-text-editor\" data-id=\"a1f169e\" data-element_type=\"widget\" data-e-type=\"widget\" data-widget_type=\"text-editor.default\">\n\t\t\t\t<div class=\"elementor-widget-container\">\n\t\t\t\t\t\t\t\t\t<p><span style=\"font-weight: 400;\">Situ\u00e9s au nord-ouest de l'Europe, avec des territoires d'outre-mer (les \u00eeles de Bonaire, Saint-Eustache et Saba) dans les Cara\u00efbes, les Pays-Bas sont une monarchie constitutionnelle parlementaire, le Royaume des Pays-Bas.<\/span><\/p><p><span style=\"font-weight: 400;\">Comme le montre le rapport annuel du Forum \u00e9conomique mondial sur la comp\u00e9titivit\u00e9 des pays, les Pays-Bas disposent d'infrastructures physiques tr\u00e8s d\u00e9velopp\u00e9es et se classent en deuxi\u00e8me position, juste apr\u00e8s la Suisse, dans la cat\u00e9gorie des infrastructures. L'indice du mieux-vivre de l'OCDE montre que les Pays-Bas occupent 7<\/span><span style=\"font-weight: 400;\">eme<\/span><span style=\"font-weight: 400;\"> dans le classement des niveaux de vie les plus \u00e9lev\u00e9s au monde, une place apr\u00e8s la Suisse (la Norv\u00e8ge est en t\u00eate du classement).<\/span><\/p><p><span style=\"font-weight: 400;\">Avec une population de 17,9 millions d'habitants, vivant sur une superficie totale de 41 850 km\u00b2, l'Union europ\u00e9enne est l'un des plus grands pays d'Europe.<\/span><span style=\"font-weight: 400;\">2<\/span><span style=\"font-weight: 400;\">-dont la superficie est de 33 500 km<\/span><span style=\"font-weight: 400;\">2<\/span><span style=\"font-weight: 400;\">-les Pays-Bas sont le 16<\/span><span style=\"font-weight: 400;\">eme<\/span><span style=\"font-weight: 400;\"> pays le plus dens\u00e9ment peupl\u00e9, avec une densit\u00e9 de 535 personnes par km<\/span><span style=\"font-weight: 400;\">2<\/span><span style=\"font-weight: 400;\">.\u00a0<\/span><\/p>\t\t\t\t\t\t\t\t<\/div>\n\t\t\t\t<\/div>\n\t\t\t\t\t<\/div>\n\t\t<\/div>\n\t\t\t\t\t<\/div>\n\t\t<\/section>\n\t\t\t\t<section class=\"elementor-section elementor-top-section elementor-element elementor-element-07d8e96 elementor-section-boxed elementor-section-height-default elementor-section-height-default\" data-id=\"07d8e96\" data-element_type=\"section\" data-e-type=\"section\">\n\t\t\t\t\t\t<div class=\"elementor-container elementor-column-gap-default\">\n\t\t\t\t\t<div class=\"elementor-column elementor-col-50 elementor-top-column elementor-element elementor-element-33e63d2\" data-id=\"33e63d2\" data-element_type=\"column\" data-e-type=\"column\">\n\t\t\t<div class=\"elementor-widget-wrap elementor-element-populated\">\n\t\t\t\t\t\t<div class=\"elementor-element elementor-element-5a9b2a1 elementor-widget elementor-widget-image\" data-id=\"5a9b2a1\" data-element_type=\"widget\" data-e-type=\"widget\" data-widget_type=\"image.default\">\n\t\t\t\t<div class=\"elementor-widget-container\">\n\t\t\t\t\t\t\t\t\t\t\t\t\t\t\t<img fetchpriority=\"high\" decoding=\"async\" width=\"800\" height=\"720\" src=\"https:\/\/altoo.io\/live01\/wp-content\/uploads\/2023\/12\/netherland-map.jpg\" class=\"attachment-large size-large wp-image-28275\" alt=\"\" srcset=\"https:\/\/altoo.io\/live01\/wp-content\/uploads\/2023\/12\/netherland-map.jpg 800w, https:\/\/altoo.io\/live01\/wp-content\/uploads\/2023\/12\/netherland-map-300x270.jpg 300w, https:\/\/altoo.io\/live01\/wp-content\/uploads\/2023\/12\/netherland-map-768x691.jpg 768w, https:\/\/altoo.io\/live01\/wp-content\/uploads\/2023\/12\/netherland-map-13x12.jpg 13w, https:\/\/altoo.io\/live01\/wp-content\/uploads\/2023\/12\/netherland-map-600x540.jpg 600w\" sizes=\"(max-width: 800px) 100vw, 800px\" \/>\t\t\t\t\t\t\t\t\t\t\t\t\t\t\t<\/div>\n\t\t\t\t<\/div>\n\t\t\t\t\t<\/div>\n\t\t<\/div>\n\t\t\t\t<div class=\"elementor-column elementor-col-50 elementor-top-column elementor-element elementor-element-ff7d460\" data-id=\"ff7d460\" data-element_type=\"column\" data-e-type=\"column\">\n\t\t\t<div class=\"elementor-widget-wrap elementor-element-populated\">\n\t\t\t\t\t\t<div class=\"elementor-element elementor-element-0cbac88 elementor-widget elementor-widget-image\" data-id=\"0cbac88\" data-element_type=\"widget\" data-e-type=\"widget\" data-widget_type=\"image.default\">\n\t\t\t\t<div class=\"elementor-widget-container\">\n\t\t\t\t\t\t\t\t\t\t\t\t\t\t\t<img decoding=\"async\" width=\"800\" height=\"992\" src=\"https:\/\/altoo.io\/live01\/wp-content\/uploads\/2023\/12\/netherland-map-1.jpg\" class=\"attachment-large size-large wp-image-28274\" alt=\"\" srcset=\"https:\/\/altoo.io\/live01\/wp-content\/uploads\/2023\/12\/netherland-map-1.jpg 800w, https:\/\/altoo.io\/live01\/wp-content\/uploads\/2023\/12\/netherland-map-1-242x300.jpg 242w, https:\/\/altoo.io\/live01\/wp-content\/uploads\/2023\/12\/netherland-map-1-768x952.jpg 768w, https:\/\/altoo.io\/live01\/wp-content\/uploads\/2023\/12\/netherland-map-1-10x12.jpg 10w, https:\/\/altoo.io\/live01\/wp-content\/uploads\/2023\/12\/netherland-map-1-484x600.jpg 484w\" sizes=\"(max-width: 800px) 100vw, 800px\" \/>\t\t\t\t\t\t\t\t\t\t\t\t\t\t\t<\/div>\n\t\t\t\t<\/div>\n\t\t\t\t\t<\/div>\n\t\t<\/div>\n\t\t\t\t\t<\/div>\n\t\t<\/section>\n\t\t\t\t<section class=\"elementor-section elementor-top-section elementor-element elementor-element-bdf0088 elementor-section-boxed elementor-section-height-default elementor-section-height-default\" data-id=\"bdf0088\" data-element_type=\"section\" data-e-type=\"section\">\n\t\t\t\t\t\t<div class=\"elementor-container elementor-column-gap-default\">\n\t\t\t\t\t<div class=\"elementor-column elementor-col-100 elementor-top-column elementor-element elementor-element-13ac633\" data-id=\"13ac633\" data-element_type=\"column\" data-e-type=\"column\">\n\t\t\t<div class=\"elementor-widget-wrap elementor-element-populated\">\n\t\t\t\t\t\t<div class=\"elementor-element elementor-element-1048bf8 elementor-widget elementor-widget-text-editor\" data-id=\"1048bf8\" data-element_type=\"widget\" data-e-type=\"widget\" data-widget_type=\"text-editor.default\">\n\t\t\t\t<div class=\"elementor-widget-container\">\n\t\t\t\t\t\t\t\t\t<h4><b>Forte num\u00e9risation<\/b><\/h4><p><span style=\"font-weight: 400;\">Les Pays-Bas sont membres de l'UE, ce qui signifie que le pays est expos\u00e9 \u00e0 l'\u00e9conomie europ\u00e9enne. Les recettes d'exportation n\u00e9erlandaises repr\u00e9sentaient 31% du PIB en 2020 ; 13% des exportations \u00e9taient des r\u00e9exportations. La forte exposition aux prix europ\u00e9ens du gaz entra\u00eene une plus grande volatilit\u00e9 de l'inflation lorsque les prix du gaz baissent ou augmentent (le gaz repr\u00e9sente 38% de la consommation totale d'\u00e9nergie ; 71% des r\u00e9sidents n\u00e9erlandais chauffent leur maison au gaz).<\/span><\/p><p><span style=\"font-weight: 400;\">L'\u00e9tat de la num\u00e9risation en 2023 pr\u00e9sente des chiffres respectables. Selon datareportal.com, une \u00e9tude exhaustive de toutes les derni\u00e8res tendances en mati\u00e8re de num\u00e9risation, les Pays-Bas comptaient 16,8 millions d'utilisateurs d'Internet. Le taux de p\u00e9n\u00e9tration \u00e9tait donc de 95,5%. Ensuite, le pays comptait 15,5 millions d'utilisateurs de m\u00e9dias sociaux, soit 88,1% de la population totale. Enfin, un total de 22,12 millions de connexions mobiles cellulaires \u00e9taient actives aux Pays-Bas au d\u00e9but de 2023, ce chiffre \u00e9quivalant \u00e0 125,7% de la population totale.\u00a0<\/span><\/p><p>\u00a0<\/p><h4><b>Vert faible Transition<\/b><\/h4><p><span style=\"font-weight: 400;\">Parmi les faiblesses du pays figurent le niveau d'endettement tr\u00e8s \u00e9lev\u00e9 des m\u00e9nages priv\u00e9s (223% du revenu disponible en 2021) et le vieillissement de la population, qui met le syst\u00e8me de retraite sous pression. L'\u00c9tude \u00e9conomique de l'OCDE pour 2023 indique que <\/span><b>s<\/b><span style=\"font-weight: 400;\">a croissance durable appelle \u00e0 une plus grande ind\u00e9pendance vis-\u00e0-vis des combustibles fossiles et \u00e0 la progression de la transition verte. \"Les Pays-Bas ne devraient pas atteindre leur objectif national de r\u00e9duction des \u00e9missions de gaz \u00e0 effet de serre pour 2030. Pour atteindre des r\u00e9ductions d'\u00e9missions de 55% par rapport aux niveaux de 1990, le gouvernement se concentre sur des r\u00e9ductions plus importantes dans tous les secteurs, en particulier dans les secteurs de l'\u00e9lectricit\u00e9 et de l'industrie, gr\u00e2ce \u00e0 une plus grande utilisation des \u00e9nergies renouvelables. La recherche fondamentale pour le d\u00e9veloppement d'innovations vertes n'est pas explicitement cibl\u00e9e par le financement gouvernemental. Il n'existe pas de strat\u00e9gie politique globale au-del\u00e0 de 2030, ce qui risque d'entra\u00eener un compromis entre les gains \u00e0 court terme jusqu'en 2030 et l'efficacit\u00e9 \u00e0 long terme\", indique l'\u00e9tude.\u00a0<\/span><\/p><p>\u00a0<\/p><h4><b>Libert\u00e9 \u00e9conomique et corruption z\u00e9ro<\/b><\/h4><p><span style=\"font-weight: 400;\">La Suisse et les Pays-Bas disposent g\u00e9n\u00e9ralement de syst\u00e8mes de protection sociale plus complets, y compris des soins de sant\u00e9 universels et des droits des travailleurs solides. La libert\u00e9 \u00e9conomique dans les deux pays est tr\u00e8s \u00e9lev\u00e9e. Selon l'indice de libert\u00e9 \u00e9conomique 2023, le score de libert\u00e9 \u00e9conomique de la Suisse est de 83,8, ce qui fait de son \u00e9conomie la deuxi\u00e8me plus libre du monde. Les Pays-Bas occupent la 8e place.<\/span><\/p><p><span style=\"font-weight: 400;\">L'\u00e9conomie n\u00e9erlandaise b\u00e9n\u00e9ficie de l'importance traditionnellement accord\u00e9e \u00e0 l'\u00c9tat de droit et d'un cadre juridique efficace. Le syst\u00e8me judiciaire ind\u00e9pendant et exempt de corruption assure une forte protection des droits de propri\u00e9t\u00e9. L'ouverture au commerce mondial et aux investissements est bien \u00e9tablie, et l'environnement r\u00e9glementaire et entrepreneurial global reste transparent et efficace.<\/span><\/p>\t\t\t\t\t\t\t\t<\/div>\n\t\t\t\t<\/div>\n\t\t\t\t\t<\/div>\n\t\t<\/div>\n\t\t\t\t\t<\/div>\n\t\t<\/section>\n\t\t\t\t<\/div>","protected":false},"excerpt":{"rendered":"<p>Le port de Rotterdam, aux Pays-Bas, est le plus grand port d'Europe et le dixi\u00e8me du monde. Une logistique tr\u00e8s comp\u00e9titive et des conditions politiques stables favorisent la libert\u00e9 d'entreprise. Les entreprises internationales locales travaillent avec un r\u00e9seau dense de PME. Bienvenue aux Pays-Bas, un pays plat dot\u00e9 d'une vaste infrastructure cyclable et d'un niveau \u00e9lev\u00e9 de num\u00e9risation.<\/p>","protected":false},"author":13,"featured_media":28276,"comment_status":"closed","ping_status":"closed","sticky":false,"template":"","format":"standard","meta":{"inline_featured_image":false,"cybocfi_hide_featured_image":"","two_page_speed":[],"footnotes":""},"categories":[184,62,55],"tags":[879],"class_list":["post-28273","post","type-post","status-publish","format-standard","has-post-thumbnail","hentry","category-all-insights","category-analysis","category-economic-outlook","tag-netherlands-economy"],"_links":{"self":[{"href":"https:\/\/altoo.io\/fr\/wp-json\/wp\/v2\/posts\/28273","targetHints":{"allow":["GET"]}}],"collection":[{"href":"https:\/\/altoo.io\/fr\/wp-json\/wp\/v2\/posts"}],"about":[{"href":"https:\/\/altoo.io\/fr\/wp-json\/wp\/v2\/types\/post"}],"author":[{"embeddable":true,"href":"https:\/\/altoo.io\/fr\/wp-json\/wp\/v2\/users\/13"}],"replies":[{"embeddable":true,"href":"https:\/\/altoo.io\/fr\/wp-json\/wp\/v2\/comments?post=28273"}],"version-history":[{"count":6,"href":"https:\/\/altoo.io\/fr\/wp-json\/wp\/v2\/posts\/28273\/revisions"}],"predecessor-version":[{"id":28340,"href":"https:\/\/altoo.io\/fr\/wp-json\/wp\/v2\/posts\/28273\/revisions\/28340"}],"wp:featuredmedia":[{"embeddable":true,"href":"https:\/\/altoo.io\/fr\/wp-json\/wp\/v2\/media\/28276"}],"wp:attachment":[{"href":"https:\/\/altoo.io\/fr\/wp-json\/wp\/v2\/media?parent=28273"}],"wp:term":[{"taxonomy":"category","embeddable":true,"href":"https:\/\/altoo.io\/fr\/wp-json\/wp\/v2\/categories?post=28273"},{"taxonomy":"post_tag","embeddable":true,"href":"https:\/\/altoo.io\/fr\/wp-json\/wp\/v2\/tags?post=28273"}],"curies":[{"name":"wp","href":"https:\/\/api.w.org\/{rel}","templated":true}]}}