{"id":27150,"date":"2023-11-15T10:00:56","date_gmt":"2023-11-15T09:00:56","guid":{"rendered":"https:\/\/altoo.io\/?p=27150"},"modified":"2023-11-14T10:16:19","modified_gmt":"2023-11-14T09:16:19","slug":"artissima-turin-premiere-foire-dart-contemporain-ditalie","status":"publish","type":"post","link":"https:\/\/altoo.io\/fr\/artissima-turin-italys-premier-contemporary-art-fair\/","title":{"rendered":"Artissima Turin : la Premi\u00e8re Foire d'Art Contemporain d'Italie"},"content":{"rendered":"<div data-elementor-type=\"wp-post\" data-elementor-id=\"27150\" class=\"elementor elementor-27150\" data-elementor-post-type=\"post\">\n\t\t\t\t\t\t<section class=\"elementor-section elementor-top-section elementor-element elementor-element-d4da347 elementor-section-boxed elementor-section-height-default elementor-section-height-default\" data-id=\"d4da347\" data-element_type=\"section\" data-e-type=\"section\">\n\t\t\t\t\t\t<div class=\"elementor-container elementor-column-gap-default\">\n\t\t\t\t\t<div class=\"elementor-column elementor-col-100 elementor-top-column elementor-element elementor-element-005b91a\" data-id=\"005b91a\" data-element_type=\"column\" data-e-type=\"column\">\n\t\t\t<div class=\"elementor-widget-wrap elementor-element-populated\">\n\t\t\t\t\t\t<div class=\"elementor-element elementor-element-01d448d elementor-widget elementor-widget-image\" data-id=\"01d448d\" data-element_type=\"widget\" data-e-type=\"widget\" data-widget_type=\"image.default\">\n\t\t\t\t<div class=\"elementor-widget-container\">\n\t\t\t\t\t\t\t\t\t\t\t\t\t\t\t<img fetchpriority=\"high\" decoding=\"async\" width=\"800\" height=\"532\" src=\"https:\/\/altoo.io\/live01\/wp-content\/uploads\/2023\/11\/artissima-1.jpg\" class=\"attachment-large size-large wp-image-27151\" alt=\"\" srcset=\"https:\/\/altoo.io\/live01\/wp-content\/uploads\/2023\/11\/artissima-1.jpg 800w, https:\/\/altoo.io\/live01\/wp-content\/uploads\/2023\/11\/artissima-1-300x200.jpg 300w, https:\/\/altoo.io\/live01\/wp-content\/uploads\/2023\/11\/artissima-1-768x511.jpg 768w, https:\/\/altoo.io\/live01\/wp-content\/uploads\/2023\/11\/artissima-1-18x12.jpg 18w, https:\/\/altoo.io\/live01\/wp-content\/uploads\/2023\/11\/artissima-1-600x399.jpg 600w\" sizes=\"(max-width: 800px) 100vw, 800px\" \/>\t\t\t\t\t\t\t\t\t\t\t\t\t\t\t<\/div>\n\t\t\t\t<\/div>\n\t\t\t\t<div class=\"elementor-element elementor-element-0794af3 elementor-widget elementor-widget-text-editor\" data-id=\"0794af3\" data-element_type=\"widget\" data-e-type=\"widget\" data-widget_type=\"text-editor.default\">\n\t\t\t\t<div class=\"elementor-widget-container\">\n\t\t\t\t\t\t\t\t\t<h4><b>La foire aux conservateurs : C\u00e9l\u00e9brer l'exposition institutionnelle<\/b><\/h4><p><span style=\"font-weight: 400;\">Surnomm\u00e9e la \"foire des conservateurs\", Artissima a acquis la r\u00e9putation d'\u00eatre un guichet unique pour l'exposition institutionnelle. M\u00eame si les ventes sensationnelles ne sont pas l'objectif premier des exposants, la foire offre une occasion unique d'entrer en contact avec des conservateurs exigeants de toute l'Europe. Artissima va au-del\u00e0 d'un simple espace d'exposition. La foire implique activement les conservateurs des principales institutions europ\u00e9ennes en les invitant \u00e0 pr\u00e9sider les jurys des diff\u00e9rents prix et \u00e0 organiser certaines parties du programme. Cette approche curative garantit que la participation des mus\u00e9es n'est pas laiss\u00e9e au hasard et offre une exposition pr\u00e9cieuse aux artistes.<\/span><\/p><p><span style=\"font-weight: 400;\">\u00a0<\/span><\/p><h4><b>Des frais de participation abordables et des galeries qui prennent des risques<\/b><\/h4><p><span style=\"font-weight: 400;\">L'une des caract\u00e9ristiques d'Artissima est que les frais de participation sont relativement accessibles. Propri\u00e9t\u00e9 de la fondation publique Fondazione Torino Musei, la foire offre aux galeries la possibilit\u00e9 de prendre des risques et de pr\u00e9senter des \u0153uvres non conventionnelles. Ce soutien \u00e0 la prise de risque favorise un environnement d'exp\u00e9rimentation et d'innovation artistiques. Les galeries peuvent se concentrer sur la pr\u00e9sentation de leurs artistes \u00e0 un public averti, sans \u00eatre soumises \u00e0 la pression de ventes imm\u00e9diates.<\/span><\/p><p><span style=\"font-weight: 400;\">\u00a0<\/span><\/p><h4><b>La Fondazione Arte CRT : soutenir les initiatives artistiques<\/b><\/h4><p><span style=\"font-weight: 400;\">La Fondazione Arte CRT, l'un des principaux soutiens d'Artissima, joue un r\u00f4le crucial dans le renforcement de l'impact de la foire. La Fondation alloue des fonds importants pour des \"pr\u00eats \u00e0 long terme\" \u00e0 des institutions prestigieuses telles que le Castello di Rivoli et la Galleria Civica di Arte Moderna (GAM). Le r\u00e9cent renouvellement du Conseil d'administration de la Fondation, qui comprend d\u00e9sormais des personnalit\u00e9s internationales telles que Hans Ulrich Obrist et Suhanya Raffel, renforce encore la port\u00e9e et l'influence internationales d'Artissima.<\/span><\/p><p>\u00a0<\/p><p><img decoding=\"async\" class=\"alignnone size-full wp-image-27152\" src=\"https:\/\/altoo.io\/live01\/wp-content\/uploads\/2023\/11\/artissima-2.jpg\" alt=\"\" width=\"800\" height=\"532\" srcset=\"https:\/\/altoo.io\/live01\/wp-content\/uploads\/2023\/11\/artissima-2.jpg 800w, https:\/\/altoo.io\/live01\/wp-content\/uploads\/2023\/11\/artissima-2-300x200.jpg 300w, https:\/\/altoo.io\/live01\/wp-content\/uploads\/2023\/11\/artissima-2-768x511.jpg 768w, https:\/\/altoo.io\/live01\/wp-content\/uploads\/2023\/11\/artissima-2-18x12.jpg 18w, https:\/\/altoo.io\/live01\/wp-content\/uploads\/2023\/11\/artissima-2-600x399.jpg 600w\" sizes=\"(max-width: 800px) 100vw, 800px\" \/><\/p><h4><b>Galeries d'exposition : Un programme diversifi\u00e9 et passionnant<\/b><\/h4><p><span style=\"font-weight: 400;\">Artissima 2023 a pr\u00e9sent\u00e9 une s\u00e9lection vari\u00e9e de 181 galeries italiennes et internationales, dont 39 faisaient leurs d\u00e9buts \u00e0 la foire. Ces galeries repr\u00e9sentaient un large \u00e9ventail de pratiques artistiques, pr\u00e9sentant des \u0153uvres d'artistes \u00e9mergents et \u00e9tablis. Parmi les premiers participants, la galerie milanaise L.U.P.O. a connu un grand succ\u00e8s, son fondateur Massimiliano Lorenzelli d\u00e9clarant que son stand s'est vendu en quelques heures. La sc\u00e8ne artistique dynamique de Turin continue d'attirer les galeries et les collectionneurs.<\/span><\/p><p><span style=\"font-weight: 400;\">\u00a0<\/span><\/p><h4><b>Th\u00e8me et points forts d'Artissima 2023<\/b><\/h4><p><span style=\"font-weight: 400;\">Le th\u00e8me d'Artissima 2023, \"Relations of Care\", refl\u00e8te l'engagement de la foire \u00e0 aborder les probl\u00e8mes mondiaux urgents. Ce th\u00e8me souligne l'importance de la protection de l'environnement et de toutes les esp\u00e8ces, en s'inspirant du travail de l'anthropologue br\u00e9silien Renzo Taddei. En cette p\u00e9riode de tensions et de divisions mondiales, Artissima vise \u00e0 promouvoir l'id\u00e9e de placer l'attention au premier plan de nos vies, en encourageant un sens de la responsabilit\u00e9 et de l'empathie.\u00a0<\/span><\/p><p><span style=\"font-weight: 400;\">Artissima 2023 a connu de nombreux temps forts et d'importantes acquisitions. Des galeries telles que Mor Charpentier et Sies + H\u00f6ke ont pr\u00e9sent\u00e9 des \u0153uvres exceptionnelles qui ont attir\u00e9 l'attention des collectionneurs et des conservateurs. La Fondazione Arte CRT a \u00e9galement fait des acquisitions notables, notamment des \u0153uvres de Marwa Arsanios et de Steffani Jemisson. Ces acquisitions contribuent non seulement \u00e0 l'enrichissement des collections institutionnelles, mais soutiennent \u00e9galement les artistes dans leur parcours artistique.<\/span><\/p>\t\t\t\t\t\t\t\t<\/div>\n\t\t\t\t<\/div>\n\t\t\t\t\t<\/div>\n\t\t<\/div>\n\t\t\t\t\t<\/div>\n\t\t<\/section>\n\t\t\t\t<\/div>","protected":false},"excerpt":{"rendered":"<p>Artissima Turin, la plus prestigieuse foire d'art contemporain d'Italie, a c\u00e9l\u00e9br\u00e9 sa 30e \u00e9dition avec beaucoup d'anticipation et d'enthousiasme. Du 3 au 5 novembre, la ville de Turin a accueilli les amateurs d'art, les collectionneurs et les professionnels de l'industrie pour explorer le monde vibrant de l'art contemporain. Gr\u00e2ce \u00e0 sa riche histoire et \u00e0 son engagement \u00e0 pr\u00e9senter des pratiques artistiques de pointe, Artissima s'est impos\u00e9e comme un \u00e9v\u00e9nement incontournable pour les collectionneurs d'art chevronn\u00e9s comme pour les artistes \u00e9mergents.<\/p>","protected":false},"author":13,"featured_media":27153,"comment_status":"closed","ping_status":"closed","sticky":false,"template":"","format":"standard","meta":{"inline_featured_image":false,"cybocfi_hide_featured_image":"","two_page_speed":[],"footnotes":""},"categories":[184,69,57],"tags":[823],"class_list":["post-27150","post","type-post","status-publish","format-standard","has-post-thumbnail","hentry","category-all-insights","category-art-and-culture","category-lifestyle","tag-artissima-turin"],"_links":{"self":[{"href":"https:\/\/altoo.io\/fr\/wp-json\/wp\/v2\/posts\/27150","targetHints":{"allow":["GET"]}}],"collection":[{"href":"https:\/\/altoo.io\/fr\/wp-json\/wp\/v2\/posts"}],"about":[{"href":"https:\/\/altoo.io\/fr\/wp-json\/wp\/v2\/types\/post"}],"author":[{"embeddable":true,"href":"https:\/\/altoo.io\/fr\/wp-json\/wp\/v2\/users\/13"}],"replies":[{"embeddable":true,"href":"https:\/\/altoo.io\/fr\/wp-json\/wp\/v2\/comments?post=27150"}],"version-history":[{"count":7,"href":"https:\/\/altoo.io\/fr\/wp-json\/wp\/v2\/posts\/27150\/revisions"}],"predecessor-version":[{"id":27236,"href":"https:\/\/altoo.io\/fr\/wp-json\/wp\/v2\/posts\/27150\/revisions\/27236"}],"wp:featuredmedia":[{"embeddable":true,"href":"https:\/\/altoo.io\/fr\/wp-json\/wp\/v2\/media\/27153"}],"wp:attachment":[{"href":"https:\/\/altoo.io\/fr\/wp-json\/wp\/v2\/media?parent=27150"}],"wp:term":[{"taxonomy":"category","embeddable":true,"href":"https:\/\/altoo.io\/fr\/wp-json\/wp\/v2\/categories?post=27150"},{"taxonomy":"post_tag","embeddable":true,"href":"https:\/\/altoo.io\/fr\/wp-json\/wp\/v2\/tags?post=27150"}],"curies":[{"name":"wp","href":"https:\/\/api.w.org\/{rel}","templated":true}]}}