{"id":25485,"date":"2023-10-23T10:00:23","date_gmt":"2023-10-23T08:00:23","guid":{"rendered":"https:\/\/altoo.io\/?p=25485"},"modified":"2023-10-22T11:13:21","modified_gmt":"2023-10-22T09:13:21","slug":"elegance-artistique-a-zurich","status":"publish","type":"post","link":"https:\/\/altoo.io\/fr\/artistic-elegance-in-zurich\/","title":{"rendered":"\u00c9l\u00e9gance Artistique \u00e0 Zurich"},"content":{"rendered":"<div data-elementor-type=\"wp-post\" data-elementor-id=\"25485\" class=\"elementor elementor-25485\" data-elementor-post-type=\"post\">\n\t\t\t\t\t\t<section class=\"elementor-section elementor-top-section elementor-element elementor-element-1a3c01b elementor-section-boxed elementor-section-height-default elementor-section-height-default\" data-id=\"1a3c01b\" data-element_type=\"section\" data-e-type=\"section\">\n\t\t\t\t\t\t<div class=\"elementor-container elementor-column-gap-default\">\n\t\t\t\t\t<div class=\"elementor-column elementor-col-100 elementor-top-column elementor-element elementor-element-f00c8f8\" data-id=\"f00c8f8\" data-element_type=\"column\" data-e-type=\"column\">\n\t\t\t<div class=\"elementor-widget-wrap elementor-element-populated\">\n\t\t\t\t\t\t<div class=\"elementor-element elementor-element-35a8074 elementor-widget elementor-widget-text-editor\" data-id=\"35a8074\" data-element_type=\"widget\" data-e-type=\"widget\" data-widget_type=\"text-editor.default\">\n\t\t\t\t<div class=\"elementor-widget-container\">\n\t\t\t\t\t\t\t\t\t<p><span style=\"font-weight: 400;\">Lorsque l'on p\u00e9n\u00e8tre en son c\u0153ur, on d\u00e9couvre une pl\u00e9thore d'\u00e9v\u00e9nements priv\u00e9s et de visites de galeries d'art, tous plus s\u00e9duisants les uns que les autres. Zurich promet un voyage d'exploration, de raffinement et de luxe in\u00e9gal\u00e9 \u00e0 ses invit\u00e9s les plus raffin\u00e9s, des couloirs silencieux qui font \u00e9cho aux histoires du temps aux grandes soir\u00e9es qui \u00e9tablissent l'\u00e9talon-or de la magnificence. C\u0153ur battant de la culture et du luxe suisses, la ville accueille un \u00e9ventail d'\u00e9v\u00e9nements qui ne sont rien moins que luxueux.<\/span><\/p><p>\u00a0<\/p><h4><b>Le Festival du film de Zurich : plus que des films<\/b><\/h4><p><span style=\"font-weight: 400;\">Pour les cin\u00e9philes et les initi\u00e9s de l'industrie, le <\/span><b>Festival du film de Zurich<\/b><span style=\"font-weight: 400;\"> (ZFF) est un \u00e9v\u00e9nement attendu. Chaque automne, il sert de sc\u00e8ne \u00e0 certains des cin\u00e9astes les plus prometteurs du monde entier.<\/span><\/p><p><span style=\"font-weight: 400;\">Dans la section \"Gala Premieres\", des premi\u00e8res de films tr\u00e8s attendus, r\u00e9alis\u00e9s par des cin\u00e9astes confirm\u00e9s, sont c\u00e9l\u00e9br\u00e9es chaque soir, la plupart du temps en pr\u00e9sence du r\u00e9alisateur et des acteurs, avec des longs m\u00e9trages et des productions documentaires plus importantes. Les films sont pr\u00e9sent\u00e9s en premi\u00e8re mondiale, europ\u00e9enne, germanophone ou suisse. Les \"S\u00e9ances sp\u00e9ciales\" comprennent une s\u00e9lection de succ\u00e8s uniques du festival et de tout nouveaux films de fiction et documentaires, qu'ils soient artistiques, exp\u00e9rimentaux ou inspir\u00e9s de la vie. Enfin, la section \"Hashtag\" est consacr\u00e9e aux films qui traitent de sujets d'actualit\u00e9 et de th\u00e8mes qui dominent les conversations dans le monde entier.<\/span><\/p><p><span style=\"font-weight: 400;\">Avec plus de 130 000 entr\u00e9es, le ZFF est aujourd'hui le deuxi\u00e8me plus grand festival du film dans le monde germanophone. Il a \u00e9t\u00e9 class\u00e9 par le Guardian parmi les 10 festivals de cin\u00e9ma europ\u00e9ens les plus cool.<\/span><\/p><p><span style=\"font-weight: 400;\">L'acc\u00e8s VIP au ZFF permet d'assister \u00e0 des projections exclusives en avant-premi\u00e8re, c'est-\u00e0-dire de voir des films avant leur sortie officielle, puis de b\u00e9n\u00e9ficier de services de conciergerie personnalis\u00e9s tels que des horaires sur mesure, des transferts priv\u00e9s et des r\u00e9servations de places imm\u00e9diates, et enfin d'avoir la possibilit\u00e9 de c\u00f4toyer des c\u00e9l\u00e9brit\u00e9s internationales, des producteurs et des r\u00e9alisateurs lors d'\u00e9v\u00e9nements et de soir\u00e9es priv\u00e9s.<\/span><\/p><p>\u00a0<\/p><h4><b>La sc\u00e8ne artistique haut de gamme de Zurich<\/b><\/h4><p><a href=\"http:\/\/www.worldcitiescultureforum.com\/cities\/zurich\" target=\"_blank\" rel=\"noopener\"><span style=\"font-weight: 400;\">La r\u00e9putation de Zurich en tant que centre artistique mondial<\/span><\/a><span style=\"font-weight: 400;\"> est bien m\u00e9rit\u00e9e, gr\u00e2ce \u00e0 une combinaison d'artistes visionnaires, de collectionneurs avis\u00e9s et de galeristes d\u00e9vou\u00e9s.<\/span><\/p><p><span style=\"font-weight: 400;\">Son si\u00e8ge est \u00e0 Zurich, <\/span><b>Galerie Gmurzynska<\/b><span style=\"font-weight: 400;\"> est une galerie d'art commerciale r\u00e9put\u00e9e pour sa sp\u00e9cialisation dans l'art moderne et contemporain et les \u0153uvres de l'avant-garde russe. Elle est devenue un lieu populaire pour les collectionneurs internationaux \u00e0 la recherche d'\u0153uvres d'art russes interdites par le r\u00e9gime sovi\u00e9tique. <\/span><i><span style=\"font-weight: 400;\">Artnet,<\/span><\/i><span style=\"font-weight: 400;\">\u00a0est devenue la \"r\u00e9f\u00e9rence en mati\u00e8re d'art russe pour les collectionneurs internationaux\". Au fil des ans, elle a pr\u00e9sent\u00e9 des chefs-d'\u0153uvre d'artistes illustres tels que Pablo Picasso, Yves Klein ou Roberto Matta.<\/span><\/p><p><b>Hauser &amp; Wirth <\/b><span style=\"font-weight: 400;\">est une galerie r\u00e9put\u00e9e pour la diversit\u00e9 de sa collection, qui comprend des \u0153uvres d'artistes \u00e9mergents et \u00e9tablis, ainsi que d'importants chefs-d'\u0153uvre du XXe si\u00e8cle. La galerie est situ\u00e9e dans une ancienne brasserie de Zurich que l'architecte Annabelle Selldorf a transform\u00e9e en espace d'art contemporain tout en pr\u00e9servant son design industriel d'origine. Parmi les artistes et les successions repr\u00e9sent\u00e9s par la galerie, citons Mark Bradford, Roni Horn, Paul McCarthy, George Condo, Pipilotti Rist, Lorna Simpson, Avery Singer, Rashid Johnson, Stefan Br\u00fcggemann, Christina Quarles et les successions de Philip Guston, Louise Bourgeois et Jack Whitten, pour ne citer qu'eux.<\/span><\/p><p>\u00a0<\/p><h4><b>La ville des ventes aux ench\u00e8res d'\u0153uvres d'art<\/b><\/h4><p><span style=\"font-weight: 400;\">Des ventes aux ench\u00e8res de haut niveau qui attirent des membres de l'\u00e9lite mondiale mettent r\u00e9guli\u00e8rement \u00e0 jour la sc\u00e8ne artistique de la ville. Depuis le d\u00e9but de l'ann\u00e9e, les ventes aux ench\u00e8res se sont multipli\u00e9es. <\/span><b>Christie's<\/b><span style=\"font-weight: 400;\"> : le bureau de Zurich a \u00e9t\u00e9 ouvert en 1978 et est devenu une plaque tournante pour les collectionneurs suisses dans tous les domaines. Le bureau de Zurich organise r\u00e9guli\u00e8rement des ventes aux ench\u00e8res en ligne et en direct, des conf\u00e9rences, des ventes aux ench\u00e8res caritatives, des cocktails et des avant-premi\u00e8res des principales ventes aux ench\u00e8res \u00e0 Gen\u00e8ve, Londres, Paris, New York et Hong Kong.<\/span><\/p><p><b>Sotheby's<\/b><span style=\"font-weight: 400;\"> a une forte pr\u00e9sence \u00e0 Zurich depuis 1969 et a \u00e9t\u00e9 le premier bureau r\u00e9gional \u00e0 ouvrir en Europe. La galerie fournit des inventaires et des \u00e9valuations gratuits \u00e0 des fins de vente, d'assurance, de succession, de fiscalit\u00e9 ou de gestion de collection. Ses experts vous conseillent sur l'achat et la vente chez Sotheby's, que ce soit aux ench\u00e8res ou de gr\u00e9 \u00e0 gr\u00e9, et lors de l'une de nos ventes aux ench\u00e8res internationales ou locales. Deux fois par an, en juin et en d\u00e9cembre, les \u0153uvres d'artistes suisses et internationaux des 19e, 20e et 21e si\u00e8cles y sont propos\u00e9es. En outre, Sotheby's Suisse expose les points forts de nos ventes aux ench\u00e8res internationales qui se d\u00e9roulent \u00e0 Londres, New York et Paris tout au long de l'ann\u00e9e. La prochaine vente de cat\u00e9gories crois\u00e9es \u00e0 Zurich sera ouverte aux ench\u00e8res en ligne du 5 au 12 d\u00e9cembre 2023.<\/span><\/p><p><span style=\"font-weight: 400;\">Fond\u00e9e en 1958 par Pierre Koller, <\/span><b>Koller Auctions<\/b><span style=\"font-weight: 400;\"> est aujourd'hui la plus grande maison de vente aux ench\u00e8res de Suisse et l'une des principales maisons de vente aux ench\u00e8res d'Europe. Avec son si\u00e8ge \u00e0 Zurich et ses succursales et bureaux de repr\u00e9sentation \u00e0 Gen\u00e8ve, Munich, D\u00fcsseldorf, Florence et P\u00e9kin, la maison organise chaque ann\u00e9e environ 80 ventes aux ench\u00e8res en salle et en ligne dans 20 cat\u00e9gories de collection, chacune \u00e9tant supervis\u00e9e par une \u00e9quipe de sp\u00e9cialistes. Parmi leurs sp\u00e9cialit\u00e9s figurent les ma\u00eetres anciens et les \u0153uvres de 19 ans et plus.<\/span><span style=\"font-weight: 400;\">eme<\/span><span style=\"font-weight: 400;\"> peintures et dessins du si\u00e8cle dernier, l'art moderne et contemporain, l'art suisse, la photographie, le mobilier, l'argenterie, la porcelaine, les livres et les autographes, l'art nouveau et l'art d\u00e9co, le design, le vin, le vintage, les bijoux et les montres, ainsi que l'art asiatique. En tant qu'entreprise familiale dirig\u00e9e par la deuxi\u00e8me g\u00e9n\u00e9ration, la troisi\u00e8me g\u00e9n\u00e9ration \u00e9tant d\u00e9j\u00e0 active, la philosophie de Koller est orient\u00e9e vers le client et ses perspectives sont \u00e0 long terme.<\/span><\/p>\t\t\t\t\t\t\t\t<\/div>\n\t\t\t\t<\/div>\n\t\t\t\t\t<\/div>\n\t\t<\/div>\n\t\t\t\t\t<\/div>\n\t\t<\/section>\n\t\t\t\t<\/div>","protected":false},"excerpt":{"rendered":"<p>Zurich, r\u00e9put\u00e9e pour son m\u00e9lange de luxe et de culture, est une ic\u00f4ne pour les personnes fortun\u00e9es du monde entier, offrant des exp\u00e9riences sp\u00e9cialement con\u00e7ues pour les personnes fortun\u00e9es (HNWI) et les personnes tr\u00e8s fortun\u00e9es (UHNWI). Situ\u00e9e au c\u0153ur des magnifiques paysages suisses, la ville sert de plaque tournante du luxe, attirant ceux qui recherchent le meilleur de l'art, de la tradition et des divertissements modernes.<\/p>","protected":false},"author":13,"featured_media":25487,"comment_status":"closed","ping_status":"closed","sticky":false,"template":"","format":"standard","meta":{"inline_featured_image":false,"cybocfi_hide_featured_image":"","two_page_speed":[],"footnotes":""},"categories":[184,73,85],"tags":[736],"class_list":["post-25485","post","type-post","status-publish","format-standard","has-post-thumbnail","hentry","category-all-insights","category-explore-by-topic","category-switzerland","tag-artistic-elegance"],"_links":{"self":[{"href":"https:\/\/altoo.io\/fr\/wp-json\/wp\/v2\/posts\/25485","targetHints":{"allow":["GET"]}}],"collection":[{"href":"https:\/\/altoo.io\/fr\/wp-json\/wp\/v2\/posts"}],"about":[{"href":"https:\/\/altoo.io\/fr\/wp-json\/wp\/v2\/types\/post"}],"author":[{"embeddable":true,"href":"https:\/\/altoo.io\/fr\/wp-json\/wp\/v2\/users\/13"}],"replies":[{"embeddable":true,"href":"https:\/\/altoo.io\/fr\/wp-json\/wp\/v2\/comments?post=25485"}],"version-history":[{"count":6,"href":"https:\/\/altoo.io\/fr\/wp-json\/wp\/v2\/posts\/25485\/revisions"}],"predecessor-version":[{"id":25592,"href":"https:\/\/altoo.io\/fr\/wp-json\/wp\/v2\/posts\/25485\/revisions\/25592"}],"wp:featuredmedia":[{"embeddable":true,"href":"https:\/\/altoo.io\/fr\/wp-json\/wp\/v2\/media\/25487"}],"wp:attachment":[{"href":"https:\/\/altoo.io\/fr\/wp-json\/wp\/v2\/media?parent=25485"}],"wp:term":[{"taxonomy":"category","embeddable":true,"href":"https:\/\/altoo.io\/fr\/wp-json\/wp\/v2\/categories?post=25485"},{"taxonomy":"post_tag","embeddable":true,"href":"https:\/\/altoo.io\/fr\/wp-json\/wp\/v2\/tags?post=25485"}],"curies":[{"name":"wp","href":"https:\/\/api.w.org\/{rel}","templated":true}]}}