{"id":24815,"date":"2023-10-17T10:00:13","date_gmt":"2023-10-17T08:00:13","guid":{"rendered":"https:\/\/altoo.io\/?p=24815"},"modified":"2023-10-16T19:12:24","modified_gmt":"2023-10-16T17:12:24","slug":"leconomie-suisse-en-2023-forte-stable-et-sans-croissance","status":"publish","type":"post","link":"https:\/\/altoo.io\/fr\/swiss-economy-in-2023-strong-stable-and-without-growth\/","title":{"rendered":"L'\u00e9conomie Suisse en 2023 : Forte, Stable et Sans Croissance"},"content":{"rendered":"<div data-elementor-type=\"wp-post\" data-elementor-id=\"24815\" class=\"elementor elementor-24815\" data-elementor-post-type=\"post\">\n\t\t\t\t\t\t<section class=\"elementor-section elementor-top-section elementor-element elementor-element-2bb55b1 elementor-section-boxed elementor-section-height-default elementor-section-height-default\" data-id=\"2bb55b1\" data-element_type=\"section\" data-e-type=\"section\">\n\t\t\t\t\t\t<div class=\"elementor-container elementor-column-gap-default\">\n\t\t\t\t\t<div class=\"elementor-column elementor-col-100 elementor-top-column elementor-element elementor-element-994da01\" data-id=\"994da01\" data-element_type=\"column\" data-e-type=\"column\">\n\t\t\t<div class=\"elementor-widget-wrap elementor-element-populated\">\n\t\t\t\t\t\t<div class=\"elementor-element elementor-element-0d96ead elementor-widget elementor-widget-text-editor\" data-id=\"0d96ead\" data-element_type=\"widget\" data-e-type=\"widget\" data-widget_type=\"text-editor.default\">\n\t\t\t\t<div class=\"elementor-widget-container\">\n\t\t\t\t\t\t\t\t\t<p><span style=\"font-weight: 400;\">Mais d'abord les chiffres : ce n'est pas la premi\u00e8re fois que l'\u00e9conomie suisse \"g\u00e8le\" pendant un trimestre, comme cela s'est d\u00e9j\u00e0 produit \u00e0 la fin de l'ann\u00e9e derni\u00e8re. Au d\u00e9but de celui-ci, au premier trimestre 2023, le PIB a connu une croissance symbolique de +0,9 %, ce qui a quelque peu rassur\u00e9 les analystes, selon les donn\u00e9es du <\/span><a href=\"https:\/\/www.seco.admin.ch\/seco\/en\/home\/seco\/nsb-news.msg-id-97600.html\" target=\"_blank\" rel=\"noopener\"><span style=\"font-weight: 400;\">Secr\u00e9tariat d'\u00c9tat \u00e0 l'\u00e9conomie SECO<\/span><\/a><span style=\"font-weight: 400;\">. Dans le contexte actuel, ce sont les secteurs de l'industrie manufacturi\u00e8re et de la construction qui tirent le plus vers le bas, avec respectivement -2,9 % et -0,7 %.<\/span><\/p><p><span style=\"font-weight: 400;\">Cela s'explique notamment par le recul marqu\u00e9 de l'industrie chimique et pharmaceutique (-2,3 %), qui avait \u00e9volu\u00e9 plus ou moins lat\u00e9ralement depuis les ann\u00e9es de forte croissance de 2015 \u00e0 2022. Dans le m\u00eame temps, le contexte \u00e9tranger difficile p\u00e8se sur les industries sensibles aux cycles, comme la construction m\u00e9tallique et la construction m\u00e9canique.\u00a0<\/span><\/p><p><span style=\"font-weight: 400;\">Cela entra\u00eene une baisse de la valeur ajout\u00e9e du reste de l'industrie au deuxi\u00e8me trimestre. Cela s'est \u00e9galement traduit par une baisse g\u00e9n\u00e9rale (1,2%) des ventes de biens \u00e0 de nombreux pays et types diff\u00e9rents.<\/span><\/p><p>\u00a0<\/p><h4><b>La force de la monnaie suisse - un frein au taux de croissance<\/b><\/h4><p><span style=\"font-weight: 400;\">En termes de valeur pure, le franc n'a \u00e9t\u00e9 aussi fort par rapport \u00e0 l'euro qu'une seule fois, il y a environ un an. Mais ce n'est pas tout : il est \u00e9galement tr\u00e8s fort par rapport au dollar - le record a \u00e9t\u00e9 \u00e9tabli en juillet.<\/span><\/p><p><span style=\"font-weight: 400;\">Lorsque les monnaies sont faibles, les affaires r\u00e9alis\u00e9es \u00e0 l'\u00e9tranger ont moins de valeur au retour. Il est donc difficile d'\u00e9valuer les r\u00e9sultats d'une entreprise, et cela peut poser un gros probl\u00e8me si les entreprises exportatrices suisses doivent payer de grosses factures en francs. Par exemple, parce qu'elles fabriquent et ach\u00e8tent beaucoup \u00e0 l'int\u00e9rieur du pays.<\/span><\/p><p><span style=\"font-weight: 400;\">Il n'est pas surprenant qu'elles soient fortes. La croissance des autres \u00e9conomies europ\u00e9ennes s'\u00e9tant ralentie, Aaron Hurd, expert en devises \u00e9trang\u00e8res chez le gestionnaire d'actifs State Street, annonce \u00e0 <\/span><a href=\"https:\/\/www.nzz.ch\/wirtschaft\/schweizer-wirtschaft-starker-franken-stellt-unternehmen-auf-die-probe-ld.1753763\" target=\"_blank\" rel=\"noopener\"><span style=\"font-weight: 400;\">NZZ<\/span><\/a><span style=\"font-weight: 400;\">, \u201c<\/span><i><span style=\"font-weight: 400;\">Le franc est une excellente protection contre la stagflation. C'est une valeur refuge<\/span><\/i><span style=\"font-weight: 400;\">\". Le dollar, quant \u00e0 lui, \u00e9tait \u00e9chang\u00e9 contre des francs par des investisseurs qui pariaient sur l'arr\u00eat des hausses de taux d'int\u00e9r\u00eat aux \u00c9tats-Unis.<\/span><\/p><p>\u00a0<\/p><h4><b>Perspectives de l'\u00e9conomie suisse - une croissance inf\u00e9rieure \u00e0 la moyenne<\/b><\/h4><p><span style=\"font-weight: 400;\">Si l'on avait interrog\u00e9 les \u00e9conomistes en juin sur leurs attentes \u00e0 l'\u00e9gard de l'\u00e9conomie suisse, les r\u00e9ponses auraient \u00e9t\u00e9 nettement plus positives qu'aujourd'hui. En effet, les pr\u00e9visions pour 2024 tablent sur une croissance \u00e9conomique de 1,2 %, contre 1,5 % en juin. \"Cela signifierait une croissance nettement inf\u00e9rieure \u00e0 la moyenne pendant deux ans, sans pour autant faire entrer l'\u00e9conomie suisse en r\u00e9cession\", explique un expert du SECO.<\/span><\/p><p><span style=\"font-weight: 400;\">L'inflation internationale pourrait rester \u00e9lev\u00e9e encore plus longtemps, ce qui n\u00e9cessiterait une politique mon\u00e9taire plus stricte. La demande mondiale s'en trouverait encore plus ralentie. En outre, les risques li\u00e9s \u00e0 la dette mondiale, \u00e0 l'immobilier et aux corrections des march\u00e9s financiers, ainsi que les risques li\u00e9s aux bilans des institutions financi\u00e8res, pourraient s'aggraver. Il est \u00e9galement possible que le resserrement de la politique mon\u00e9taire ait un effet plus important sur l'\u00e9conomie r\u00e9elle qu'on ne le pense actuellement.<\/span><\/p><p><span style=\"font-weight: 400;\">Les changements en Allemagne et en Chine rendent l'\u00e9conomie mondiale et le commerce suisse avec d'autres pays plus vuln\u00e9rables. Par exemple, le secteur industriel allemand pourrait s'affaiblir encore plus que pr\u00e9vu, ce qui ralentirait les parties vuln\u00e9rables de l'\u00e9conomie suisse encore plus que pr\u00e9vu. De m\u00eame, l'\u00e9conomie chinoise pourrait ralentir plus rapidement que pr\u00e9vu en raison du probl\u00e8me de l'immobilier, du niveau d'endettement \u00e9lev\u00e9 du pays et de l'humeur n\u00e9gative de la population et des entreprises.<\/span><\/p><p>\u00a0<\/p><h4><b>Des finances stables et une marge de man\u0153uvre en cas de coup dur<\/b><\/h4><p><span style=\"font-weight: 400;\">Cependant, force est de constater qu'en dehors de circonstances internationales de force majeure, une r\u00e9cession est peu probable. Dans le m\u00eame temps, l'\u00e9conomie suisse est l'une des moins endett\u00e9es d'Europe, comme le montre une toute nouvelle \u00e9tude.<\/span><\/p><p><span style=\"font-weight: 400;\">Les finances des cantons suisses restent stables, ce qui n'est pas le cas dans de nombreux pays de l'UE. Une nouvelle \u00e9tude de <\/span><a href=\"https:\/\/www.bak-economics.com\/index.php?eID=dumpFile&amp;t=f&amp;f=9780&amp;token=1fc87b3d131c94c63d913a7e6fbe7eab3ebf372b\" target=\"_blank\" rel=\"noopener\"><span style=\"font-weight: 400;\">BAK Economics<\/span><\/a><span style=\"font-weight: 400;\"> montre que c'est le cas. M\u00eame si les mesures COVID-19 ont entra\u00een\u00e9 une augmentation de l'endettement dans de nombreux endroits en Suisse, elles l'ont fait dans une moindre mesure que dans de nombreux autres endroits.<\/span><\/p><p><span style=\"font-weight: 400;\">C'est pourquoi le faible taux d'imposition dans les cantons suisses, qui est tr\u00e8s attrayant par rapport \u00e0 d'autres pays, pourra durer longtemps. Si un pays remplit les crit\u00e8res de durabilit\u00e9 \u00e9conomique, cela peut avoir une incidence sur sa politique fiscale \u00e0 long terme. Les pays qui ont des strat\u00e9gies fiscales \u00e0 long terme peuvent maintenir leurs imp\u00f4ts au m\u00eame niveau au fil du temps. \u00c0 l'avenir, les pays plus endett\u00e9s devront peut-\u00eatre augmenter leurs imp\u00f4ts pour payer leurs d\u00e9penses.\u00a0<\/span><\/p>\t\t\t\t\t\t\t\t<\/div>\n\t\t\t\t<\/div>\n\t\t\t\t\t<\/div>\n\t\t<\/div>\n\t\t\t\t\t<\/div>\n\t\t<\/section>\n\t\t\t\t<\/div>","protected":false},"excerpt":{"rendered":"<p>L'\u00e9conomie d'un des pays les plus riches du monde a cess\u00e9 de cro\u00eetre. C'est ainsi que l'on peut r\u00e9sumer l'\u00e9tat du d\u00e9veloppement \u00e9conomique de la Suisse au cours des derniers mois. Selon les chiffres officiels, le produit int\u00e9rieur brut du pays a augment\u00e9 de 0,0% au cours du deuxi\u00e8me trimestre de l'ann\u00e9e, ce qui est tr\u00e8s proche d'un ralentissement et d'une \u00e9ventuelle r\u00e9cession.<\/p>","protected":false},"author":13,"featured_media":24817,"comment_status":"closed","ping_status":"closed","sticky":false,"template":"","format":"standard","meta":{"inline_featured_image":false,"cybocfi_hide_featured_image":"","two_page_speed":[],"footnotes":""},"categories":[184,62,55,85],"tags":[489],"class_list":["post-24815","post","type-post","status-publish","format-standard","has-post-thumbnail","hentry","category-all-insights","category-analysis","category-economic-outlook","category-switzerland","tag-swiss-economy"],"_links":{"self":[{"href":"https:\/\/altoo.io\/fr\/wp-json\/wp\/v2\/posts\/24815","targetHints":{"allow":["GET"]}}],"collection":[{"href":"https:\/\/altoo.io\/fr\/wp-json\/wp\/v2\/posts"}],"about":[{"href":"https:\/\/altoo.io\/fr\/wp-json\/wp\/v2\/types\/post"}],"author":[{"embeddable":true,"href":"https:\/\/altoo.io\/fr\/wp-json\/wp\/v2\/users\/13"}],"replies":[{"embeddable":true,"href":"https:\/\/altoo.io\/fr\/wp-json\/wp\/v2\/comments?post=24815"}],"version-history":[{"count":11,"href":"https:\/\/altoo.io\/fr\/wp-json\/wp\/v2\/posts\/24815\/revisions"}],"predecessor-version":[{"id":24904,"href":"https:\/\/altoo.io\/fr\/wp-json\/wp\/v2\/posts\/24815\/revisions\/24904"}],"wp:featuredmedia":[{"embeddable":true,"href":"https:\/\/altoo.io\/fr\/wp-json\/wp\/v2\/media\/24817"}],"wp:attachment":[{"href":"https:\/\/altoo.io\/fr\/wp-json\/wp\/v2\/media?parent=24815"}],"wp:term":[{"taxonomy":"category","embeddable":true,"href":"https:\/\/altoo.io\/fr\/wp-json\/wp\/v2\/categories?post=24815"},{"taxonomy":"post_tag","embeddable":true,"href":"https:\/\/altoo.io\/fr\/wp-json\/wp\/v2\/tags?post=24815"}],"curies":[{"name":"wp","href":"https:\/\/api.w.org\/{rel}","templated":true}]}}