{"id":22481,"date":"2023-09-26T10:00:23","date_gmt":"2023-09-26T08:00:23","guid":{"rendered":"https:\/\/altoo.io\/?p=22481"},"modified":"2023-11-10T08:39:54","modified_gmt":"2023-11-10T07:39:54","slug":"elections-suisses-2023-qui-a-le-plus-de-chances-de-gagner","status":"publish","type":"post","link":"https:\/\/altoo.io\/fr\/swiss-elections-2023-who-has-the-best-chance-to-win\/","title":{"rendered":"Ce qu'il faut savoir sur les \u00e9lections parlementaires suisses de 2023"},"content":{"rendered":"<div data-elementor-type=\"wp-post\" data-elementor-id=\"22481\" class=\"elementor elementor-22481\" data-elementor-post-type=\"post\">\n\t\t\t\t\t\t<section class=\"elementor-section elementor-top-section elementor-element elementor-element-e5f9907 elementor-section-boxed elementor-section-height-default elementor-section-height-default\" data-id=\"e5f9907\" data-element_type=\"section\" data-e-type=\"section\">\n\t\t\t\t\t\t<div class=\"elementor-container elementor-column-gap-default\">\n\t\t\t\t\t<div class=\"elementor-column elementor-col-100 elementor-top-column elementor-element elementor-element-5ec9563\" data-id=\"5ec9563\" data-element_type=\"column\" data-e-type=\"column\">\n\t\t\t<div class=\"elementor-widget-wrap elementor-element-populated\">\n\t\t\t\t\t\t<div class=\"elementor-element elementor-element-b0aa3e3 elementor-widget elementor-widget-text-editor\" data-id=\"b0aa3e3\" data-element_type=\"widget\" data-e-type=\"widget\" data-widget_type=\"text-editor.default\">\n\t\t\t\t<div class=\"elementor-widget-container\">\n\t\t\t\t\t\t\t\t\t<p><span style=\"font-weight: 400;\">Si les \u00e9lections avaient lieu aujourd'hui, les Verts n'obtiendraient qu'un peu plus de 10% de l'\u00e9lectorat, selon les derni\u00e8res enqu\u00eates des instituts de sondage suisses LeeWas et Sotomo. Les Verts lib\u00e9raux sont actuellement \u00e0 8,2% dans les sondages.<\/span><\/p><p><span style=\"font-weight: 400;\">Selon la politologue Sarah B\u00fctikofer, de l'universit\u00e9 de Zurich, la protection du climat reste un enjeu majeur. Toutefois, en temps de guerre et de crise, la s\u00e9curit\u00e9 et l'\u00e9nergie le sont tout autant. \"Cela conduit \u00e0 la mobilisation des \u00e9lecteurs plus traditionnels\", explique Mme B\u00fctikofer. Cependant, ils optent le plus souvent pour des partis de centre et de droite.<\/span><\/p><p>\u00a0<\/p><h4><b>Que veulent les citoyens ?<\/b><\/h4><p><span style=\"font-weight: 400;\">Comme c'est le cas depuis 1976, le Credit Suisse a \u00e9galement publi\u00e9 cette ann\u00e9e son barom\u00e8tre des pr\u00e9occupations \"Compass for Switzerland\". Pour les citoyens, les questions de sant\u00e9 et les primes d'assurance maladie (34%) arrivent en t\u00eate, suivies de l'environnement (33%), de l'inflation (32%) et des retraites (31%).<\/span><\/p><p><span style=\"font-weight: 400;\">Selon l'enqu\u00eate de l'Institut Sotomo, les deux premi\u00e8res places restent inchang\u00e9es, mais la troisi\u00e8me place revient \u00e0 l'immigration (33%), suivie de la s\u00e9curit\u00e9 sociale (25%) et de la s\u00e9curit\u00e9 \u00e9nerg\u00e9tique (24%). La sixi\u00e8me place revient \u00e0 la r\u00e9forme des pensions (22%).<\/span><\/p><p>\u00a0<\/p><h4><b>Que proposent les parties ?<\/b><\/h4><p><span style=\"font-weight: 400;\">Le d\u00e9nominateur commun de la campagne \u00e9lectorale est la lutte contre l'inflation et la diminution de la prosp\u00e9rit\u00e9. Chaque parti veut atteindre cet objectif par des moyens diff\u00e9rents.<\/span><\/p><p><span style=\"font-weight: 400;\">La raison de cette satisfaction peut toutefois \u00eatre trouv\u00e9e du c\u00f4t\u00e9 de Die Mitte. Lors des pr\u00e9c\u00e9dentes \u00e9lections, il a remport\u00e9 les suffrages en tant que Parti populaire chr\u00e9tien-d\u00e9mocrate de Suisse. Apr\u00e8s avoir fusionn\u00e9 avec le Parti d\u00e9mocratique civique en janvier 2021 et sous un nouveau nom, il obtiendrait aujourd'hui 13,9% des voix (2019 : 11,4%). Il se bat avant tout contre l'augmentation des primes d'assurance maladie ainsi que contre l'augmentation de l'imposition des couples mari\u00e9s.<\/span><\/p><p><span style=\"font-weight: 400;\">Le parti qui compte le plus d'\u00e9lecteurs, l'UDC (27,9% selon les sondages), se concentre sur le lien entre l'immigration et l'\u00e9nergie. Et sur l'agacement des \u00e9lecteurs qui, selon le dernier barom\u00e8tre \u00e9lectoral de la SSR, est surtout suscit\u00e9 par les questions de genre et la vignette climatique. Leur calcul : ceux qui sont agac\u00e9s se rendront aux urnes. \"L'objectif est d'obtenir 100 000 voix suppl\u00e9mentaires\", a d\u00e9clar\u00e9 l'autre jour Marcel Dettling, vice-pr\u00e9sident de l'UDC et directeur de campagne.<\/span><\/p><p>\u00a0<\/p><h4><b>La p\u00e9nurie de travailleurs qualifi\u00e9s : une question importante<\/b><\/h4><p><span style=\"font-weight: 400;\">L'initiative pour une 13e assurance vieillesse et survivants (AVS) est un outil important de la campagne \u00e9lectorale des sociaux-d\u00e9mocrates. Ils mettront \u00e9galement l'accent sur le renforcement du pouvoir d'achat, l'\u00e9galit\u00e9 et la crise climatique.<\/span><\/p><p><span style=\"font-weight: 400;\">Les lib\u00e9raux (FDP) s'adressent \u00e0 leurs \u00e9lecteurs sur des questions telles que la s\u00e9curit\u00e9, l'approvisionnement en \u00e9nergie et la prosp\u00e9rit\u00e9. La p\u00e9nurie de travailleurs qualifi\u00e9s, qui s'aggrave consid\u00e9rablement dans le pays, joue un r\u00f4le majeur : \u00e0 la fin de l'ann\u00e9e 2022, plus de 120 000 emplois n'\u00e9taient pas pourvus en Suisse, un chiffre jamais atteint depuis 2003, selon les chiffres de l'Office f\u00e9d\u00e9ral de la statistique (OFS).\u00a0<\/span><\/p><p><span style=\"font-weight: 400;\">De nombreux postes sont \u00e0 pourvoir dans diff\u00e9rents secteurs : l'industrie, les soins de sant\u00e9, l'h\u00f4tellerie, les technologies de l'information et la construction. \"La modernisation et la flexibilisation du march\u00e9 du travail et du droit du travail sont n\u00e9cessaires\", affirment les lib\u00e9raux.<\/span><\/p>\t\t\t\t\t\t\t\t<\/div>\n\t\t\t\t<\/div>\n\t\t\t\t\t<\/div>\n\t\t<\/div>\n\t\t\t\t\t<\/div>\n\t\t<\/section>\n\t\t\t\t<\/div>","protected":false},"excerpt":{"rendered":"<p>Lors des pr\u00e9c\u00e9dentes \u00e9lections f\u00e9d\u00e9rales (2019), presque tous les partis ont perdu, \u00e0 l'exception des Verts. Port\u00e9 par les manifestations pour le climat, le parti a augment\u00e9 sa part d'\u00e9lecteurs de 6,1% pour atteindre 13,2%. Quelles sont les tendances \u00e9lectorales aujourd'hui, \u00e0 peine un mois avant les \u00e9lections f\u00e9d\u00e9rales ?<\/p>","protected":false},"author":13,"featured_media":22482,"comment_status":"closed","ping_status":"closed","sticky":false,"template":"","format":"standard","meta":{"inline_featured_image":false,"cybocfi_hide_featured_image":"","two_page_speed":[],"footnotes":""},"categories":[184,73,85],"tags":[618],"class_list":["post-22481","post","type-post","status-publish","format-standard","has-post-thumbnail","hentry","category-all-insights","category-explore-by-topic","category-switzerland","tag-swiss-elections"],"_links":{"self":[{"href":"https:\/\/altoo.io\/fr\/wp-json\/wp\/v2\/posts\/22481","targetHints":{"allow":["GET"]}}],"collection":[{"href":"https:\/\/altoo.io\/fr\/wp-json\/wp\/v2\/posts"}],"about":[{"href":"https:\/\/altoo.io\/fr\/wp-json\/wp\/v2\/types\/post"}],"author":[{"embeddable":true,"href":"https:\/\/altoo.io\/fr\/wp-json\/wp\/v2\/users\/13"}],"replies":[{"embeddable":true,"href":"https:\/\/altoo.io\/fr\/wp-json\/wp\/v2\/comments?post=22481"}],"version-history":[{"count":9,"href":"https:\/\/altoo.io\/fr\/wp-json\/wp\/v2\/posts\/22481\/revisions"}],"predecessor-version":[{"id":26875,"href":"https:\/\/altoo.io\/fr\/wp-json\/wp\/v2\/posts\/22481\/revisions\/26875"}],"wp:featuredmedia":[{"embeddable":true,"href":"https:\/\/altoo.io\/fr\/wp-json\/wp\/v2\/media\/22482"}],"wp:attachment":[{"href":"https:\/\/altoo.io\/fr\/wp-json\/wp\/v2\/media?parent=22481"}],"wp:term":[{"taxonomy":"category","embeddable":true,"href":"https:\/\/altoo.io\/fr\/wp-json\/wp\/v2\/categories?post=22481"},{"taxonomy":"post_tag","embeddable":true,"href":"https:\/\/altoo.io\/fr\/wp-json\/wp\/v2\/tags?post=22481"}],"curies":[{"name":"wp","href":"https:\/\/api.w.org\/{rel}","templated":true}]}}