{"id":22474,"date":"2023-09-26T10:00:54","date_gmt":"2023-09-26T08:00:54","guid":{"rendered":"https:\/\/altoo.io\/?p=22474"},"modified":"2023-09-25T17:37:39","modified_gmt":"2023-09-25T15:37:39","slug":"avantages-et-inconvenients-de-lenergie-nucleaire-en-suisse","status":"publish","type":"post","link":"https:\/\/altoo.io\/fr\/pros-and-cons-of-nuclear-energy-in-switzerland\/","title":{"rendered":"\u00c9tude de l'EPF sur l'avenir \u00e9nerg\u00e9tique de la Suisse"},"content":{"rendered":"<div data-elementor-type=\"wp-post\" data-elementor-id=\"22474\" class=\"elementor elementor-22474\" data-elementor-post-type=\"post\">\n\t\t\t\t\t\t<section class=\"elementor-section elementor-top-section elementor-element elementor-element-59da831 elementor-section-boxed elementor-section-height-default elementor-section-height-default\" data-id=\"59da831\" data-element_type=\"section\" data-e-type=\"section\">\n\t\t\t\t\t\t<div class=\"elementor-container elementor-column-gap-default\">\n\t\t\t\t\t<div class=\"elementor-column elementor-col-100 elementor-top-column elementor-element elementor-element-785e047\" data-id=\"785e047\" data-element_type=\"column\" data-e-type=\"column\">\n\t\t\t<div class=\"elementor-widget-wrap elementor-element-populated\">\n\t\t\t\t\t\t<div class=\"elementor-element elementor-element-7ae08d4 elementor-widget elementor-widget-text-editor\" data-id=\"7ae08d4\" data-element_type=\"widget\" data-e-type=\"widget\" data-widget_type=\"text-editor.default\">\n\t\t\t\t<div class=\"elementor-widget-container\">\n\t\t\t\t\t\t\t\t\t<p><span style=\"font-weight: 400;\">Les scientifiques supposent qu'en 2035, les \u00e9nergies solaire et \u00e9olienne fourniront 30% de moins que les estimations des politiciens. (L'objectif propos\u00e9 par les d\u00e9cideurs politiques pour l'expansion de la production d'\u00e9lectricit\u00e9 renouvelable - \u00e0 l'exclusion de l'hydro\u00e9lectricit\u00e9 - est de 17 000 GWh en 2035, ce qui est beaucoup plus \u00e9lev\u00e9 que l'objectif pr\u00e9c\u00e9dent de 11 400 GWh).\u00a0<\/span><\/p><p><span style=\"font-weight: 400;\">La Neue Z\u00fcrcher Zeitung pr\u00e9cise qu'en m\u00eame temps, il y a de grands changements d'une saison \u00e0 l'autre. En \u00e9t\u00e9, les quantit\u00e9s sont importantes, mais en hiver, l'\u00e9cart est \u00e9norme, jusqu'\u00e0 10 t\u00e9rawattheures (TWh). \u00c0 titre de comparaison, ces derni\u00e8res ann\u00e9es, la moyenne \u00e9tait d'environ 4 TWh.<\/span><\/p><p><span style=\"font-weight: 400;\">Importer de l'\u00e9lectricit\u00e9 des pays voisins ne serait pas une solution durable, car l'\u00e9lectricit\u00e9 se rar\u00e9fierait \u00e9galement dans d'autres pays.<\/span><\/p><p>\u00a0<\/p><h4><b>Poursuite de l'utilisation de l'\u00e9nergie nucl\u00e9aire<\/b><\/h4><p><span style=\"font-weight: 400;\">Le r\u00e9sultat des calculs du mod\u00e8le de l'EPF est clair. Plus les quatre r\u00e9acteurs existants fonctionneront longtemps, plus l'approvisionnement en \u00e9lectricit\u00e9 sera bon march\u00e9, stable et s\u00fbr. Ainsi, une prolongation de 10 ans de l'exploitation de G\u00f6sgen et de Leibstadt att\u00e9nue fortement l'augmentation des importations nettes en hiver au cours des 20 prochaines ann\u00e9es.<\/span><\/p><p><span style=\"font-weight: 400;\">L'\u00e9tude indique \u00e9galement que la construction d'une nouvelle centrale nucl\u00e9aire est une bonne id\u00e9e. Par exemple, les experts de l'ETH pensent que si la centrale est utilis\u00e9e pendant plus de 60 ans, elle permettra d'\u00e9conomiser un total de 12 milliards de francs suisses en co\u00fbts de syst\u00e8me et de r\u00e9duire consid\u00e9rablement le besoin d'importations en hiver. De plus, la centrale nucl\u00e9aire s'int\u00e8gre beaucoup mieux aux \u00e9quipements d\u00e9j\u00e0 pr\u00e9sents.<\/span><\/p><p><span style=\"font-weight: 400;\">Christoph M\u00e4der, pr\u00e9sident d'Economiesuisse, l'organisation fa\u00eeti\u00e8re des entreprises suisses, a expliqu\u00e9 : \"Nous devons faire mieux que notre voisin allemand, qui a retir\u00e9 ses derni\u00e8res centrales nucl\u00e9aires du r\u00e9seau malgr\u00e9 la crise \u00e9nerg\u00e9tique et les objectifs climatiques : \"Nous devons faire mieux que notre voisin allemand, qui a retir\u00e9 ses derni\u00e8res centrales nucl\u00e9aires du r\u00e9seau malgr\u00e9 la crise \u00e9nerg\u00e9tique et les objectifs climatiques.\"\u00a0<\/span><\/p><p><span style=\"font-weight: 400;\">Il a \u00e9galement d\u00e9clar\u00e9 que nous ne devrions jamais fermer une autre centrale nucl\u00e9aire comme nous l'avons fait en 2019 avec M\u00fchleberg.<\/span><\/p><p>\u00a0<\/p><h4><b>Poursuivre le d\u00e9veloppement des \u00e9nergies renouvelables<\/b><\/h4><p><span style=\"font-weight: 400;\">Christian Schaffner, directeur de l'Energy Science Center de l'ETH, met toutefois en garde contre tout retard dans l'expansion des \u00e9nergies renouvelables. \"La prolongation de la dur\u00e9e de vie de nos centrales nucl\u00e9aires ne suffira pas \u00e0 r\u00e9soudre nos probl\u00e8mes d'approvisionnement\", a d\u00e9clar\u00e9 l'expert en \u00e9nergie \u00e0 la NZZ. Si la Suisse veut atteindre l'objectif d'une consommation nette nulle d'ici 2050, elle doit remplacer toutes les \u00e9nergies fossiles et continuer \u00e0 d\u00e9velopper rapidement les \u00e9nergies renouvelables.<\/span><\/p><p><span style=\"font-weight: 400;\">La d\u00e9pendance \u00e0 l'\u00e9gard des importations pourrait \u00e9galement \u00eatre r\u00e9duite par une expansion rapide des centrales solaires et des parcs \u00e9oliens dans les Alpes. Les premi\u00e8res produisent jusqu'\u00e0 55 % de leur \u00e9lectricit\u00e9 en hiver, les secondes jusqu'\u00e0 60 %.<\/span><\/p>\t\t\t\t\t\t\t\t<\/div>\n\t\t\t\t<\/div>\n\t\t\t\t\t<\/div>\n\t\t<\/div>\n\t\t\t\t\t<\/div>\n\t\t<\/section>\n\t\t\t\t<\/div>","protected":false},"excerpt":{"rendered":"<p>La majeure partie de l'\u00e9lectricit\u00e9 suisse provient de l'\u00e9nergie nucl\u00e9aire. Les quatre centrales nucl\u00e9aires (Beznau I et II, Leibstadt, G\u00f6sgen) en activit\u00e9 couvrent 36,4% de la production d'\u00e9lectricit\u00e9. L'\u00e9tude la plus r\u00e9cente de l'ETH montre que cette situation pourrait perdurer. Voici quelques avantages et inconv\u00e9nients de l'\u00e9nergie produite par les centrales nucl\u00e9aires.<\/p>","protected":false},"author":13,"featured_media":22475,"comment_status":"closed","ping_status":"closed","sticky":false,"template":"","format":"standard","meta":{"inline_featured_image":false,"cybocfi_hide_featured_image":"","two_page_speed":[],"footnotes":""},"categories":[184,73,85],"tags":[617],"class_list":["post-22474","post","type-post","status-publish","format-standard","has-post-thumbnail","hentry","category-all-insights","category-explore-by-topic","category-switzerland","tag-nuclear-energy"],"_links":{"self":[{"href":"https:\/\/altoo.io\/fr\/wp-json\/wp\/v2\/posts\/22474","targetHints":{"allow":["GET"]}}],"collection":[{"href":"https:\/\/altoo.io\/fr\/wp-json\/wp\/v2\/posts"}],"about":[{"href":"https:\/\/altoo.io\/fr\/wp-json\/wp\/v2\/types\/post"}],"author":[{"embeddable":true,"href":"https:\/\/altoo.io\/fr\/wp-json\/wp\/v2\/users\/13"}],"replies":[{"embeddable":true,"href":"https:\/\/altoo.io\/fr\/wp-json\/wp\/v2\/comments?post=22474"}],"version-history":[{"count":7,"href":"https:\/\/altoo.io\/fr\/wp-json\/wp\/v2\/posts\/22474\/revisions"}],"predecessor-version":[{"id":22526,"href":"https:\/\/altoo.io\/fr\/wp-json\/wp\/v2\/posts\/22474\/revisions\/22526"}],"wp:featuredmedia":[{"embeddable":true,"href":"https:\/\/altoo.io\/fr\/wp-json\/wp\/v2\/media\/22475"}],"wp:attachment":[{"href":"https:\/\/altoo.io\/fr\/wp-json\/wp\/v2\/media?parent=22474"}],"wp:term":[{"taxonomy":"category","embeddable":true,"href":"https:\/\/altoo.io\/fr\/wp-json\/wp\/v2\/categories?post=22474"},{"taxonomy":"post_tag","embeddable":true,"href":"https:\/\/altoo.io\/fr\/wp-json\/wp\/v2\/tags?post=22474"}],"curies":[{"name":"wp","href":"https:\/\/api.w.org\/{rel}","templated":true}]}}