{"id":21509,"date":"2023-09-20T10:00:03","date_gmt":"2023-09-20T08:00:03","guid":{"rendered":"https:\/\/altoo.io\/?p=21509"},"modified":"2023-09-19T21:52:54","modified_gmt":"2023-09-19T19:52:54","slug":"homme-des-negociation-suisse-ue","status":"publish","type":"post","link":"https:\/\/altoo.io\/fr\/the-man-behind-the-negotiations-with-the-eu\/","title":{"rendered":"Portrait : L'Homme Derri\u00e8re les N\u00e9gociations Suisse-UE"},"content":{"rendered":"<div data-elementor-type=\"wp-post\" data-elementor-id=\"21509\" class=\"elementor elementor-21509\" data-elementor-post-type=\"post\">\n\t\t\t\t\t\t<section class=\"elementor-section elementor-top-section elementor-element elementor-element-80bb173 elementor-section-boxed elementor-section-height-default elementor-section-height-default\" data-id=\"80bb173\" data-element_type=\"section\" data-e-type=\"section\">\n\t\t\t\t\t\t<div class=\"elementor-container elementor-column-gap-default\">\n\t\t\t\t\t<div class=\"elementor-column elementor-col-100 elementor-top-column elementor-element elementor-element-88b1557\" data-id=\"88b1557\" data-element_type=\"column\" data-e-type=\"column\">\n\t\t\t<div class=\"elementor-widget-wrap elementor-element-populated\">\n\t\t\t\t\t\t<div class=\"elementor-element elementor-element-0b38246 elementor-widget elementor-widget-image\" data-id=\"0b38246\" data-element_type=\"widget\" data-e-type=\"widget\" data-widget_type=\"image.default\">\n\t\t\t\t<div class=\"elementor-widget-container\">\n\t\t\t\t\t\t\t\t\t\t\t\t\t\t\t<img fetchpriority=\"high\" decoding=\"async\" width=\"800\" height=\"533\" src=\"https:\/\/altoo.io\/live01\/wp-content\/uploads\/2023\/09\/maros.jpg\" class=\"attachment-large size-large wp-image-21544\" alt=\"\" srcset=\"https:\/\/altoo.io\/live01\/wp-content\/uploads\/2023\/09\/maros.jpg 800w, https:\/\/altoo.io\/live01\/wp-content\/uploads\/2023\/09\/maros-300x200.jpg 300w, https:\/\/altoo.io\/live01\/wp-content\/uploads\/2023\/09\/maros-768x512.jpg 768w, https:\/\/altoo.io\/live01\/wp-content\/uploads\/2023\/09\/maros-18x12.jpg 18w\" sizes=\"(max-width: 800px) 100vw, 800px\" \/>\t\t\t\t\t\t\t\t\t\t\t\t\t\t\t<\/div>\n\t\t\t\t<\/div>\n\t\t\t\t<div class=\"elementor-element elementor-element-c348276 elementor-widget elementor-widget-text-editor\" data-id=\"c348276\" data-element_type=\"widget\" data-e-type=\"widget\" data-widget_type=\"text-editor.default\">\n\t\t\t\t<div class=\"elementor-widget-container\">\n\t\t\t\t\t\t\t\t\t<p><span style=\"font-weight: 400;\">Le \"mangeur de dossiers\", le \"grand Maro\u0161\" ou le \"roi de la saucisse de Bruxelles\" - lorsque l'Union europ\u00e9enne (UE) et la Grande-Bretagne ont n\u00e9goci\u00e9 l'exportation de produits carn\u00e9s vers l'Irlande du Nord - sont les surnoms de cet ambitieux Slovaque de 55 ans. Sa t\u00e2che est claire : remplacer les plus de 120 accords bilat\u00e9raux avec la Suisse, conclus au fil des d\u00e9cennies, par un ensemble de principes fondamentaux.<\/span><\/p><p><span style=\"font-weight: 400;\">Les discussions sur un nouveau trait\u00e9-cadre ont \u00e9t\u00e9 interrompues en 2021 lorsque la Suisse a quitt\u00e9 la table des n\u00e9gociations. Cette d\u00e9cision a mis fin \u00e0 sept ann\u00e9es d'efforts. Trois points cl\u00e9s ont entrav\u00e9 les progr\u00e8s depuis l'\u00e9bauche d'un accord en 2018 : la protection des salaires, les r\u00e8gles relatives aux aides d'\u00c9tat et l'acc\u00e8s des citoyens de l'UE aux prestations de s\u00e9curit\u00e9 sociale suisses.<\/span><\/p><p>\u00a0<\/p><h4><b>L'UE est pr\u00eate \u00e0 accepter des exceptions<\/b><\/h4><p><span style=\"font-weight: 400;\">En 2021, \u0160ef\u010dovi\u010d a d\u00e9clar\u00e9 que les Suisses devaient pr\u00e9senter des \" propositions concr\u00e8tes et cr\u00e9dibles \" sur la mani\u00e8re dont ils r\u00e9soudraient les probl\u00e8mes bilat\u00e9raux qui ne seraient pas r\u00e9solus d'ici la fin de l'accord-cadre. \"Il est \u00e9galement n\u00e9cessaire de parler de la date \u00e0 laquelle Berne paierait le troisi\u00e8me milliard de coh\u00e9sion en euros afin de b\u00e9n\u00e9ficier des avantages du march\u00e9 int\u00e9rieur commun\", a-t-on entendu \u00e0 Bruxelles.<\/span><\/p><p><span style=\"font-weight: 400;\">La gravit\u00e9 de la situation et l'urgence du diplomate ont confirm\u00e9 la visite de travail de \u0160ef\u010dovi\u010d \u00e0 Berne en mars 2023. L'initiative diplomatique \u00e9tait une pouss\u00e9e unilat\u00e9rale du commissaire, car il n'avait pas \u00e9t\u00e9 initialement invit\u00e9 par le gouvernement suisse, qui est divis\u00e9 en interne sur la question. Au lieu de cela, il a accept\u00e9 une invitation \u00e0 prononcer un discours \u00e0 l'universit\u00e9 de Fribourg, situ\u00e9e juste au sud de la capitale suisse, Berne.<\/span><\/p><p><span style=\"font-weight: 400;\">\"Nous avons montr\u00e9 que nous \u00e9tions pr\u00eats \u00e0 accepter des exceptions sp\u00e9cifiques \u00e0 la relation bilat\u00e9rale entre l'UE et la Suisse, par exemple en ce qui concerne le risque que des citoyens de l'UE s'installent en Suisse uniquement pour b\u00e9n\u00e9ficier de la s\u00e9curit\u00e9 sociale. Nous pouvons parvenir \u00e0 un compromis si la Suisse est sensible \u00e0 nos pr\u00e9occupations, notamment \u00e0 l'impact de nos accords bilat\u00e9raux sur la dynamique au sein de l'UE. Je suis convaincu que<\/span><b>\u00a0<\/b><span style=\"font-weight: 400;\">nous pouvons trouver cet \u00e9quilibre\", a d\u00e9clar\u00e9 \u0160ef\u010dovi\u010d dans son discours.<\/span><\/p><p><span style=\"font-weight: 400;\">Selon le site d'information Euractiv, apr\u00e8s un d\u00eener entre le ministre suisse des Affaires \u00e9trang\u00e8res Ignazio Cassis et \u0160ef\u010dovi\u010d, le d\u00e9partement suisse des affaires \u00e9trang\u00e8res a d\u00e9clar\u00e9 que le travail en vue d'une compr\u00e9hension commune avait \"r\u00e9alis\u00e9 quelques progr\u00e8s.\" Mais le communiqu\u00e9 pr\u00e9cise \u00e9galement qu'\"un certain nombre de questions en suspens subsistent, qui n\u00e9cessiteront des efforts de la part des deux parties.\"<\/span><\/p><p>\u00a0<\/p><h4><b>Accord d'ici l'\u00e9t\u00e9 2024 ?<\/b><\/h4><p><span style=\"font-weight: 400;\">Il est \u00e9vident que les projets de Maro\u0161 \u0160ef\u010dovi\u010d sont audacieux : ce que ses pr\u00e9d\u00e9cesseurs n'ont pas r\u00e9ussi \u00e0 r\u00e9aliser en sept ans, il veut l'accomplir en un an. Lors de sa visite en Suisse le 16 mars 2023<\/span><span style=\"font-weight: 400;\">eme<\/span><span style=\"font-weight: 400;\">le vice-pr\u00e9sident a indiqu\u00e9 qu'il souhaitait les r\u00e9gler les questions institutionelles avant l'\u00e9t\u00e9 2024, \u00e9tant donn\u00e9 qu'un nouveau coll\u00e8ge de commissaires prendrait le relais \u00e0 l'automne 2024.<\/span><\/p><p><span style=\"font-weight: 400;\">Comme le note le site d'information SWI, l'UE est consciente des \u00e9lections f\u00e9d\u00e9rales qui auront lieu \u00e0 la fin du mois d'octobre 2023. Le vice-pr\u00e9sident \u0160ef\u010dovi\u010d a d\u00e9clar\u00e9 : \" Nous respectons cela. \" Il souhaite donc parler d'une feuille de route pour apr\u00e8s les \u00e9lections et \"augmenter les chances et la possibilit\u00e9 d'une issue positive des n\u00e9gociations\". Ce serait \"la meilleure nouvelle possible pour l'UE et la Suisse\". Ainsi, \"Monsieur Suisse\" continue de pousser l'autre partie \u00e0 l'action.<\/span><\/p>\t\t\t\t\t\t\t\t<\/div>\n\t\t\t\t<\/div>\n\t\t\t\t\t<\/div>\n\t\t<\/div>\n\t\t\t\t\t<\/div>\n\t\t<\/section>\n\t\t\t\t<\/div>","protected":false},"excerpt":{"rendered":"<p>En septembre 2021, le vice-pr\u00e9sident de la Commission europ\u00e9enne, Maro\u0161 \u0160ef\u010dovi\u010d, a pris la responsabilit\u00e9 des relations avec la Suisse. Le commissaire le plus exp\u00e9riment\u00e9, qui avait d\u00e9j\u00e0 servi sous le pr\u00e9sident de la Commission Jos\u00e9 Manuel Barroso puis sous Jean-Claude Juncker, semble \u00eatre un dur \u00e0 cuire.<\/p>","protected":false},"author":13,"featured_media":21543,"comment_status":"closed","ping_status":"closed","sticky":false,"template":"","format":"standard","meta":{"inline_featured_image":false,"cybocfi_hide_featured_image":"","two_page_speed":[],"footnotes":""},"categories":[184,73,545,85],"tags":[597],"class_list":["post-21509","post","type-post","status-publish","format-standard","has-post-thumbnail","hentry","category-all-insights","category-explore-by-topic","category-people","category-switzerland","tag-maros-sefcovic"],"_links":{"self":[{"href":"https:\/\/altoo.io\/fr\/wp-json\/wp\/v2\/posts\/21509","targetHints":{"allow":["GET"]}}],"collection":[{"href":"https:\/\/altoo.io\/fr\/wp-json\/wp\/v2\/posts"}],"about":[{"href":"https:\/\/altoo.io\/fr\/wp-json\/wp\/v2\/types\/post"}],"author":[{"embeddable":true,"href":"https:\/\/altoo.io\/fr\/wp-json\/wp\/v2\/users\/13"}],"replies":[{"embeddable":true,"href":"https:\/\/altoo.io\/fr\/wp-json\/wp\/v2\/comments?post=21509"}],"version-history":[{"count":13,"href":"https:\/\/altoo.io\/fr\/wp-json\/wp\/v2\/posts\/21509\/revisions"}],"predecessor-version":[{"id":21538,"href":"https:\/\/altoo.io\/fr\/wp-json\/wp\/v2\/posts\/21509\/revisions\/21538"}],"wp:featuredmedia":[{"embeddable":true,"href":"https:\/\/altoo.io\/fr\/wp-json\/wp\/v2\/media\/21543"}],"wp:attachment":[{"href":"https:\/\/altoo.io\/fr\/wp-json\/wp\/v2\/media?parent=21509"}],"wp:term":[{"taxonomy":"category","embeddable":true,"href":"https:\/\/altoo.io\/fr\/wp-json\/wp\/v2\/categories?post=21509"},{"taxonomy":"post_tag","embeddable":true,"href":"https:\/\/altoo.io\/fr\/wp-json\/wp\/v2\/tags?post=21509"}],"curies":[{"name":"wp","href":"https:\/\/api.w.org\/{rel}","templated":true}]}}