{"id":20229,"date":"2023-09-08T10:00:33","date_gmt":"2023-09-08T08:00:33","guid":{"rendered":"https:\/\/altoo.io\/?p=20229"},"modified":"2023-09-08T13:08:16","modified_gmt":"2023-09-08T11:08:16","slug":"altoo-au-salon-suisse-de-la-fintech-2023","status":"publish","type":"post","link":"https:\/\/altoo.io\/fr\/altoo-at-the-swiss-fintech-fair-2023\/","title":{"rendered":"Altoo \u00e0 la Swiss Fintech Fair 2023"},"content":{"rendered":"<div data-elementor-type=\"wp-post\" data-elementor-id=\"20229\" class=\"elementor elementor-20229\" data-elementor-post-type=\"post\">\n\t\t\t\t\t\t<section class=\"elementor-section elementor-top-section elementor-element elementor-element-2a9a660 elementor-section-boxed elementor-section-height-default elementor-section-height-default\" data-id=\"2a9a660\" data-element_type=\"section\" data-e-type=\"section\">\n\t\t\t\t\t\t<div class=\"elementor-container elementor-column-gap-default\">\n\t\t\t\t\t<div class=\"elementor-column elementor-col-100 elementor-top-column elementor-element elementor-element-f5a8a10\" data-id=\"f5a8a10\" data-element_type=\"column\" data-e-type=\"column\">\n\t\t\t<div class=\"elementor-widget-wrap elementor-element-populated\">\n\t\t\t\t\t\t<div class=\"elementor-element elementor-element-98e979b elementor-widget elementor-widget-text-editor\" data-id=\"98e979b\" data-element_type=\"widget\" data-e-type=\"widget\" data-widget_type=\"text-editor.default\">\n\t\t\t\t<div class=\"elementor-widget-container\">\n\t\t\t\t\t\t\t\t\t<p>Cet \u00e9v\u00e9nement a offert un cadre exclusif \u00e0 plus de 800 participants pour aborder des th\u00e8mes cruciaux et explorer les possibilit\u00e9s dans le secteur en constante \u00e9volution de la fintech. Notre CEO, Ian Keates, a particip\u00e9 \u00e0 un panel intitul\u00e9 \"From Startups to Scaleups : Le r\u00f4le d'avant-garde de la Suisse dans la fintech, le capital-risque et l'innovation soutenue par le gouvernement\". Sandra Tobler (CEO, Futurae) a dirig\u00e9 le panel, qui comprenait \u00e9galement Eva L\u00fcthi (Head of Entrepreneurship, Innosuisse) et Matteo Bernardis (Head of UBS Next Intelligence and Investing).<\/p>\t\t\t\t\t\t\t\t<\/div>\n\t\t\t\t<\/div>\n\t\t\t\t\t<\/div>\n\t\t<\/div>\n\t\t\t\t\t<\/div>\n\t\t<\/section>\n\t\t\t\t<section class=\"elementor-section elementor-top-section elementor-element elementor-element-31780c9 elementor-section-boxed elementor-section-height-default elementor-section-height-default\" data-id=\"31780c9\" data-element_type=\"section\" data-e-type=\"section\">\n\t\t\t\t\t\t<div class=\"elementor-container elementor-column-gap-default\">\n\t\t\t\t\t<div class=\"elementor-column elementor-col-100 elementor-top-column elementor-element elementor-element-2aa5235\" data-id=\"2aa5235\" data-element_type=\"column\" data-e-type=\"column\">\n\t\t\t<div class=\"elementor-widget-wrap elementor-element-populated\">\n\t\t\t\t\t\t<div class=\"elementor-element elementor-element-a40f42e elementor-widget elementor-widget-image\" data-id=\"a40f42e\" data-element_type=\"widget\" data-e-type=\"widget\" data-widget_type=\"image.default\">\n\t\t\t\t<div class=\"elementor-widget-container\">\n\t\t\t\t\t\t\t\t\t\t\t\t\t\t\t<img fetchpriority=\"high\" decoding=\"async\" width=\"1200\" height=\"627\" src=\"https:\/\/altoo.io\/live01\/wp-content\/uploads\/2023\/09\/ian-1200-627.jpeg\" class=\"attachment-full size-full wp-image-20341\" alt=\"\" srcset=\"https:\/\/altoo.io\/live01\/wp-content\/uploads\/2023\/09\/ian-1200-627.jpeg 1200w, https:\/\/altoo.io\/live01\/wp-content\/uploads\/2023\/09\/ian-1200-627-300x157.jpeg 300w, https:\/\/altoo.io\/live01\/wp-content\/uploads\/2023\/09\/ian-1200-627-1024x535.jpeg 1024w, https:\/\/altoo.io\/live01\/wp-content\/uploads\/2023\/09\/ian-1200-627-768x401.jpeg 768w, https:\/\/altoo.io\/live01\/wp-content\/uploads\/2023\/09\/ian-1200-627-18x9.jpeg 18w\" sizes=\"(max-width: 1200px) 100vw, 1200px\" \/>\t\t\t\t\t\t\t\t\t\t\t\t\t\t\t<\/div>\n\t\t\t\t<\/div>\n\t\t\t\t<div class=\"elementor-element elementor-element-2ad4023 elementor-widget elementor-widget-text-editor\" data-id=\"2ad4023\" data-element_type=\"widget\" data-e-type=\"widget\" data-widget_type=\"text-editor.default\">\n\t\t\t\t<div class=\"elementor-widget-container\">\n\t\t\t\t\t\t\t\t\t<p><span style=\"font-size: 16px;\"><em><strong>Ian Keates, PDG d'Altoo AG<\/strong><strong>,<\/strong> a particip\u00e9 \u00e0 une table ronde intitul\u00e9e \"From Startups to Scaleups : Le r\u00f4le d'avant-garde de la Suisse en mati\u00e8re de Fintech, de capital-risque et d'innovation soutenue par le gouvernement\".\u00a0<\/em><\/span><\/p>\t\t\t\t\t\t\t\t<\/div>\n\t\t\t\t<\/div>\n\t\t\t\t\t<\/div>\n\t\t<\/div>\n\t\t\t\t\t<\/div>\n\t\t<\/section>\n\t\t\t\t<section class=\"elementor-section elementor-top-section elementor-element elementor-element-285d880 elementor-section-boxed elementor-section-height-default elementor-section-height-default\" data-id=\"285d880\" data-element_type=\"section\" data-e-type=\"section\">\n\t\t\t\t\t\t<div class=\"elementor-container elementor-column-gap-default\">\n\t\t\t\t\t<div class=\"elementor-column elementor-col-100 elementor-top-column elementor-element elementor-element-759377d\" data-id=\"759377d\" data-element_type=\"column\" data-e-type=\"column\">\n\t\t\t<div class=\"elementor-widget-wrap elementor-element-populated\">\n\t\t\t\t\t\t<div class=\"elementor-element elementor-element-5a3a4cb elementor-widget elementor-widget-text-editor\" data-id=\"5a3a4cb\" data-element_type=\"widget\" data-e-type=\"widget\" data-widget_type=\"text-editor.default\">\n\t\t\t\t<div class=\"elementor-widget-container\">\n\t\t\t\t\t\t\t\t\t<p>Le Swiss Fintech Summit 2023 a d\u00e9but\u00e9 par un accueil chaleureux et l'opportunit\u00e9 de rejoindre l'Espace Innovation, permettant aux invit\u00e9s de r\u00e9seauter et de d\u00e9velopper des relations vitales avec une large collection d'exposants fintech.<\/p><p>Cette ann\u00e9e, le programme du Swiss Fintech Fair 2023 comprenait des conf\u00e9rences et des expos\u00e9s d'\u00e9minents experts du secteur, offrant des points de vue vari\u00e9s sur des th\u00e8mes tels que l'open banking, l'intelligence artificielle, l'\u00e9tat g\u00e9n\u00e9ral de l'environnement fintech en Suisse et dans le monde, et bien d'autres encore.<\/p><p>Les ateliers compl\u00e9mentaires ont \u00e9t\u00e9 une v\u00e9ritable ruche, d\u00e9bordant d'enthousiasme et g\u00e9n\u00e9rant d'importantes relations. Il \u00e9tait \u00e9tonnant de voir des personnes de tous horizons se r\u00e9unir pour discuter de sujets tels que la collecte de fonds et le capital-risque, ainsi que des nouvelles tendances dans le secteur de la fintech.<\/p><p>Altoo a \u00e9t\u00e9 ravie de participer \u00e0 cette atmosph\u00e8re bouillonnante et de rencontrer des experts pour conna\u00eetre leurs difficult\u00e9s technologiques sp\u00e9cifiques.<\/p>\t\t\t\t\t\t\t\t<\/div>\n\t\t\t\t<\/div>\n\t\t\t\t\t<\/div>\n\t\t<\/div>\n\t\t\t\t\t<\/div>\n\t\t<\/section>\n\t\t\t\t<\/div>","protected":false},"excerpt":{"rendered":"<p>Altoo est fi\u00e8re d'\u00eatre \u00e0 la pointe de l'innovation technique dans le domaine des technologies de la richesse. Nous appr\u00e9cions la valeur de la participation \u00e0 l'\u00e9cosyst\u00e8me fintech et de la compr\u00e9hension des possibilit\u00e9s et des difficult\u00e9s auxquelles il est confront\u00e9. C'est pourquoi nous \u00e9tions tr\u00e8s enthousiastes \u00e0 l'id\u00e9e de participer \u00e0 la Swiss Fintech Fair 2023 le 8 septembre \u00e0 Zurich.<\/p>","protected":false},"author":13,"featured_media":20348,"comment_status":"closed","ping_status":"closed","sticky":false,"template":"","format":"standard","meta":{"inline_featured_image":false,"cybocfi_hide_featured_image":"","two_page_speed":[],"footnotes":""},"categories":[184,14],"tags":[553],"class_list":["post-20229","post","type-post","status-publish","format-standard","has-post-thumbnail","hentry","category-all-insights","category-news","tag-swiss-fintech-fair-2023"],"_links":{"self":[{"href":"https:\/\/altoo.io\/fr\/wp-json\/wp\/v2\/posts\/20229","targetHints":{"allow":["GET"]}}],"collection":[{"href":"https:\/\/altoo.io\/fr\/wp-json\/wp\/v2\/posts"}],"about":[{"href":"https:\/\/altoo.io\/fr\/wp-json\/wp\/v2\/types\/post"}],"author":[{"embeddable":true,"href":"https:\/\/altoo.io\/fr\/wp-json\/wp\/v2\/users\/13"}],"replies":[{"embeddable":true,"href":"https:\/\/altoo.io\/fr\/wp-json\/wp\/v2\/comments?post=20229"}],"version-history":[{"count":49,"href":"https:\/\/altoo.io\/fr\/wp-json\/wp\/v2\/posts\/20229\/revisions"}],"predecessor-version":[{"id":20376,"href":"https:\/\/altoo.io\/fr\/wp-json\/wp\/v2\/posts\/20229\/revisions\/20376"}],"wp:featuredmedia":[{"embeddable":true,"href":"https:\/\/altoo.io\/fr\/wp-json\/wp\/v2\/media\/20348"}],"wp:attachment":[{"href":"https:\/\/altoo.io\/fr\/wp-json\/wp\/v2\/media?parent=20229"}],"wp:term":[{"taxonomy":"category","embeddable":true,"href":"https:\/\/altoo.io\/fr\/wp-json\/wp\/v2\/categories?post=20229"},{"taxonomy":"post_tag","embeddable":true,"href":"https:\/\/altoo.io\/fr\/wp-json\/wp\/v2\/tags?post=20229"}],"curies":[{"name":"wp","href":"https:\/\/api.w.org\/{rel}","templated":true}]}}