{"id":20009,"date":"2023-09-07T10:00:20","date_gmt":"2023-09-07T08:00:20","guid":{"rendered":"https:\/\/altoo.io\/?p=20009"},"modified":"2023-09-07T08:58:27","modified_gmt":"2023-09-07T06:58:27","slug":"sheryl-sandberg-en-profil","status":"publish","type":"post","link":"https:\/\/altoo.io\/fr\/sheryl-sandberg-in-profile\/","title":{"rendered":"Qui est Sheryl Sandberg"},"content":{"rendered":"<div data-elementor-type=\"wp-post\" data-elementor-id=\"20009\" class=\"elementor elementor-20009\" data-elementor-post-type=\"post\">\n\t\t\t\t\t\t<section class=\"elementor-section elementor-top-section elementor-element elementor-element-adaa7eb elementor-section-boxed elementor-section-height-default elementor-section-height-default\" data-id=\"adaa7eb\" data-element_type=\"section\" data-e-type=\"section\">\n\t\t\t\t\t\t<div class=\"elementor-container elementor-column-gap-default\">\n\t\t\t\t\t<div class=\"elementor-column elementor-col-100 elementor-top-column elementor-element elementor-element-d9ba51e\" data-id=\"d9ba51e\" data-element_type=\"column\" data-e-type=\"column\">\n\t\t\t<div class=\"elementor-widget-wrap elementor-element-populated\">\n\t\t\t\t\t\t<div class=\"elementor-element elementor-element-28e5562 elementor-widget elementor-widget-image\" data-id=\"28e5562\" data-element_type=\"widget\" data-e-type=\"widget\" data-widget_type=\"image.default\">\n\t\t\t\t<div class=\"elementor-widget-container\">\n\t\t\t\t\t\t\t\t\t\t\t\t\t\t\t<img fetchpriority=\"high\" decoding=\"async\" width=\"800\" height=\"532\" src=\"https:\/\/altoo.io\/live01\/wp-content\/uploads\/2023\/09\/Sheryl-Sandberg.jpg\" class=\"attachment-large size-large wp-image-20012\" alt=\"\" srcset=\"https:\/\/altoo.io\/live01\/wp-content\/uploads\/2023\/09\/Sheryl-Sandberg.jpg 800w, https:\/\/altoo.io\/live01\/wp-content\/uploads\/2023\/09\/Sheryl-Sandberg-300x200.jpg 300w, https:\/\/altoo.io\/live01\/wp-content\/uploads\/2023\/09\/Sheryl-Sandberg-768x511.jpg 768w, https:\/\/altoo.io\/live01\/wp-content\/uploads\/2023\/09\/Sheryl-Sandberg-18x12.jpg 18w\" sizes=\"(max-width: 800px) 100vw, 800px\" \/>\t\t\t\t\t\t\t\t\t\t\t\t\t\t\t<\/div>\n\t\t\t\t<\/div>\n\t\t\t\t<div class=\"elementor-element elementor-element-0105c05 elementor-widget elementor-widget-text-editor\" data-id=\"0105c05\" data-element_type=\"widget\" data-e-type=\"widget\" data-widget_type=\"text-editor.default\">\n\t\t\t\t<div class=\"elementor-widget-container\">\n\t\t\t\t\t\t\t\t\t<h4><b>Vie professionnelle et r\u00e9alisations<\/b><\/h4><p><span style=\"font-weight: 400;\">En 2001, Mme Sandberg a rejoint la soci\u00e9t\u00e9 de moteurs de recherche Google, Inc. en tant que directrice g\u00e9n\u00e9rale de la division. Peu apr\u00e8s, elle est devenue vice-pr\u00e9sidente des ventes et op\u00e9rations mondiales en ligne. Elle \u00e9tait responsable du d\u00e9veloppement d'AdWords, qui diffuse des annonces textuelles sur les pages de r\u00e9sultats de recherche, et d'AdSense, qui diffuse des annonces pertinentes sur les sites web des particuliers et des entreprises qui ont pass\u00e9 un contrat avec Google. \u00c0 ce titre, elle a \u00e9galement contribu\u00e9 \u00e0 fa\u00e7onner l'image de Google.\u00a0<\/span><\/p><p><span style=\"font-weight: 400;\">En 2004, elle a \u00e9t\u00e9 charg\u00e9e de Google.org, la branche philanthropique et \u00e0 but lucratif de Google qui se concentre sur des questions telles que le changement climatique, la sant\u00e9 publique et la pauvret\u00e9. En 2008, Mme Sandberg a \u00e9t\u00e9 engag\u00e9e comme premi\u00e8re directrice de l'exploitation de Facebook. Facebook a connu une croissance impressionnante depuis sa cr\u00e9ation en 2004, et son fondateur Mark Zuckerberg a d\u00e9clar\u00e9 qu'il avait besoin d'une personne ayant plus d'exp\u00e9rience en tant que cadre (comme Mme Sandberg) pour superviser les op\u00e9rations quotidiennes de l'entreprise. Elle est donc devenue la deuxi\u00e8me personne la plus importante apr\u00e8s Zuckerberg.\u00a0<\/span><\/p><p><span style=\"font-weight: 400;\">\u00a0<\/span><\/p><h4><b>Engagement sp\u00e9cial en faveur des femmes d'affaires\u00a0<\/b><\/h4><p><span style=\"font-weight: 400;\">Mme Sandberg est devenue une fervente partisane d'une approche plus proactive pour les femmes d\u00e9sireuses de r\u00e9ussir dans les affaires. Elle a souvent soulign\u00e9 qu'en d\u00e9pit des progr\u00e8s consid\u00e9rables r\u00e9alis\u00e9s par les femmes gr\u00e2ce au f\u00e9minisme, les chefs d'entreprise sont encore majoritairement des hommes et que les femmes ont un \"d\u00e9ficit d'ambition\" \u00e0 combler. Elle a \u00e9galement abord\u00e9 cette question dans son livre \"Lean In : Women, Work, and the Will to Lead\" (2013). Dans \"Lean In\", elle raconte son histoire personnelle, s'appuie sur des recherches pour r\u00e9v\u00e9ler les diff\u00e9rences entre les sexes et donne des conseils pratiques sur la mani\u00e8re dont les femmes peuvent atteindre leurs objectifs. \"Ce livre nous incite \u00e0 cesser de parler de ce que les femmes ne peuvent pas faire et \u00e0 commencer \u00e0 parler de ce que nous pouvons faire et \u00e0 travailler ensemble pour un monde plus \u00e9galitaire\", ont d\u00e9clar\u00e9 des critiques en ligne \u00e0 propos de la publication.\u00a0<\/span><\/p><p><span style=\"font-weight: 400;\">Le livre a co\u00efncid\u00e9 avec le lancement de Lean In, une organisation \u00e9ducative et communautaire destin\u00e9e aux femmes d'affaires. Si les r\u00e9actions \u00e0 l'ouvrage de Mme Sandberg ont \u00e9t\u00e9 g\u00e9n\u00e9ralement positives, certaines critiques ont soulign\u00e9 que son exp\u00e9rience et sa position \u00e9taient si rares et uniques qu'elles n'avaient rien \u00e0 voir avec la femme active typique.\u00a0<\/span><\/p><p><span style=\"font-weight: 400;\">Toutefois, cela n'a pas affect\u00e9 le succ\u00e8s du livre ni ses projets de se concentrer sur la philanthropie \u00e0 l'avenir.<\/span><\/p>\t\t\t\t\t\t\t\t<\/div>\n\t\t\t\t<\/div>\n\t\t\t\t\t<\/div>\n\t\t<\/div>\n\t\t\t\t\t<\/div>\n\t\t<\/section>\n\t\t\t\t<\/div>","protected":false},"excerpt":{"rendered":"<p>Sheryl Sandberg est l'une des dirigeantes les plus en vue de la Silicon Valley. Elle a fait de Facebook un g\u00e9ant mondial de la technologie et a contribu\u00e9 \u00e0 fa\u00e7onner Google tel que nous le connaissons aujourd'hui. Examinons donc de plus pr\u00e8s la personnalit\u00e9 de Sheryl Sandberg.<\/p>","protected":false},"author":13,"featured_media":20013,"comment_status":"closed","ping_status":"closed","sticky":false,"template":"","format":"standard","meta":{"inline_featured_image":false,"cybocfi_hide_featured_image":"","two_page_speed":[],"footnotes":""},"categories":[184,73,545,84],"tags":[540],"class_list":["post-20009","post","type-post","status-publish","format-standard","has-post-thumbnail","hentry","category-all-insights","category-explore-by-topic","category-people","category-women","tag-sheryl-sandberg"],"_links":{"self":[{"href":"https:\/\/altoo.io\/fr\/wp-json\/wp\/v2\/posts\/20009","targetHints":{"allow":["GET"]}}],"collection":[{"href":"https:\/\/altoo.io\/fr\/wp-json\/wp\/v2\/posts"}],"about":[{"href":"https:\/\/altoo.io\/fr\/wp-json\/wp\/v2\/types\/post"}],"author":[{"embeddable":true,"href":"https:\/\/altoo.io\/fr\/wp-json\/wp\/v2\/users\/13"}],"replies":[{"embeddable":true,"href":"https:\/\/altoo.io\/fr\/wp-json\/wp\/v2\/comments?post=20009"}],"version-history":[{"count":7,"href":"https:\/\/altoo.io\/fr\/wp-json\/wp\/v2\/posts\/20009\/revisions"}],"predecessor-version":[{"id":20053,"href":"https:\/\/altoo.io\/fr\/wp-json\/wp\/v2\/posts\/20009\/revisions\/20053"}],"wp:featuredmedia":[{"embeddable":true,"href":"https:\/\/altoo.io\/fr\/wp-json\/wp\/v2\/media\/20013"}],"wp:attachment":[{"href":"https:\/\/altoo.io\/fr\/wp-json\/wp\/v2\/media?parent=20009"}],"wp:term":[{"taxonomy":"category","embeddable":true,"href":"https:\/\/altoo.io\/fr\/wp-json\/wp\/v2\/categories?post=20009"},{"taxonomy":"post_tag","embeddable":true,"href":"https:\/\/altoo.io\/fr\/wp-json\/wp\/v2\/tags?post=20009"}],"curies":[{"name":"wp","href":"https:\/\/api.w.org\/{rel}","templated":true}]}}