{"id":19963,"date":"2023-09-06T10:00:25","date_gmt":"2023-09-06T08:00:25","guid":{"rendered":"https:\/\/altoo.io\/?p=19963"},"modified":"2023-09-06T08:00:32","modified_gmt":"2023-09-06T06:00:32","slug":"croissance-zero-de-leconomie-suisse","status":"publish","type":"post","link":"https:\/\/altoo.io\/fr\/zero-growth-of-the-swiss-economy\/","title":{"rendered":"Croissance Z\u00e9ro de l'Economie Suisse"},"content":{"rendered":"<div data-elementor-type=\"wp-post\" data-elementor-id=\"19963\" class=\"elementor elementor-19963\" data-elementor-post-type=\"post\">\n\t\t\t\t\t\t<section class=\"elementor-section elementor-top-section elementor-element elementor-element-974a863 elementor-section-boxed elementor-section-height-default elementor-section-height-default\" data-id=\"974a863\" data-element_type=\"section\" data-e-type=\"section\">\n\t\t\t\t\t\t<div class=\"elementor-container elementor-column-gap-default\">\n\t\t\t\t\t<div class=\"elementor-column elementor-col-100 elementor-top-column elementor-element elementor-element-aa992f1\" data-id=\"aa992f1\" data-element_type=\"column\" data-e-type=\"column\">\n\t\t\t<div class=\"elementor-widget-wrap elementor-element-populated\">\n\t\t\t\t\t\t<div class=\"elementor-element elementor-element-c67959d elementor-widget elementor-widget-text-editor\" data-id=\"c67959d\" data-element_type=\"widget\" data-e-type=\"widget\" data-widget_type=\"text-editor.default\">\n\t\t\t\t<div class=\"elementor-widget-container\">\n\t\t\t\t\t\t\t\t\t<p><span style=\"font-weight: 400;\">Le groupe d'experts sur les pr\u00e9visions \u00e9conomiques s'attend \u00e0 un affaiblissement de l'\u00e9conomie suisse en 2023, avec une croissance \u00e9conomique nettement inf\u00e9rieure \u00e0 la moyenne de 1,1% (corrig\u00e9e des \u00e9v\u00e9nements sportifs), indique le Secr\u00e9tariat d'\u00c9tat \u00e0 l'\u00e9conomie (SECO) dans son rapport. Ces pr\u00e9visions reposent sur l'hypoth\u00e8se qu'il n'y aura pas de p\u00e9nurie d'\u00e9nergie avec des temps d'arr\u00eat au cours de l'hiver 2023-2024. Dans le m\u00eame temps, les prix du gaz et de l'\u00e9lectricit\u00e9 devraient rester \u00e9lev\u00e9s en comparaison historique.<\/span><\/p><p>\u00a0<\/p><h4><b>R\u00e9duction des emplois<\/b><\/h4><p><span style=\"font-weight: 400;\">Les r\u00e9centes suppressions d'emplois indiquent que l'\u00e9conomie suisse n'est pas au beau fixe au second semestre. L'entreprise de construction Arbonia, qui emploie environ 6 300 personnes, supprime jusqu'\u00e0 600 emplois. Rieter, un fabricant de machines \u00e0 filer et \u00e0 couper, a supprim\u00e9 jusqu'\u00e0 900 emplois, car il \u00e9tait depuis longtemps confront\u00e9 \u00e0 la faiblesse de la demande dans l'industrie textile. L'entreprise m\u00e9dicale Idorsia n'a pas lev\u00e9 suffisamment de fonds pour les investissements pr\u00e9vus et envisage maintenant de supprimer jusqu'\u00e0 500 emplois.<\/span><\/p><p><span style=\"font-weight: 400;\">Les entreprises industrielles suisses sont fortement orient\u00e9es vers l'exportation. Elles estiment que l'\u00e9conomie des principaux march\u00e9s d'Europe, des \u00c9tats-Unis et de la Chine s'est r\u00e9cemment ralentie. De plus, les augmentations des taux d'int\u00e9r\u00eat des banques centrales ont un impact dans le monde entier. De nombreux acheteurs se demandent s'ils peuvent se permettre d'acheter une machine co\u00fbteuse ou un nouveau b\u00e2timent.<\/span><\/p><p>\u00a0<\/p><h4><b>Les budgets, un coup de pouce \u00e0 l'\u00e9conomie<\/b><\/h4><p><span style=\"font-weight: 400;\">D'autre part, la consommation priv\u00e9e en Suisse est \u00e9tonnamment bonne, ce qui soutient actuellement l'\u00e9conomie du pays. Les gens continuent de d\u00e9penser beaucoup d'argent et les d\u00e9penses des m\u00e9nages augmentent. La forte immigration stimule \u00e9galement la consommation priv\u00e9e ; lorsqu'il y a plus de gens dans le pays, il y a plus de d\u00e9penses. Le secteur des services s'en trouve \u00e9galement stimul\u00e9.<\/span><\/p><p><span style=\"font-weight: 400;\">Selon le Groupe d'experts pour les pr\u00e9visions conjoncturelles (SECO), le PIB devrait \u00e9voluer de mani\u00e8re lat\u00e9rale. Sur l'ensemble de l'ann\u00e9e, une faible croissance du PIB r\u00e9el d'environ 1% pourrait en r\u00e9sulter, principalement parce que le d\u00e9but de l'ann\u00e9e a encore \u00e9t\u00e9 \u00e9tonnamment fort. Les observateurs \u00e9conomiques ne s'attendent pas \u00e0 une r\u00e9cession, mais ils ne s'attendent pas non plus \u00e0 une dynamique de croissance importante.<\/span><\/p>\t\t\t\t\t\t\t\t<\/div>\n\t\t\t\t<\/div>\n\t\t\t\t\t<\/div>\n\t\t<\/div>\n\t\t\t\t\t<\/div>\n\t\t<\/section>\n\t\t\t\t<\/div>","protected":false},"excerpt":{"rendered":"<p>L'ann\u00e9e derni\u00e8re encore, la plupart des entreprises industrielles suisses se portaient \u00e0 merveille. L'\u00e9conomie a connu une croissance plus forte que pr\u00e9vu ; le produit int\u00e9rieur brut (PIB) r\u00e9el a augment\u00e9 de 2,6%, selon les comptes nationaux. Cette ann\u00e9e, cependant, sera plus difficile.<\/p>","protected":false},"author":13,"featured_media":19964,"comment_status":"closed","ping_status":"closed","sticky":false,"template":"","format":"standard","meta":{"inline_featured_image":false,"cybocfi_hide_featured_image":"","two_page_speed":[],"footnotes":""},"categories":[184,62,55,73,85],"tags":[489],"class_list":["post-19963","post","type-post","status-publish","format-standard","has-post-thumbnail","hentry","category-all-insights","category-analysis","category-economic-outlook","category-explore-by-topic","category-switzerland","tag-swiss-economy"],"_links":{"self":[{"href":"https:\/\/altoo.io\/fr\/wp-json\/wp\/v2\/posts\/19963","targetHints":{"allow":["GET"]}}],"collection":[{"href":"https:\/\/altoo.io\/fr\/wp-json\/wp\/v2\/posts"}],"about":[{"href":"https:\/\/altoo.io\/fr\/wp-json\/wp\/v2\/types\/post"}],"author":[{"embeddable":true,"href":"https:\/\/altoo.io\/fr\/wp-json\/wp\/v2\/users\/13"}],"replies":[{"embeddable":true,"href":"https:\/\/altoo.io\/fr\/wp-json\/wp\/v2\/comments?post=19963"}],"version-history":[{"count":6,"href":"https:\/\/altoo.io\/fr\/wp-json\/wp\/v2\/posts\/19963\/revisions"}],"predecessor-version":[{"id":19993,"href":"https:\/\/altoo.io\/fr\/wp-json\/wp\/v2\/posts\/19963\/revisions\/19993"}],"wp:featuredmedia":[{"embeddable":true,"href":"https:\/\/altoo.io\/fr\/wp-json\/wp\/v2\/media\/19964"}],"wp:attachment":[{"href":"https:\/\/altoo.io\/fr\/wp-json\/wp\/v2\/media?parent=19963"}],"wp:term":[{"taxonomy":"category","embeddable":true,"href":"https:\/\/altoo.io\/fr\/wp-json\/wp\/v2\/categories?post=19963"},{"taxonomy":"post_tag","embeddable":true,"href":"https:\/\/altoo.io\/fr\/wp-json\/wp\/v2\/tags?post=19963"}],"curies":[{"name":"wp","href":"https:\/\/api.w.org\/{rel}","templated":true}]}}