{"id":19640,"date":"2023-09-04T10:00:38","date_gmt":"2023-09-04T08:00:38","guid":{"rendered":"https:\/\/altoo.io\/?p=19640"},"modified":"2023-09-28T07:38:44","modified_gmt":"2023-09-28T05:38:44","slug":"orbans-hongrie-nouveaux-trucs-dans-lancien-systeme","status":"publish","type":"post","link":"https:\/\/altoo.io\/fr\/orbans-hungary-new-tricks-in-the-old-system\/","title":{"rendered":"Ce qu'il faut savoir sur la Hongrie d'Orb\u00e1n"},"content":{"rendered":"<div data-elementor-type=\"wp-post\" data-elementor-id=\"19640\" class=\"elementor elementor-19640\" data-elementor-post-type=\"post\">\n\t\t\t\t\t\t<section class=\"elementor-section elementor-top-section elementor-element elementor-element-463d49e elementor-section-boxed elementor-section-height-default elementor-section-height-default\" data-id=\"463d49e\" data-element_type=\"section\" data-e-type=\"section\">\n\t\t\t\t\t\t<div class=\"elementor-container elementor-column-gap-default\">\n\t\t\t\t\t<div class=\"elementor-column elementor-col-100 elementor-top-column elementor-element elementor-element-d81de91\" data-id=\"d81de91\" data-element_type=\"column\" data-e-type=\"column\">\n\t\t\t<div class=\"elementor-widget-wrap elementor-element-populated\">\n\t\t\t\t\t\t<div class=\"elementor-element elementor-element-6f9bee0 elementor-widget elementor-widget-image\" data-id=\"6f9bee0\" data-element_type=\"widget\" data-e-type=\"widget\" data-widget_type=\"image.default\">\n\t\t\t\t<div class=\"elementor-widget-container\">\n\t\t\t\t\t\t\t\t\t\t\t\t<figure class=\"wp-caption\">\n\t\t\t\t\t\t\t\t\t\t<img fetchpriority=\"high\" decoding=\"async\" width=\"800\" height=\"457\" src=\"https:\/\/altoo.io\/live01\/wp-content\/uploads\/2023\/09\/Viktor-Orban.jpg\" class=\"attachment-large size-large wp-image-19641\" alt=\"\" srcset=\"https:\/\/altoo.io\/live01\/wp-content\/uploads\/2023\/09\/Viktor-Orban.jpg 800w, https:\/\/altoo.io\/live01\/wp-content\/uploads\/2023\/09\/Viktor-Orban-300x171.jpg 300w, https:\/\/altoo.io\/live01\/wp-content\/uploads\/2023\/09\/Viktor-Orban-768x439.jpg 768w, https:\/\/altoo.io\/live01\/wp-content\/uploads\/2023\/09\/Viktor-Orban-18x10.jpg 18w\" sizes=\"(max-width: 800px) 100vw, 800px\" \/>\t\t\t\t\t\t\t\t\t\t\t<figcaption class=\"widget-image-caption wp-caption-text\">Viktor Orb\u00e1n remporte un troisi\u00e8me mandat. Ses d\u00e9tracteurs craignent que la supermajorit\u00e9, qui permet au parti au pouvoir de modifier la constitution, ne permette \u00e0 M. Orb\u00e1n de \"renforcer sa ma\u00eetrise de la structure de pouvoir centralis\u00e9e du pays\", comme l'a rapport\u00e9 le magazine Time l'ann\u00e9e derni\u00e8re.<\/figcaption>\n\t\t\t\t\t\t\t\t\t\t<\/figure>\n\t\t\t\t\t\t\t\t\t<\/div>\n\t\t\t\t<\/div>\n\t\t\t\t<div class=\"elementor-element elementor-element-9b2365c elementor-widget elementor-widget-text-editor\" data-id=\"9b2365c\" data-element_type=\"widget\" data-e-type=\"widget\" data-widget_type=\"text-editor.default\">\n\t\t\t\t<div class=\"elementor-widget-container\">\n\t\t\t\t\t\t\t\t\t<p><span style=\"font-weight: 400;\">Bien que l'inflation en Hongrie soit tomb\u00e9e \u00e0 17,6% en juillet 2023, elle restait la plus \u00e9lev\u00e9e de l'UE (5,3% dans la zone euro). Cette situation a contraint de nombreux Hongrois \u00e0 limiter leur consommation. Comme le rapporte le journal allemand Handelsblatt, les ventes au d\u00e9tail ont chut\u00e9 de 4,5% au cours de l'ann\u00e9e. Le gouvernement a introduit la couverture des prix pour les denr\u00e9es alimentaires les plus essentielles au printemps, mais avec les r\u00e9ductions de l'inflation estivale, le plafond a \u00e9t\u00e9 fix\u00e9 au d\u00e9but du mois d'ao\u00fbt 2023.<\/span><\/p><p><span style=\"font-weight: 400;\">La majorit\u00e9 confortable des deux tiers au Parlement permet \u00e0 M. Orb\u00e1n d'introduire diverses mesures \u00e9conomiques en plus des amendements constitutionnels. Ses fr\u00e9quentes d\u00e9clarations sur le soutien pr\u00e9f\u00e9rentiel aux populations locales peuvent sembler patriotiques \u00e0 son \u00e9lectorat. Mais cela ne s'applique qu'aux amis qui sont d'accord avec la politique du gouvernement.<\/span><\/p>\t\t\t\t\t\t\t\t<\/div>\n\t\t\t\t<\/div>\n\t\t\t\t<div class=\"elementor-element elementor-element-55d0c6b elementor-widget elementor-widget-image\" data-id=\"55d0c6b\" data-element_type=\"widget\" data-e-type=\"widget\" data-widget_type=\"image.default\">\n\t\t\t\t<div class=\"elementor-widget-container\">\n\t\t\t\t\t\t\t\t\t\t\t\t<figure class=\"wp-caption\">\n\t\t\t\t\t\t\t\t\t\t<img decoding=\"async\" width=\"800\" height=\"507\" src=\"https:\/\/altoo.io\/live01\/wp-content\/uploads\/2023\/09\/Map-of-Hungary.jpg\" class=\"attachment-large size-large wp-image-19642\" alt=\"\" srcset=\"https:\/\/altoo.io\/live01\/wp-content\/uploads\/2023\/09\/Map-of-Hungary.jpg 800w, https:\/\/altoo.io\/live01\/wp-content\/uploads\/2023\/09\/Map-of-Hungary-300x190.jpg 300w, https:\/\/altoo.io\/live01\/wp-content\/uploads\/2023\/09\/Map-of-Hungary-768x487.jpg 768w, https:\/\/altoo.io\/live01\/wp-content\/uploads\/2023\/09\/Map-of-Hungary-18x12.jpg 18w\" sizes=\"(max-width: 800px) 100vw, 800px\" \/>\t\t\t\t\t\t\t\t\t\t\t<figcaption class=\"widget-image-caption wp-caption-text\">La Hongrie est un pays enclav\u00e9 d'Europe centrale. Le pays compte 9,7 millions d'habitants. Le hongrois, la langue officielle, est la langue ouralienne la plus parl\u00e9e au monde et l'une des rares langues non indo-europ\u00e9ennes largement parl\u00e9es en Europe.<\/figcaption>\n\t\t\t\t\t\t\t\t\t\t<\/figure>\n\t\t\t\t\t\t\t\t\t<\/div>\n\t\t\t\t<\/div>\n\t\t\t\t<div class=\"elementor-element elementor-element-aa40dc4 elementor-widget elementor-widget-text-editor\" data-id=\"aa40dc4\" data-element_type=\"widget\" data-e-type=\"widget\" data-widget_type=\"text-editor.default\">\n\t\t\t\t<div class=\"elementor-widget-container\">\n\t\t\t\t\t\t\t\t\t<div class=\"mceTemp\">\u00a0<\/div><h4><b>Taxes sp\u00e9ciales arbitraires<\/b><\/h4><p><span style=\"font-weight: 400;\">Les entreprises \u00e9trang\u00e8res sont dans la pire situation car elles ont r\u00e9cemment \u00e9t\u00e9 soumises \u00e0 des taxes sp\u00e9ciales arbitraires. Par exemple, les cimentiers paient une \"taxe mini\u00e8re\" sur un certain prix du ciment, qui est actuellement inf\u00e9rieur aux co\u00fbts de production. Il existe trois cimenteries en Hongrie, dont deux sont des coentreprises entre Heidelberg Materials et la soci\u00e9t\u00e9 suisse Holcim. Pour minimiser les pertes, la soci\u00e9t\u00e9 suisse Holcim a d\u00e9j\u00e0 r\u00e9duit sa production. Depuis f\u00e9vrier 2023, les fabricants de briques sont soumis \u00e0 un r\u00e9gime similaire \u00e0 celui des producteurs de ciment, mais uniquement ceux dont le chiffre d'affaires est sup\u00e9rieur \u00e0 trois milliards de forints (environ 7,7 millions d'euros). Seules des entreprises \u00e9trang\u00e8res affichent des chiffres d'affaires aussi \u00e9lev\u00e9s : deux entreprises autrichiennes et une entreprise fran\u00e7aise.<\/span><\/p><p><span style=\"font-weight: 400;\">Les taxes sp\u00e9ciales font partie de la strat\u00e9gie d'Orb\u00e1n visant \u00e0 forcer les entreprises \u00e9trang\u00e8res \u00e0 vendre ou \u00e0 conc\u00e9der leur propri\u00e9t\u00e9. Elles font ainsi de la place aux investisseurs locaux, au moins sous la forme d'une participation dans l'entreprise. Il y a un an, le Premier ministre a annonc\u00e9 que le gouvernement avait r\u00e9ussi \u00e0 augmenter la part des investisseurs nationaux dans les secteurs de l'\u00e9nergie, de la banque et des m\u00e9dias. \"Mais il y a des secteurs o\u00f9 nous n'avons pas encore fait bonne figure. La politique d'exclusion se poursuit. L'objectif principal des mesures est d'inciter les adeptes \u00e0 investir en eux-m\u00eames. Un syst\u00e8me corrompu est en train de se mettre en place : ce n'est pas le meilleur entrepreneur qui obtient une mission, mais celui qui appartient au cercle du dirigeant politique. La concurrence est partiellement exclue.<\/span><\/p><h4><b>Soutien \u00e0 des projets s\u00e9lectionn\u00e9s<\/b><\/h4><p><span style=\"font-weight: 400;\">Estimant suivre les derni\u00e8res tendances, Viktor Orb\u00e1n veut faire de son pays l'un des plus grands producteurs de batteries pour v\u00e9hicules \u00e9lectriques. Les grandes entreprises re\u00e7oivent d'importantes subventions financi\u00e8res lorsqu'elles s'installent en Hongrie. Dans certains cas, l'UE soup\u00e7onne le gouvernement de fournir des aides interdites. Le fabricant chinois de batteries CATL pr\u00e9voit d'investir 7,3 milliards d'euros dans une usine situ\u00e9e dans la ville de Debrecen, dans l'est de la Hongrie. Il s'agit de l'un des plus gros investissements jamais r\u00e9alis\u00e9s dans une usine en Europe. D'autres fabricants de batteries asiatiques sont d\u00e9j\u00e0 pr\u00e9sents en Hongrie ou pr\u00e9voient de s'y implanter. Ils apportent \u00e9galement leur main-d'\u0153uvre.<\/span><\/p><p><span style=\"font-weight: 400;\">Depuis un certain temps, les experts critiquent le fait que les entreprises \u00e9trang\u00e8res install\u00e9es en Hongrie se contentent presque exclusivement de produire, mais ne font que peu de recherche dans le pays et n'organisent pas leurs ventes \u00e0 partir de celui-ci. Le pays ne profite donc que tr\u00e8s peu des investissements \u00e9trangers. La Hongrie risque de rester bloqu\u00e9e sur le plan \u00e9conomique.<\/span><\/p><p><span style=\"font-weight: 400;\">Le pays devient un probl\u00e8me de plus en plus important pour l'UE. Non seulement en raison de sa politique LGBTQ+ controvers\u00e9e, qui exclut toute place pour les homosexuels, mais aussi parce qu'il viole les r\u00e8gles du march\u00e9 int\u00e9rieur de l'UE. Orb\u00e1n viole les r\u00e8gles du march\u00e9 int\u00e9rieur de l'UE en brimant certaines entreprises \u00e9trang\u00e8res et en en promouvant d'autres de mani\u00e8re opaque.<\/span><\/p><h4><b>L'UE et Soros sont ennemis<\/b><\/h4><p><span style=\"font-weight: 400;\">Chez lui, dans la soci\u00e9t\u00e9 traditionnelle et conservatrice qui r\u00eave encore de la Grande Hongrie (en 1920, suite au trait\u00e9 de Trianon, la Hongrie a d\u00fb c\u00e9der 72% de son territoire et a perdu pr\u00e8s de trois millions d'habitants, pour la plupart des minorit\u00e9s ethniques), la lutte raisonn\u00e9e contre Bruxelles lui apporte toujours des points politiques.<\/span><\/p><p><span style=\"font-weight: 400;\">En ce qui concerne les individus, il y a aussi un ennemi jur\u00e9 : George Soros, l'homme d'affaires et philanthrope am\u00e9ricano-hongrois. Soros, \"l'homme le plus corrompu du monde\", travaille \u00e0 Bruxelles \"pour nuire aux Hongrois partout o\u00f9 il le peut\", a d\u00e9clar\u00e9 le premier ministre dans une interview accord\u00e9e \u00e0 Kossuth Radio il y a trois ans. \"Il n'est pas normal que nous restions assis ici, que nous repoussions ces attaques et que nous pr\u00e9tendions que cela va de soi\", a-t-il ajout\u00e9. M. Orb\u00e1n a \u00e9galement d\u00e9clar\u00e9 qu'il fallait de \"grandes r\u00e9alisations\" pour emp\u00eacher M. Soros \"d'infliger des milliards d'euros de dommages \u00e0 la Hongrie\".<\/span><\/p><p><span style=\"font-weight: 400;\">George Soros a soutenu Viktor Orb\u00e1n et un certain nombre d'autres responsables \u00e0 la fin des ann\u00e9es 1980 et au d\u00e9but des ann\u00e9es 1990. \"J'ai soutenu Orb\u00e1n parce qu'il \u00e9tait un partisan tr\u00e8s actif de la soci\u00e9t\u00e9 ouverte \u00e0 l'\u00e9poque. Mais il est devenu un exploiteur et le cr\u00e9ateur d'un \u00c9tat mafieux\", a d\u00e9clar\u00e9 George Soros dans une interview accord\u00e9e au Guardian en 2019. George Soros critique r\u00e9guli\u00e8rement le pr\u00e9sident hongrois pour avoir \"construit un syst\u00e8me kleptocratique sophistiqu\u00e9 pour voler aveugl\u00e9ment le pays.\"<\/span><\/p>\t\t\t\t\t\t\t\t<\/div>\n\t\t\t\t<\/div>\n\t\t\t\t\t<\/div>\n\t\t<\/div>\n\t\t\t\t\t<\/div>\n\t\t<\/section>\n\t\t\t\t<\/div>","protected":false},"excerpt":{"rendered":"<p>\"Nous avons remport\u00e9 une \u00e9norme victoire. M\u00eame depuis la Lune, on peut le voir, mais s\u00fbrement depuis Bruxelles\", a d\u00e9clar\u00e9 le Premier ministre hongrois r\u00e9\u00e9lu Viktor Orb\u00e1n peu apr\u00e8s la publication des r\u00e9sultats des \u00e9lections en 2022. \u00c0 l'\u00e9tranger, un personnage controvers\u00e9 ; \u00e0 l'int\u00e9rieur, un roi qui est au pouvoir depuis 2010 sans interruption. La situation \u00e9conomique de la Hongrie n'est pas du tout satisfaisante.<\/p>","protected":false},"author":13,"featured_media":19643,"comment_status":"closed","ping_status":"closed","sticky":false,"template":"","format":"standard","meta":{"inline_featured_image":false,"cybocfi_hide_featured_image":"","two_page_speed":[],"footnotes":""},"categories":[184,62,55],"tags":[522],"class_list":["post-19640","post","type-post","status-publish","format-standard","has-post-thumbnail","hentry","category-all-insights","category-analysis","category-economic-outlook","tag-orbans-hungary"],"_links":{"self":[{"href":"https:\/\/altoo.io\/fr\/wp-json\/wp\/v2\/posts\/19640","targetHints":{"allow":["GET"]}}],"collection":[{"href":"https:\/\/altoo.io\/fr\/wp-json\/wp\/v2\/posts"}],"about":[{"href":"https:\/\/altoo.io\/fr\/wp-json\/wp\/v2\/types\/post"}],"author":[{"embeddable":true,"href":"https:\/\/altoo.io\/fr\/wp-json\/wp\/v2\/users\/13"}],"replies":[{"embeddable":true,"href":"https:\/\/altoo.io\/fr\/wp-json\/wp\/v2\/comments?post=19640"}],"version-history":[{"count":10,"href":"https:\/\/altoo.io\/fr\/wp-json\/wp\/v2\/posts\/19640\/revisions"}],"predecessor-version":[{"id":23094,"href":"https:\/\/altoo.io\/fr\/wp-json\/wp\/v2\/posts\/19640\/revisions\/23094"}],"wp:featuredmedia":[{"embeddable":true,"href":"https:\/\/altoo.io\/fr\/wp-json\/wp\/v2\/media\/19643"}],"wp:attachment":[{"href":"https:\/\/altoo.io\/fr\/wp-json\/wp\/v2\/media?parent=19640"}],"wp:term":[{"taxonomy":"category","embeddable":true,"href":"https:\/\/altoo.io\/fr\/wp-json\/wp\/v2\/categories?post=19640"},{"taxonomy":"post_tag","embeddable":true,"href":"https:\/\/altoo.io\/fr\/wp-json\/wp\/v2\/tags?post=19640"}],"curies":[{"name":"wp","href":"https:\/\/api.w.org\/{rel}","templated":true}]}}