{"id":19319,"date":"2023-08-31T10:00:22","date_gmt":"2023-08-31T08:00:22","guid":{"rendered":"https:\/\/altoo.io\/?p=19319"},"modified":"2023-09-04T10:08:10","modified_gmt":"2023-09-04T08:08:10","slug":"ce-quil-faut-savoir-sur-la-ministre-suisse-des-finances-karin-keller-sutter","status":"publish","type":"post","link":"https:\/\/altoo.io\/fr\/what-to-know-about-the-swiss-finance-minister-karin-keller-sutter\/","title":{"rendered":"Ce qu'il Faut Savoir sur la Ministre Suisse des Finances Karin Keller-Sutter"},"content":{"rendered":"<div data-elementor-type=\"wp-post\" data-elementor-id=\"19319\" class=\"elementor elementor-19319\" data-elementor-post-type=\"post\">\n\t\t\t\t\t\t<section class=\"elementor-section elementor-top-section elementor-element elementor-element-1d01741 elementor-section-boxed elementor-section-height-default elementor-section-height-default\" data-id=\"1d01741\" data-element_type=\"section\" data-e-type=\"section\">\n\t\t\t\t\t\t<div class=\"elementor-container elementor-column-gap-default\">\n\t\t\t\t\t<div class=\"elementor-column elementor-col-100 elementor-top-column elementor-element elementor-element-4c64b3b\" data-id=\"4c64b3b\" data-element_type=\"column\" data-e-type=\"column\">\n\t\t\t<div class=\"elementor-widget-wrap elementor-element-populated\">\n\t\t\t\t\t\t<div class=\"elementor-element elementor-element-84b9c95 elementor-widget elementor-widget-image\" data-id=\"84b9c95\" data-element_type=\"widget\" data-e-type=\"widget\" data-widget_type=\"image.default\">\n\t\t\t\t<div class=\"elementor-widget-container\">\n\t\t\t\t\t\t\t\t\t\t\t\t\t\t\t<img fetchpriority=\"high\" decoding=\"async\" width=\"800\" height=\"418\" src=\"https:\/\/altoo.io\/live01\/wp-content\/uploads\/2023\/08\/keller-sutter-1-1024x535.jpg\" class=\"attachment-large size-large wp-image-19825\" alt=\"\" srcset=\"https:\/\/altoo.io\/live01\/wp-content\/uploads\/2023\/08\/keller-sutter-1-1024x535.jpg 1024w, https:\/\/altoo.io\/live01\/wp-content\/uploads\/2023\/08\/keller-sutter-1-300x157.jpg 300w, https:\/\/altoo.io\/live01\/wp-content\/uploads\/2023\/08\/keller-sutter-1-768x401.jpg 768w, https:\/\/altoo.io\/live01\/wp-content\/uploads\/2023\/08\/keller-sutter-1-18x9.jpg 18w, https:\/\/altoo.io\/live01\/wp-content\/uploads\/2023\/08\/keller-sutter-1.jpg 1200w\" sizes=\"(max-width: 800px) 100vw, 800px\" \/>\t\t\t\t\t\t\t\t\t\t\t\t\t\t\t<\/div>\n\t\t\t\t<\/div>\n\t\t\t\t<div class=\"elementor-element elementor-element-0fe530e elementor-widget elementor-widget-text-editor\" data-id=\"0fe530e\" data-element_type=\"widget\" data-e-type=\"widget\" data-widget_type=\"text-editor.default\">\n\t\t\t\t<div class=\"elementor-widget-container\">\n\t\t\t\t\t\t\t\t\t<h4><b>D\u00e9buter en politique<\/b><\/h4><p><span style=\"font-weight: 400;\">Karin Keller-Sutter a commenc\u00e9 sa carri\u00e8re politique en 1992 lorsqu'elle a \u00e9t\u00e9 \u00e9lue au conseil municipal de Wil. En 1996, elle est \u00e9lue au conseil cantonal de Saint-Gall et, \u00e0 partir de 2000, elle dirige le d\u00e9partement de la justice et de la s\u00e9curit\u00e9 au sein de l'administration cantonale de Saint-Gall. En 2011, Karin Keller-Sutter a \u00e9t\u00e9 \u00e9lue repr\u00e9sentante du canton de Saint-Gall au Conseil des \u00c9tats, dont elle a \u00e9t\u00e9 pr\u00e9sidente en 2017-18. Karin Keller-Sutter est \u00e9galement active dans de nombreux comit\u00e9s et organisations d'entraide. Depuis le d\u00e9but de l'ann\u00e9e 2023, Karin Keller-Sutter est directrice du D\u00e9partement f\u00e9d\u00e9ral des finances (DFF).<\/span><\/p><p><span style=\"font-weight: 400;\">Un mois apr\u00e8s avoir rejoint le minist\u00e8re suisse des finances, Karin Keller-Sutter s'est retrouv\u00e9e au c\u0153ur de la pire crise financi\u00e8re que la Suisse ait connue depuis plus d'une d\u00e9cennie.<\/span><\/p><p><span style=\"font-weight: 400;\">Elle s'est rapidement attir\u00e9 les foudres d'une partie de la population suisse stup\u00e9faite. Le Credit Suisse devait \u00eatre rachet\u00e9 par son concurrent UBS avec l'aide de milliards de dollars de fonds publics et de la Banque nationale. Mais comment en est-on arriv\u00e9 l\u00e0 ?<\/span><\/p><p>\u00a0<\/p><h4><b>La d\u00e9t\u00e9rioration du Credit Suisse<\/b><\/h4><p><span style=\"font-weight: 400;\">Depuis sa cr\u00e9ation en 1856, le Credit Suisse fait partie int\u00e9grante de l'\u00e9conomie prosp\u00e8re de la Suisse. Il a contribu\u00e9 \u00e0 financer la construction des chemins de fer du pays ainsi que des entreprises qui sont devenues depuis des puissances \u00e9conomiques. La deuxi\u00e8me institution financi\u00e8re de Suisse, apr\u00e8s l'UBS, est en proie \u00e0 des scandales depuis plusieurs ann\u00e9es. Avec Goldman Sachs, JPMorgan Chase, BNP Paribas et Deutsche Bank, elle figure sur la liste du Conseil international de stabilit\u00e9 financi\u00e8re (CSF) des 30 banques les plus importantes sur le plan syst\u00e9mique dans le monde. Cependant, le Credit Suisse a connu une s\u00e9rie d'erreurs et de scandales. Avant de d\u00e9poser son bilan, la banque avait accord\u00e9 un pr\u00eat \u00e0 un important fonds sp\u00e9culatif. Le r\u00e9gulateur financier suisse l'a accus\u00e9e d'avoir g\u00e9r\u00e9 les risques de mani\u00e8re inefficace dans le cadre de la faillite du groupe Greensill.<\/span><\/p><p><span style=\"font-weight: 400;\">L'ann\u00e9e derni\u00e8re, 120 milliards de francs suisses d'avoirs de clients ont ainsi \u00e9t\u00e9 retir\u00e9s. Ce n'est pas seulement pour cette raison que la situation s'est cr\u00e9\u00e9e.<\/span><\/p><p><span style=\"font-weight: 400;\">On suppose que l'\u00e9ducation de Mme Keller-Sutter dans un restaurant familial lui a inculqu\u00e9 le go\u00fbt du travail et de la discipline. Elle allie connaissances financi\u00e8res et compr\u00e9hension des difficult\u00e9s auxquelles sont confront\u00e9es les entreprises, a d\u00e9clar\u00e9 Etienne Jornod, directeur de la soci\u00e9t\u00e9 de m\u00e9dias NZZ. C'est pourquoi elle a pu sauver le Credit Suisse de la crise financi\u00e8re et consolider ce dossier bancaire.<\/span><\/p>\t\t\t\t\t\t\t\t<\/div>\n\t\t\t\t<\/div>\n\t\t\t\t\t<\/div>\n\t\t<\/div>\n\t\t\t\t\t<\/div>\n\t\t<\/section>\n\t\t\t\t<\/div>","protected":false},"excerpt":{"rendered":"<p>Karin Keller-Sutter, ministre des finances responsable de la fusion de deux grandes banques suisses, UBS et Credit Suisse, et donc de l'une des d\u00e9cisions financi\u00e8res les plus importantes prises en Europe au cours de la derni\u00e8re d\u00e9cennie, est \u00e0 l'origine de cette fusion. Examinons maintenant la femme responsable de ces d\u00e9cisions.<\/p>","protected":false},"author":13,"featured_media":19321,"comment_status":"closed","ping_status":"closed","sticky":false,"template":"","format":"standard","meta":{"inline_featured_image":false,"cybocfi_hide_featured_image":"","two_page_speed":[],"footnotes":""},"categories":[184,73,85],"tags":[509],"class_list":["post-19319","post","type-post","status-publish","format-standard","has-post-thumbnail","hentry","category-all-insights","category-explore-by-topic","category-switzerland","tag-karin-keller-sutter"],"_links":{"self":[{"href":"https:\/\/altoo.io\/fr\/wp-json\/wp\/v2\/posts\/19319","targetHints":{"allow":["GET"]}}],"collection":[{"href":"https:\/\/altoo.io\/fr\/wp-json\/wp\/v2\/posts"}],"about":[{"href":"https:\/\/altoo.io\/fr\/wp-json\/wp\/v2\/types\/post"}],"author":[{"embeddable":true,"href":"https:\/\/altoo.io\/fr\/wp-json\/wp\/v2\/users\/13"}],"replies":[{"embeddable":true,"href":"https:\/\/altoo.io\/fr\/wp-json\/wp\/v2\/comments?post=19319"}],"version-history":[{"count":10,"href":"https:\/\/altoo.io\/fr\/wp-json\/wp\/v2\/posts\/19319\/revisions"}],"predecessor-version":[{"id":19829,"href":"https:\/\/altoo.io\/fr\/wp-json\/wp\/v2\/posts\/19319\/revisions\/19829"}],"wp:featuredmedia":[{"embeddable":true,"href":"https:\/\/altoo.io\/fr\/wp-json\/wp\/v2\/media\/19321"}],"wp:attachment":[{"href":"https:\/\/altoo.io\/fr\/wp-json\/wp\/v2\/media?parent=19319"}],"wp:term":[{"taxonomy":"category","embeddable":true,"href":"https:\/\/altoo.io\/fr\/wp-json\/wp\/v2\/categories?post=19319"},{"taxonomy":"post_tag","embeddable":true,"href":"https:\/\/altoo.io\/fr\/wp-json\/wp\/v2\/tags?post=19319"}],"curies":[{"name":"wp","href":"https:\/\/api.w.org\/{rel}","templated":true}]}}