{"id":19101,"date":"2023-08-30T10:00:21","date_gmt":"2023-08-30T08:00:21","guid":{"rendered":"https:\/\/altoo.io\/?p=19101"},"modified":"2026-02-09T11:36:03","modified_gmt":"2026-02-09T10:36:03","slug":"limpot-minimum-de-locde-cree-un-tourbillon-en-suisse","status":"publish","type":"post","link":"https:\/\/altoo.io\/fr\/the-oecd-minimum-tax-creates-a-whirlwind-in-switzerland\/","title":{"rendered":"La Taxe Minimale de l'OCDE Cr\u00e9e un Tourbillon en Suisse"},"content":{"rendered":"<div data-elementor-type=\"wp-post\" data-elementor-id=\"19101\" class=\"elementor elementor-19101\" data-elementor-post-type=\"post\">\n\t\t\t\t\t\t<section class=\"elementor-section elementor-top-section elementor-element elementor-element-fdbb363 elementor-section-boxed elementor-section-height-default elementor-section-height-default\" data-id=\"fdbb363\" data-element_type=\"section\" data-e-type=\"section\">\n\t\t\t\t\t\t<div class=\"elementor-container elementor-column-gap-default\">\n\t\t\t\t\t<div class=\"elementor-column elementor-col-100 elementor-top-column elementor-element elementor-element-d782d76\" data-id=\"d782d76\" data-element_type=\"column\" data-e-type=\"column\">\n\t\t\t<div class=\"elementor-widget-wrap elementor-element-populated\">\n\t\t\t\t\t\t<div class=\"elementor-element elementor-element-38a1eec elementor-widget elementor-widget-text-editor\" data-id=\"38a1eec\" data-element_type=\"widget\" data-e-type=\"widget\" data-widget_type=\"text-editor.default\">\n\t\t\t\t<div class=\"elementor-widget-container\">\n\t\t\t\t\t\t\t\t\t<p><span style=\"font-weight: 400;\">Le canton de Zoug, en particulier, s'exprime \u00e0 ce sujet. Dans la publicit\u00e9 pour les entreprises internationales, il perd de son attrait en raison de l'imp\u00f4t minimum de l'OCDE. Jusqu'\u00e0 pr\u00e9sent, les entreprises \u00e9tablies ici n'ont d\u00fb payer qu'environ la moiti\u00e9 de ce qui est exig\u00e9 dans d'autres cantons en termes d'imp\u00f4ts. La charge fiscale locale est nettement inf\u00e9rieure \u00e0 l'imp\u00f4t minimum de l'OCDE.<\/span><\/p><p><span style=\"font-weight: 400;\">Le canton devrait b\u00e9n\u00e9ficier de recettes suppl\u00e9mentaires destin\u00e9es \u00e0 compenser l'action de l'OCDE. Mais Zoug, ainsi que B\u00e2le-Ville, qui est cens\u00e9 recevoir le plus d'argent apr\u00e8s Zoug, ne sont pas autoris\u00e9s \u00e0 garder tout l'argent. Selon la proposition de vote, un quart va au gouvernement f\u00e9d\u00e9ral et trois quarts restent dans les cantons. Les deux cantons r\u00e9fl\u00e9chissent d\u00e9j\u00e0 \u00e0 la mani\u00e8re de maintenir leur attractivit\u00e9. Une nouvelle r\u00e9duction d'imp\u00f4t est \u00e9galement envisag\u00e9e.<\/span><\/p><p>\u00a0<\/p><p><img fetchpriority=\"high\" decoding=\"async\" class=\"size-full wp-image-19102 aligncenter\" src=\"https:\/\/altoo.io\/live01\/wp-content\/uploads\/2023\/08\/cantons.jpg\" alt=\"\" width=\"800\" height=\"577\" srcset=\"https:\/\/altoo.io\/live01\/wp-content\/uploads\/2023\/08\/cantons.jpg 800w, https:\/\/altoo.io\/live01\/wp-content\/uploads\/2023\/08\/cantons-300x216.jpg 300w, https:\/\/altoo.io\/live01\/wp-content\/uploads\/2023\/08\/cantons-768x554.jpg 768w, https:\/\/altoo.io\/live01\/wp-content\/uploads\/2023\/08\/cantons-18x12.jpg 18w\" sizes=\"(max-width: 800px) 100vw, 800px\" \/><\/p><p>\u00a0<\/p><h4><b>L'affaire Zug<\/b><\/h4><p><span style=\"font-weight: 400;\">Selon la NZZ, le directeur des finances du canton de Zurich et, en m\u00eame temps, du conseil du gouvernement, Ernst Stocker, a clairement mis en garde contre d'\u00e9ventuels projets de r\u00e9duction d'imp\u00f4ts de la part de Zoug lors d'une apparition dans les m\u00e9dias. Le d\u00e9bat au Parlement f\u00e9d\u00e9ral sur la proposition de l'OCDE a montr\u00e9 que la majorit\u00e9 ne souhaite pas que les diff\u00e9rences en mati\u00e8re de concurrence fiscale soient encore plus marqu\u00e9es. \"Je suis convaincu qu'il en r\u00e9sultera un retour sur le r\u00e8glement financier\", a d\u00e9clar\u00e9 M. Stocker.<\/span><\/p><p><img decoding=\"async\" class=\"size-full wp-image-19103 aligncenter\" src=\"https:\/\/altoo.io\/live01\/wp-content\/uploads\/2023\/08\/Zug-1.jpg\" alt=\"\" width=\"800\" height=\"530\" srcset=\"https:\/\/altoo.io\/live01\/wp-content\/uploads\/2023\/08\/Zug-1.jpg 800w, https:\/\/altoo.io\/live01\/wp-content\/uploads\/2023\/08\/Zug-1-300x199.jpg 300w, https:\/\/altoo.io\/live01\/wp-content\/uploads\/2023\/08\/Zug-1-768x509.jpg 768w, https:\/\/altoo.io\/live01\/wp-content\/uploads\/2023\/08\/Zug-1-18x12.jpg 18w\" sizes=\"(max-width: 800px) 100vw, 800px\" \/><\/p><p><span style=\"font-weight: 400;\">Si Zoug devenait encore plus attrayant fiscalement pour les hauts revenus, le grand canton de Zurich pourrait \u00eatre perdant. Cependant, la concurrence fiscale peut conduire \u00e0 de tristes exp\u00e9riences : \u00c0 Schwyz, le canton le plus puissant financi\u00e8rement apr\u00e8s Zoug, certains dividendes ont \u00e9t\u00e9 temporairement tax\u00e9s \u00e0 un niveau si bas au cours de la derni\u00e8re d\u00e9cennie qu'ils sont devenus une activit\u00e9 perdante. Le canton a attir\u00e9 davantage d'investissements, mais a d\u00fb verser \u00e0 l'Autorit\u00e9 nationale de compensation financi\u00e8re (ANCF) plus qu'il n'a re\u00e7u. Selon un expert, Schwyz a \u00e9galement perdu plus d'argent avec l'ANF qu'avec les imp\u00f4ts suppl\u00e9mentaires.<\/span><\/p><p>\u00a0<\/p><h4><b>Sc\u00e9narios possibles<\/b><\/h4><p><span style=\"font-weight: 400;\">Il existe plusieurs fa\u00e7ons de r\u00e9soudre l'\u00e9nigme fiscale. L'une d'entre elles consiste \u00e0 d\u00e9placer la politique fiscale des entreprises vers les m\u00e9nages. Dans ce cas pr\u00e9cis, les cantons pourraient utiliser les revenus suppl\u00e9mentaires des groupes pour r\u00e9duire les imp\u00f4ts des hauts revenus par d'autres moyens. Une autre option est \u00e0 l'\u00e9tude, \u00e0 l'instar d'autres pays de l'OCDE : le versement de subventions aux entreprises est utilis\u00e9 pour promouvoir la recherche et l'innovation ou l'investissement dans la protection de l'environnement. L'une des questions qui se posent est celle de l'augmentation des d\u00e9penses li\u00e9es \u00e0 la garde d'enfants ou aux \u00e9coles internationales.<\/span><\/p><p><img decoding=\"async\" class=\"alignnone size-full wp-image-19105\" src=\"https:\/\/altoo.io\/live01\/wp-content\/uploads\/2023\/08\/Lucerne.jpg\" alt=\"\" width=\"800\" height=\"406\" srcset=\"https:\/\/altoo.io\/live01\/wp-content\/uploads\/2023\/08\/Lucerne.jpg 800w, https:\/\/altoo.io\/live01\/wp-content\/uploads\/2023\/08\/Lucerne-300x152.jpg 300w, https:\/\/altoo.io\/live01\/wp-content\/uploads\/2023\/08\/Lucerne-768x390.jpg 768w, https:\/\/altoo.io\/live01\/wp-content\/uploads\/2023\/08\/Lucerne-18x9.jpg 18w\" sizes=\"(max-width: 800px) 100vw, 800px\" \/><\/p><p><span style=\"font-weight: 400;\">Dans le canton de Lucerne, le gouvernement souhaite explicitement d\u00e9charger les entreprises, entre autres, de l'imp\u00f4t sur le capital et des revenus des brevets dus \u00e0 l'imp\u00f4t minimum. Mais l\u00e0 encore, l'int\u00e9gralit\u00e9 des recettes de l'imp\u00f4t minimum ne doit pas \u00eatre affect\u00e9e \u00e0 des baisses d'imp\u00f4ts.<\/span><\/p><p><img loading=\"lazy\" decoding=\"async\" class=\"alignnone size-full wp-image-19104\" src=\"https:\/\/altoo.io\/live01\/wp-content\/uploads\/2023\/08\/Neuenburg.jpg\" alt=\"\" width=\"800\" height=\"534\" srcset=\"https:\/\/altoo.io\/live01\/wp-content\/uploads\/2023\/08\/Neuenburg.jpg 800w, https:\/\/altoo.io\/live01\/wp-content\/uploads\/2023\/08\/Neuenburg-300x200.jpg 300w, https:\/\/altoo.io\/live01\/wp-content\/uploads\/2023\/08\/Neuenburg-768x513.jpg 768w, https:\/\/altoo.io\/live01\/wp-content\/uploads\/2023\/08\/Neuenburg-18x12.jpg 18w\" sizes=\"(max-width: 800px) 100vw, 800px\" \/><\/p><p><span style=\"font-weight: 400;\">Le canton de Neuch\u00e2tel est un cas fiscal int\u00e9ressant. Pour les particuliers, il n'est pas abordable, mais les entreprises le trouvent relativement attractif. De grandes soci\u00e9t\u00e9s internationales y ont \u00e9galement leur si\u00e8ge. Apr\u00e8s la mise en \u0153uvre de l'imp\u00f4t minimum de l'OCDE, Neuch\u00e2tel devrait figurer parmi les cantons dont les exc\u00e9dents de recettes sont les plus \u00e9lev\u00e9s. Toutefois, il a r\u00e9cemment \u00e9t\u00e9 d\u00e9cid\u00e9, sur une base autonome, d'augmenter l'imp\u00f4t sur les soci\u00e9t\u00e9s. Le taux d'imposition d\u00e9pend du montant des b\u00e9n\u00e9fices. Concr\u00e8tement, cela signifie que pour les grandes entreprises, la charge doit r\u00e9pondre le plus pr\u00e9cis\u00e9ment possible aux exigences de l'OCDE. Dans le m\u00eame temps, il s'agit d'\u00e9viter que les petites entreprises ou les entreprises purement nationales qui ne sont pas couvertes par les r\u00e8gles de l'OCDE aient \u00e0 payer davantage.<\/span><\/p>\t\t\t\t\t\t\t\t<\/div>\n\t\t\t\t<\/div>\n\t\t\t\t\t<\/div>\n\t\t<\/div>\n\t\t\t\t\t<\/div>\n\t\t<\/section>\n\t\t\t\t<\/div>","protected":false},"excerpt":{"rendered":"<p>Dans un pays relativement petit comme la Suisse, il existe une grande vari\u00e9t\u00e9 de taux d'imposition. Ils d\u00e9pendent de chaque canton. Cependant, la mesure de l'imp\u00f4t minimum de l'OCDE adopt\u00e9e par r\u00e9f\u00e9rendum en juin 2023 pourrait conduire \u00e0 un durcissement ind\u00e9sirable de la concurrence fiscale \u00e0 l'int\u00e9rieur du pays.<\/p>","protected":false},"author":13,"featured_media":19106,"comment_status":"closed","ping_status":"closed","sticky":false,"template":"","format":"standard","meta":{"inline_featured_image":false,"cybocfi_hide_featured_image":"","two_page_speed":[],"footnotes":""},"categories":[184,73,85],"tags":[505,205,1162],"class_list":["post-19101","post","type-post","status-publish","format-standard","has-post-thumbnail","hentry","category-all-insights","category-explore-by-topic","category-switzerland","tag-oecd","tag-switzerland","tag-wealth-hubs"],"_links":{"self":[{"href":"https:\/\/altoo.io\/fr\/wp-json\/wp\/v2\/posts\/19101","targetHints":{"allow":["GET"]}}],"collection":[{"href":"https:\/\/altoo.io\/fr\/wp-json\/wp\/v2\/posts"}],"about":[{"href":"https:\/\/altoo.io\/fr\/wp-json\/wp\/v2\/types\/post"}],"author":[{"embeddable":true,"href":"https:\/\/altoo.io\/fr\/wp-json\/wp\/v2\/users\/13"}],"replies":[{"embeddable":true,"href":"https:\/\/altoo.io\/fr\/wp-json\/wp\/v2\/comments?post=19101"}],"version-history":[{"count":6,"href":"https:\/\/altoo.io\/fr\/wp-json\/wp\/v2\/posts\/19101\/revisions"}],"predecessor-version":[{"id":19428,"href":"https:\/\/altoo.io\/fr\/wp-json\/wp\/v2\/posts\/19101\/revisions\/19428"}],"wp:featuredmedia":[{"embeddable":true,"href":"https:\/\/altoo.io\/fr\/wp-json\/wp\/v2\/media\/19106"}],"wp:attachment":[{"href":"https:\/\/altoo.io\/fr\/wp-json\/wp\/v2\/media?parent=19101"}],"wp:term":[{"taxonomy":"category","embeddable":true,"href":"https:\/\/altoo.io\/fr\/wp-json\/wp\/v2\/categories?post=19101"},{"taxonomy":"post_tag","embeddable":true,"href":"https:\/\/altoo.io\/fr\/wp-json\/wp\/v2\/tags?post=19101"}],"curies":[{"name":"wp","href":"https:\/\/api.w.org\/{rel}","templated":true}]}}