{"id":18888,"date":"2023-08-25T10:00:47","date_gmt":"2023-08-25T08:00:47","guid":{"rendered":"https:\/\/altoo.io\/?p=18888"},"modified":"2023-08-24T18:42:25","modified_gmt":"2023-08-24T16:42:25","slug":"comment-la-secheresse-prolongee-affecte-leconomie-suisse","status":"publish","type":"post","link":"https:\/\/altoo.io\/fr\/how-the-prolonged-drought-affects-the-swiss-economy\/","title":{"rendered":"Comment la S\u00e9cheresse Prolong\u00e9e Affecte-t-elle l'Economie Suisse ?"},"content":{"rendered":"<div data-elementor-type=\"wp-post\" data-elementor-id=\"18888\" class=\"elementor elementor-18888\" data-elementor-post-type=\"post\">\n\t\t\t\t\t\t<section class=\"elementor-section elementor-top-section elementor-element elementor-element-f18be52 elementor-section-boxed elementor-section-height-default elementor-section-height-default\" data-id=\"f18be52\" data-element_type=\"section\" data-e-type=\"section\">\n\t\t\t\t\t\t<div class=\"elementor-container elementor-column-gap-default\">\n\t\t\t\t\t<div class=\"elementor-column elementor-col-100 elementor-top-column elementor-element elementor-element-c7cc0e2\" data-id=\"c7cc0e2\" data-element_type=\"column\" data-e-type=\"column\">\n\t\t\t<div class=\"elementor-widget-wrap elementor-element-populated\">\n\t\t\t\t\t\t<div class=\"elementor-element elementor-element-cf4f1f8 elementor-widget elementor-widget-text-editor\" data-id=\"cf4f1f8\" data-element_type=\"widget\" data-e-type=\"widget\" data-widget_type=\"text-editor.default\">\n\t\t\t\t<div class=\"elementor-widget-container\">\n\t\t\t\t\t\t\t\t\t<h4><b>Pas de r\u00e9seau d'approvisionnement uniforme<\/b><\/h4><p><span style=\"font-weight: 400;\">Selon Swissinfo, la s\u00e9cheresse croissante en Suisse au cours des deux derni\u00e8res d\u00e9cennies pourrait constituer un d\u00e9fi pour l'approvisionnement en eau du pays, en particulier dans les r\u00e9gions \u00e9loign\u00e9es.<\/span><\/p><p><span style=\"font-weight: 400;\">La principale raison en est que le r\u00e9seau suisse d'approvisionnement en eau est g\u00e9r\u00e9 au niveau local, ce qui rend difficile une distribution uniforme dans toutes les r\u00e9gions.<\/span><\/p><p><span style=\"font-weight: 400;\">Certaines communes du Jura et des Alpes d\u00e9pendent de l'eau stock\u00e9e dans les manteaux neigeux, les glaciers et les sources, car elles n'ont pas de r\u00e9serves d'eau souterraine \u00e0 reconstituer.<\/span><\/p><p><span style=\"font-weight: 400;\">Ce sont les effets d'une s\u00e9cheresse prolong\u00e9e qui les affecteront le plus. Aujourd'hui d\u00e9j\u00e0, les exploitations agricoles des Alpes souffrent \u00e9galement, surtout en \u00e9t\u00e9.<\/span><\/p><p><span style=\"font-weight: 400;\">\u00a0<\/span><\/p><h4><b>Manque de donn\u00e9es sur la consommation d'eau dans l'industrie et l'agriculture<\/b><\/h4><p><span style=\"font-weight: 400;\">Si nous connaissons la consommation d'eau des m\u00e9nages suisses, il en va diff\u00e9remment pour l'industrie et l'agriculture. La moiti\u00e9 de l'eau utilis\u00e9e pour l'industrie et l'agriculture est pr\u00e9lev\u00e9e par des particuliers et n'est pas enregistr\u00e9e.<\/span><\/p><p><span style=\"font-weight: 400;\">Dans la plupart des cas, l'eau que les agriculteurs pompent dans les rivi\u00e8res, les lacs ou les nappes phr\u00e9atiques n'est pas comptabilis\u00e9e. En effet, le calcul de la consommation totale n'a jamais \u00e9t\u00e9 une priorit\u00e9 en Suisse, o\u00f9 il n'y a g\u00e9n\u00e9ralement pas de p\u00e9nurie d'eau.<\/span><\/p><p><span style=\"font-weight: 400;\">La plupart des cantons suisses responsables de la gestion de l'eau n'ont pas encore mis en place de syst\u00e8me de collecte de ces informations.<\/span><\/p><p><span style=\"font-weight: 400;\">Selon une \u00e9tude ant\u00e9rieure r\u00e9alis\u00e9e en 2009 par Umweltservice Freiburghaus, l'agriculture repr\u00e9sente 20% de la consommation totale d'eau, tandis que les m\u00e9nages priv\u00e9s n'en utilisent qu'environ 25%. L'industrie et le commerce sont responsables des 55% restants. Le manque de donn\u00e9es devient un probl\u00e8me en p\u00e9riode de s\u00e9cheresse. Bettina Schaefli, directrice du d\u00e9partement d'hydrologie de l'universit\u00e9 de Berne, se demande comment modifier les comportements en r\u00e9ponse au changement climatique si nous ne connaissons pas la quantit\u00e9 d'eau r\u00e9ellement consomm\u00e9e.\u00a0<\/span><\/p><p><span style=\"font-weight: 400;\">En m\u00eame temps, les activit\u00e9s agricoles r\u00e9duisent la disponibilit\u00e9 de l'eau potable et augmentent les co\u00fbts. Mme Schmocker-Fackel, de l'Office f\u00e9d\u00e9ral de l'environnement, craint que de tels conflits entre l'agriculture et la population suisse ne deviennent probl\u00e9matiques \u00e0 l'avenir.\u00a0<\/span><\/p><p><span style=\"font-weight: 400;\">L'industrie de l'\u00e9nergie, qui a \u00e9galement besoin d'eau pour produire de l'\u00e9lectricit\u00e9, tente de parvenir \u00e0 un accord avec les agriculteurs sur l'acc\u00e8s aux bassins des lacs pendant les mois d'\u00e9t\u00e9.<\/span><\/p><p><span style=\"font-weight: 400;\">En raison de la hausse des temp\u00e9ratures, les industries chimiques et nucl\u00e9aires suisses ont besoin de plus d'eau pour refroidir leurs installations. Il en va de m\u00eame pour les secteurs financier et technologique, qui utilisent les eaux souterraines ou les rivi\u00e8res pour refroidir leurs serveurs.<\/span><\/p><p><span style=\"font-weight: 400;\">Bien que la Suisse soit consid\u00e9r\u00e9e comme le \"ch\u00e2teau d'eau\" de l'Europe, son d\u00e9sir d'eau est insatiable. Martin Dahinden, ancien directeur de la Direction du d\u00e9veloppement et de la coop\u00e9ration (DDC), explique clairement qu'il faut reconna\u00eetre sa propre responsabilit\u00e9, car il ne s'agit pas seulement de solidarit\u00e9 internationale, mais surtout du d\u00e9veloppement de son propre pays.<\/span><\/p>\t\t\t\t\t\t\t\t<\/div>\n\t\t\t\t<\/div>\n\t\t\t\t\t<\/div>\n\t\t<\/div>\n\t\t\t\t\t<\/div>\n\t\t<\/section>\n\t\t\t\t<\/div>","protected":false},"excerpt":{"rendered":"<p>L'eau est l'une des mati\u00e8res premi\u00e8res les plus importantes sur terre et est essentielle \u00e0 notre survie. Cependant, avec la s\u00e9cheresse croissante, des difficult\u00e9s d'approvisionnement en eau peuvent survenir. Selon l'Office f\u00e9d\u00e9ral de l'environnement, les r\u00e9serves d'eau de la Suisse sont suffisantes. Les eaux souterraines fournissent 80% de l'eau potable, le reste provenant des lacs. En d\u00e9pit de conditions d\u00e9favorables, les importantes nappes phr\u00e9atiques contiennent encore suffisamment d'eau. Toutefois, en p\u00e9riode de s\u00e9cheresse, des goulets d'\u00e9tranglement peuvent se produire dans les petites ressources locales en eau souterraine et dans les sources. C'est pourquoi des appels sont souvent lanc\u00e9s pour \u00e9conomiser l'eau pendant ces p\u00e9riodes.<\/p>","protected":false},"author":13,"featured_media":18894,"comment_status":"closed","ping_status":"closed","sticky":false,"template":"","format":"standard","meta":{"inline_featured_image":false,"cybocfi_hide_featured_image":"","two_page_speed":[],"footnotes":""},"categories":[184,73,85],"tags":[490,489],"class_list":["post-18888","post","type-post","status-publish","format-standard","has-post-thumbnail","hentry","category-all-insights","category-explore-by-topic","category-switzerland","tag-prolonged-drought","tag-swiss-economy"],"_links":{"self":[{"href":"https:\/\/altoo.io\/fr\/wp-json\/wp\/v2\/posts\/18888","targetHints":{"allow":["GET"]}}],"collection":[{"href":"https:\/\/altoo.io\/fr\/wp-json\/wp\/v2\/posts"}],"about":[{"href":"https:\/\/altoo.io\/fr\/wp-json\/wp\/v2\/types\/post"}],"author":[{"embeddable":true,"href":"https:\/\/altoo.io\/fr\/wp-json\/wp\/v2\/users\/13"}],"replies":[{"embeddable":true,"href":"https:\/\/altoo.io\/fr\/wp-json\/wp\/v2\/comments?post=18888"}],"version-history":[{"count":11,"href":"https:\/\/altoo.io\/fr\/wp-json\/wp\/v2\/posts\/18888\/revisions"}],"predecessor-version":[{"id":18922,"href":"https:\/\/altoo.io\/fr\/wp-json\/wp\/v2\/posts\/18888\/revisions\/18922"}],"wp:featuredmedia":[{"embeddable":true,"href":"https:\/\/altoo.io\/fr\/wp-json\/wp\/v2\/media\/18894"}],"wp:attachment":[{"href":"https:\/\/altoo.io\/fr\/wp-json\/wp\/v2\/media?parent=18888"}],"wp:term":[{"taxonomy":"category","embeddable":true,"href":"https:\/\/altoo.io\/fr\/wp-json\/wp\/v2\/categories?post=18888"},{"taxonomy":"post_tag","embeddable":true,"href":"https:\/\/altoo.io\/fr\/wp-json\/wp\/v2\/tags?post=18888"}],"curies":[{"name":"wp","href":"https:\/\/api.w.org\/{rel}","templated":true}]}}