{"id":18360,"date":"2023-08-22T10:00:24","date_gmt":"2023-08-22T08:00:24","guid":{"rendered":"https:\/\/altoo.io\/?p=18360"},"modified":"2023-11-21T17:39:59","modified_gmt":"2023-11-21T16:39:59","slug":"tuesday_the-legacy-of-restitution-christies-programme-of-events","status":"publish","type":"post","link":"https:\/\/altoo.io\/fr\/tuesday_the-legacy-of-restitution-christies-programme-of-events\/","title":{"rendered":"L'h\u00e9ritage de la Restitution : Programme d'\u00e9v\u00e9nements de Christie's"},"content":{"rendered":"<div data-elementor-type=\"wp-post\" data-elementor-id=\"18360\" class=\"elementor elementor-18360\" data-elementor-post-type=\"post\">\n\t\t\t\t\t\t<section class=\"elementor-section elementor-top-section elementor-element elementor-element-f17b2c0 elementor-section-boxed elementor-section-height-default elementor-section-height-default\" data-id=\"f17b2c0\" data-element_type=\"section\" data-e-type=\"section\">\n\t\t\t\t\t\t<div class=\"elementor-container elementor-column-gap-default\">\n\t\t\t\t\t<div class=\"elementor-column elementor-col-100 elementor-top-column elementor-element elementor-element-17d484b\" data-id=\"17d484b\" data-element_type=\"column\" data-e-type=\"column\">\n\t\t\t<div class=\"elementor-widget-wrap elementor-element-populated\">\n\t\t\t\t\t\t<div class=\"elementor-element elementor-element-cdf1994 elementor-widget elementor-widget-text-editor\" data-id=\"cdf1994\" data-element_type=\"widget\" data-e-type=\"widget\" data-widget_type=\"text-editor.default\">\n\t\t\t\t<div class=\"elementor-widget-container\">\n\t\t\t\t\t\t\t\t\t<h4><b>Exposition inaugurale \u00e0 Paris<\/b><\/h4><p><span style=\"font-weight: 400;\">Le programme Reflecting on Restitution a d\u00e9marr\u00e9 le 27 janvier 2023 avec une exposition publique inaugurale dans les galeries de Christie's \u00e0 Paris. L'exposition, organis\u00e9e par l'artiste fran\u00e7ais contemporain Raphael Denis, pr\u00e9sente une s\u00e9rie d'installations qui reconstituent m\u00e9ticuleusement des \u0153uvres d'art perdues. Chaque installation repr\u00e9sente une \u0153uvre d'art sp\u00e9cifique qui a \u00e9t\u00e9 perdue \u00e0 la suite d'une confiscation, d'un pillage ou d'une vente forc\u00e9e par des collectionneurs juifs en France.<\/span><\/p><h4><b>Vienne : l'histoire des peintures de Gustav Klimt<\/b><\/h4><p><span style=\"font-weight: 400;\">Autre \u00e9v\u00e9nement majeur de ce printemps, Christie's Vienne a accueilli une conf\u00e9rence de Randy Schoenberg, avocat de Los Angeles sp\u00e9cialis\u00e9 dans les restitutions. La conf\u00e9rence a port\u00e9 sur la c\u00e9l\u00e8bre affaire des tableaux de Gustav Klimt ayant appartenu au magnat tch\u00e8que du sucre Ferdinand Bloch-Bauer. Ces tableaux, connus sous le nom de \"Femme en or\", ont fait l'objet d'une longue bataille juridique et ont finalement \u00e9t\u00e9 restitu\u00e9s \u00e0 l'h\u00e9riti\u00e8re de Bloch-Bauer, Maria Altmann. La conf\u00e9rence de M. Schoenberg a apport\u00e9 un \u00e9clairage pr\u00e9cieux sur la complexit\u00e9 des affaires de restitution et sur la qu\u00eate permanente de justice pour les \u0153uvres d'art pill\u00e9es.<\/span><\/p><figure id=\"attachment_18363\" aria-describedby=\"caption-attachment-18363\" style=\"width: 760px\" class=\"wp-caption aligncenter\"><img fetchpriority=\"high\" decoding=\"async\" class=\"wp-image-18363 size-full\" src=\"https:\/\/altoo.io\/live01\/wp-content\/uploads\/2023\/08\/Gustav-Klimt.jpg\" alt=\"Gustav Klimt : Femme en or\" width=\"760\" height=\"770\" srcset=\"https:\/\/altoo.io\/live01\/wp-content\/uploads\/2023\/08\/Gustav-Klimt.jpg 760w, https:\/\/altoo.io\/live01\/wp-content\/uploads\/2023\/08\/Gustav-Klimt-296x300.jpg 296w, https:\/\/altoo.io\/live01\/wp-content\/uploads\/2023\/08\/Gustav-Klimt-12x12.jpg 12w\" sizes=\"(max-width: 760px) 100vw, 760px\" \/><figcaption id=\"caption-attachment-18363\" class=\"wp-caption-text\">Gustav Klimt : Femme en or<\/figcaption><\/figure><h4><b>Londres : Provenance Research<\/b><\/h4><p><span style=\"font-weight: 400;\">Les galeries phares de Christie's, situ\u00e9es sur King Street \u00e0 Londres, accueilleront une table ronde sur les nouvelles tendances en mati\u00e8re de recherche de provenance. Cet \u00e9v\u00e9nement comm\u00e9more \u00e0 la fois le 25e anniversaire des principes de Washington et le 80e anniversaire de la d\u00e9claration interalli\u00e9e de Londres de 1943 contre les actes de d\u00e9possession commis dans les territoires occup\u00e9s ou contr\u00f4l\u00e9s par l'ennemi. En explorant les progr\u00e8s de la recherche sur la provenance, Christie's entend mettre en lumi\u00e8re les efforts d\u00e9ploy\u00e9s pour d\u00e9couvrir la v\u00e9rit\u00e9 sur l'histoire de la propri\u00e9t\u00e9 des \u0153uvres d'art touch\u00e9es par la confiscation \u00e0 l'\u00e9poque nazie.<\/span><\/p><h4><b>Berlin : L'h\u00e9ritage de l'art juif \u00e0 travers une visite virtuelle \u00e0 pied<\/b><\/h4><p><span style=\"font-weight: 400;\">Au cours de l'\u00e9t\u00e9 2023, Christie's organisera une visite \u00e0 pied \u00e0 Berlin, en Allemagne. Cette visite unique emm\u00e8nera les participants dans des lieux o\u00f9 se trouvaient autrefois des marchands d'art juifs et des maisons de vente aux ench\u00e8res appartenant \u00e0 des juifs, ainsi que dans des sites o\u00f9 des \u0153uvres d'art pill\u00e9es ont \u00e9t\u00e9 vendues ou entrepos\u00e9es. Au fur et \u00e0 mesure que les participants s'embarqueront dans ce voyage historique, un enregistrement les accompagnera pour la post\u00e9rit\u00e9. Cette visite virtuelle sera mise \u00e0 la disposition d'un public international sur le site web de Christie's, permettant aux amateurs d'art du monde entier d'explorer le patrimoine artistique juif de Berlin.<\/span><\/p><h4><b>L'\u00e9volution de la restitution : L'\u00e9volution de la restitution : les enseignements de New York<\/b><\/h4><p><span style=\"font-weight: 400;\">\u00c0 l'automne 2023, les galeries Christie's du Rockefeller Centre \u00e0 New York accueilleront une table ronde sur l'\u00e9volution du processus de restitution \u00e0 la suite de la Conf\u00e9rence de Washington. Cet \u00e9v\u00e9nement offrira aux experts et aux parties prenantes une plateforme de r\u00e9flexion sur les progr\u00e8s r\u00e9alis\u00e9s dans le domaine de la restitution au cours des 25 derni\u00e8res ann\u00e9es. En examinant les d\u00e9fis, les r\u00e9ussites et les perspectives d'avenir de la restitution, la discussion vise \u00e0 faire progresser l'important travail de restitution des \u0153uvres d'art vol\u00e9es \u00e0 leurs propri\u00e9taires l\u00e9gitimes.<\/span><\/p><h4><b>Conf\u00e9rence de Tel Aviv : Une grande finale<\/b><\/h4><p><span style=\"font-weight: 400;\">Pour conclure ce programme d'un an, Christie's s'associera au Mus\u00e9e d'art de Tel-Aviv pour organiser une conf\u00e9rence sur la restitution et la recherche de provenance. Cette conf\u00e9rence, qui se tiendra en d\u00e9cembre 2023, t\u00e9moignera du 25e anniversaire des principes de Washington et de l'engagement continu \u00e0 r\u00e9soudre les probl\u00e8mes li\u00e9s \u00e0 l'art spoli\u00e9. La conf\u00e9rence r\u00e9unira des experts, des universitaires et des parties prenantes qui partageront leurs connaissances et leurs points de vue, favorisant ainsi la collaboration et le dialogue dans la poursuite de la justice et de l'exactitude historique.<\/span><\/p><p><span style=\"font-weight: 400;\">Pour plus d'informations sur le programme Reflecting on Restitution et sur le travail de l'\u00e9quipe mondiale de restitution de Christie, visitez le site web de Christie \u00e0 l'adresse suivante <a href=\"https:\/\/www.christies.com\/events\/reflecting-on-restitution-25-years-of-the-washington-principles\/about?add_lang=en\" target=\"_blank\" rel=\"noopener\">https:\/\/www.christies.com\/events\/reflecting-on-restitution-25-years-of-the-washington-principles\/about?add_lang=en<\/a>.<\/span><\/p>\t\t\t\t\t\t\t\t<\/div>\n\t\t\t\t<\/div>\n\t\t\t\t\t<\/div>\n\t\t<\/div>\n\t\t\t\t\t<\/div>\n\t\t<\/section>\n\t\t\t\t<\/div>","protected":false},"excerpt":{"rendered":"<p>L'ann\u00e9e 2023 marque une \u00e9tape importante dans le monde de la restitution d'\u0153uvres d'art. Elle marquera le 25e anniversaire des principes de Washington, un accord international qui a r\u00e9volutionn\u00e9 la transparence des \u0153uvres d'art perdues ou vol\u00e9es pendant la p\u00e9riode nazie, de 1933 \u00e0 1945. Pour comm\u00e9morer cet \u00e9v\u00e9nement historique, la c\u00e9l\u00e8bre maison de vente aux ench\u00e8res Christie's a lanc\u00e9 un programme mondial d'un an intitul\u00e9 \"Reflecting on Restitution\" (R\u00e9flexion sur la restitution). <\/p>","protected":false},"author":13,"featured_media":18361,"comment_status":"closed","ping_status":"closed","sticky":false,"template":"","format":"standard","meta":{"inline_featured_image":false,"cybocfi_hide_featured_image":"","two_page_speed":[],"footnotes":""},"categories":[184,69,57],"tags":[469],"class_list":["post-18360","post","type-post","status-publish","format-standard","has-post-thumbnail","hentry","category-all-insights","category-art-and-culture","category-lifestyle","tag-legacy-of-restitution"],"_links":{"self":[{"href":"https:\/\/altoo.io\/fr\/wp-json\/wp\/v2\/posts\/18360","targetHints":{"allow":["GET"]}}],"collection":[{"href":"https:\/\/altoo.io\/fr\/wp-json\/wp\/v2\/posts"}],"about":[{"href":"https:\/\/altoo.io\/fr\/wp-json\/wp\/v2\/types\/post"}],"author":[{"embeddable":true,"href":"https:\/\/altoo.io\/fr\/wp-json\/wp\/v2\/users\/13"}],"replies":[{"embeddable":true,"href":"https:\/\/altoo.io\/fr\/wp-json\/wp\/v2\/comments?post=18360"}],"version-history":[{"count":24,"href":"https:\/\/altoo.io\/fr\/wp-json\/wp\/v2\/posts\/18360\/revisions"}],"predecessor-version":[{"id":18593,"href":"https:\/\/altoo.io\/fr\/wp-json\/wp\/v2\/posts\/18360\/revisions\/18593"}],"wp:featuredmedia":[{"embeddable":true,"href":"https:\/\/altoo.io\/fr\/wp-json\/wp\/v2\/media\/18361"}],"wp:attachment":[{"href":"https:\/\/altoo.io\/fr\/wp-json\/wp\/v2\/media?parent=18360"}],"wp:term":[{"taxonomy":"category","embeddable":true,"href":"https:\/\/altoo.io\/fr\/wp-json\/wp\/v2\/categories?post=18360"},{"taxonomy":"post_tag","embeddable":true,"href":"https:\/\/altoo.io\/fr\/wp-json\/wp\/v2\/tags?post=18360"}],"curies":[{"name":"wp","href":"https:\/\/api.w.org\/{rel}","templated":true}]}}