{"id":17239,"date":"2023-08-09T10:00:36","date_gmt":"2023-08-09T08:00:36","guid":{"rendered":"https:\/\/altoo.io\/?p=17239"},"modified":"2023-08-08T23:03:54","modified_gmt":"2023-08-08T21:03:54","slug":"susanne-klatten-une-femme-juste","status":"publish","type":"post","link":"https:\/\/altoo.io\/fr\/susanne-klatten-a-fair-woman\/","title":{"rendered":"Susanne Klatten, Une Femme Juste"},"content":{"rendered":"<div data-elementor-type=\"wp-post\" data-elementor-id=\"17239\" class=\"elementor elementor-17239\" data-elementor-post-type=\"post\">\n\t\t\t\t\t\t<section class=\"elementor-section elementor-top-section elementor-element elementor-element-680b316 elementor-section-boxed elementor-section-height-default elementor-section-height-default\" data-id=\"680b316\" data-element_type=\"section\" data-e-type=\"section\">\n\t\t\t\t\t\t<div class=\"elementor-container elementor-column-gap-default\">\n\t\t\t\t\t<div class=\"elementor-column elementor-col-100 elementor-top-column elementor-element elementor-element-9c4f047\" data-id=\"9c4f047\" data-element_type=\"column\" data-e-type=\"column\">\n\t\t\t<div class=\"elementor-widget-wrap elementor-element-populated\">\n\t\t\t\t\t\t<div class=\"elementor-element elementor-element-f9ccbae elementor-widget elementor-widget-text-editor\" data-id=\"f9ccbae\" data-element_type=\"widget\" data-e-type=\"widget\" data-widget_type=\"text-editor.default\">\n\t\t\t\t<div class=\"elementor-widget-container\">\n\t\t\t\t\t\t\t\t\t<h4><b>Une longue histoire familiale<\/b><\/h4><p><span style=\"font-weight: 400;\">Les origines de la famille Quandt remontent \u00e0 la fin du XIXe si\u00e8cle, lorsque Emil Quandt a fond\u00e9 une entreprise textile florissante. Avant la Premi\u00e8re Guerre mondiale, son fils, Gunther Quandt, a repris l'entreprise. En fournissant l'arm\u00e9e allemande en uniformes et autres textiles, il gagne une somme consid\u00e9rable qu'il investit dans l'achat de soci\u00e9t\u00e9s et d'actions d'entreprises. Outre l'acquisition du fabricant de batteries Varta, il a \u00e9galement pris des participations dans des entreprises de premier plan telles que BMW et Daimler-Benz.<\/span><\/p><p><span style=\"font-weight: 400;\">En ce qui concerne la famille Quandt, on mentionne souvent deux r\u00e8gles d'or que la famille a elle-m\u00eame d\u00e9finies. D'une part, l'entreprise familiale doit toujours se d\u00e9velopper et, d'autre part, l'entreprise doit toujours rester dans la famille.<\/span><\/p><h4><b>L'ascension de la femme la plus riche d'Allemagne<\/b><\/h4><p><span style=\"font-weight: 400;\">Apr\u00e8s sa licence, Susanne a commenc\u00e9 \u00e0 travailler dans l'agence de publicit\u00e9 Young &amp; Rubicam \u00e0 Francfort. Plus tard, elle a commenc\u00e9 \u00e0 travailler \u00e0 la Dresdner Bank \u00e0 Londres. Apr\u00e8s le d\u00e9c\u00e8s de son p\u00e8re en 1982, elle a re\u00e7u une participation de 50,1% dans l'entreprise pharmaceutique et chimique Altana. Membre du conseil de surveillance de l'entreprise, elle a contribu\u00e9 de mani\u00e8re significative au d\u00e9veloppement de l'entreprise, qui est devenue une entreprise mondiale de premier plan. Par exemple, l'entreprise a contribu\u00e9 \u00e0 se classer parmi les 30 plus grandes entreprises allemandes du DAX.<\/span><\/p><p><span style=\"font-weight: 400;\">En 2006, l'entrepreneur rach\u00e8te les activit\u00e9s pharmaceutiques d'Altana \u00e0 la soci\u00e9t\u00e9 pharmaceutique suisse NycomeN pour 4,5 milliards d'euros et distribue cet argent sous forme de dividendes aux actionnaires. En 2009, Susanne ach\u00e8te la quasi-totalit\u00e9 des actions d'Altana et reste membre du conseil de surveillance. \u00c0 l'\u00e9poque, elle poss\u00e9dait et g\u00e9rait deux soci\u00e9t\u00e9s, Altana et SKion. Elle d\u00e9tient \u00e9galement une participation de 46% dans Landa Digital Printing.<\/span><\/p><p><span style=\"font-weight: 400;\">En mars 2009, Susanne a r\u00e9ussi \u00e0 porter ses parts \u00e0 pr\u00e8s d'un quart des actions du fabricant allemand de graphite SGL Carbon. Avec son fr\u00e8re Stefan Quandt, elle a \u00e9t\u00e9 nomm\u00e9e au conseil de surveillance de BMW apr\u00e8s le d\u00e9c\u00e8s de sa m\u00e8re en 2015. Sa part dans l'entreprise est pass\u00e9e \u00e0 19,2%.<\/span><\/p><h4>Le lien historique avec le Troisi\u00e8me Reich<\/h4><p><span style=\"font-weight: 400;\">Susanne Klatten a demand\u00e9 une enqu\u00eate \u00e0 des historiens apr\u00e8s la diffusion \u00e0 la t\u00e9l\u00e9vision allemande, en 2007, d'un documentaire intitul\u00e9 \"Le silence des Quandt\", qui r\u00e9v\u00e9lait de nombreux faits sur les liens \u00e9troits de la famille avec le parti nazi et l'utilisation d'esclaves pendant le Troisi\u00e8me Reich. Une \u00e9tude de 1 200 pages, sp\u00e9cialement command\u00e9e par Susanne Klatten, a \u00e9t\u00e9 publi\u00e9e en 2011 et a r\u00e9v\u00e9l\u00e9 que les Quandts \u00e9taient inextricablement li\u00e9s aux crimes des nazis, selon l'historien Joachim Scholtyseck, qui a travaill\u00e9 sur le rapport. L'entrepreneuse s'est donc install\u00e9e \u00e0 l'\u00e9cart de l'histoire troubl\u00e9e de sa famille. Pour le public, c'\u00e9tait le signe qu'il ne voulait pas nier les faits historiques mais agir avec \u00e9quit\u00e9. En revenant sur le pass\u00e9 de sa famille, qui \u00e9tait jusqu'alors consid\u00e9r\u00e9 comme un sujet tabou dans la soci\u00e9t\u00e9 allemande, elle a gagn\u00e9 le respect de ses concitoyens et a permis \u00e0 d'autres entreprises allemandes, comme Hugo Boss, d'\u00e9clairer leurs activit\u00e9s dans les ann\u00e9es 1930 et 1940.<\/span><\/p>\t\t\t\t\t\t\t\t<\/div>\n\t\t\t\t<\/div>\n\t\t\t\t\t<\/div>\n\t\t<\/div>\n\t\t\t\t\t<\/div>\n\t\t<\/section>\n\t\t\t\t<\/div>","protected":false},"excerpt":{"rendered":"<p>Susanne Klatten est actuellement la femme la plus riche d'Allemagne, avec une fortune de plus de 23 milliards d'euros. En comparaison mondiale, elle est actuellement class\u00e9e 51e, selon Forbes. Elle se trouve derri\u00e8re de grands noms comme Varta ou Daimler-Benz, mais peu de gens connaissent le parcours de sa vie.\u00a0<\/p>","protected":false},"author":13,"featured_media":17240,"comment_status":"closed","ping_status":"closed","sticky":false,"template":"","format":"standard","meta":{"inline_featured_image":false,"cybocfi_hide_featured_image":"","two_page_speed":[],"footnotes":""},"categories":[88,184,86,84],"tags":[427],"class_list":["post-17239","post","type-post","status-publish","format-standard","has-post-thumbnail","hentry","category-private-wealth-owners","category-all-insights","category-explore-by-entity","category-women","tag-susanne-klatten"],"_links":{"self":[{"href":"https:\/\/altoo.io\/fr\/wp-json\/wp\/v2\/posts\/17239","targetHints":{"allow":["GET"]}}],"collection":[{"href":"https:\/\/altoo.io\/fr\/wp-json\/wp\/v2\/posts"}],"about":[{"href":"https:\/\/altoo.io\/fr\/wp-json\/wp\/v2\/types\/post"}],"author":[{"embeddable":true,"href":"https:\/\/altoo.io\/fr\/wp-json\/wp\/v2\/users\/13"}],"replies":[{"embeddable":true,"href":"https:\/\/altoo.io\/fr\/wp-json\/wp\/v2\/comments?post=17239"}],"version-history":[{"count":20,"href":"https:\/\/altoo.io\/fr\/wp-json\/wp\/v2\/posts\/17239\/revisions"}],"predecessor-version":[{"id":17330,"href":"https:\/\/altoo.io\/fr\/wp-json\/wp\/v2\/posts\/17239\/revisions\/17330"}],"wp:featuredmedia":[{"embeddable":true,"href":"https:\/\/altoo.io\/fr\/wp-json\/wp\/v2\/media\/17240"}],"wp:attachment":[{"href":"https:\/\/altoo.io\/fr\/wp-json\/wp\/v2\/media?parent=17239"}],"wp:term":[{"taxonomy":"category","embeddable":true,"href":"https:\/\/altoo.io\/fr\/wp-json\/wp\/v2\/categories?post=17239"},{"taxonomy":"post_tag","embeddable":true,"href":"https:\/\/altoo.io\/fr\/wp-json\/wp\/v2\/tags?post=17239"}],"curies":[{"name":"wp","href":"https:\/\/api.w.org\/{rel}","templated":true}]}}