{"id":17036,"date":"2023-08-07T10:00:21","date_gmt":"2023-08-07T08:00:21","guid":{"rendered":"https:\/\/altoo.io\/?p=17036"},"modified":"2023-11-21T08:20:08","modified_gmt":"2023-11-21T07:20:08","slug":"les-pomiculteurs-suisses-et-le-megaconsortium-apple","status":"publish","type":"post","link":"https:\/\/altoo.io\/fr\/swiss-apple-farmers-and-the-megaconsortium-apple\/","title":{"rendered":"Les producteurs suisses de pommes et le m\u00e9gaconsortium Apple"},"content":{"rendered":"<div data-elementor-type=\"wp-post\" data-elementor-id=\"17036\" class=\"elementor elementor-17036\" data-elementor-post-type=\"post\">\n\t\t\t\t\t\t<section class=\"elementor-section elementor-top-section elementor-element elementor-element-b88dd98 elementor-section-boxed elementor-section-height-default elementor-section-height-default\" data-id=\"b88dd98\" data-element_type=\"section\" data-e-type=\"section\">\n\t\t\t\t\t\t<div class=\"elementor-container elementor-column-gap-default\">\n\t\t\t\t\t<div class=\"elementor-column elementor-col-100 elementor-top-column elementor-element elementor-element-8f23c2f\" data-id=\"8f23c2f\" data-element_type=\"column\" data-e-type=\"column\">\n\t\t\t<div class=\"elementor-widget-wrap elementor-element-populated\">\n\t\t\t\t\t\t<div class=\"elementor-element elementor-element-bc896e8 elementor-widget elementor-widget-text-editor\" data-id=\"bc896e8\" data-element_type=\"widget\" data-e-type=\"widget\" data-widget_type=\"text-editor.default\">\n\t\t\t\t<div class=\"elementor-widget-container\">\n\t\t\t\t\t\t\t\t\t<h4><b>Droits d'auteur pour les fruits ?<\/b><\/h4><p><span style=\"font-weight: 400;\">La soci\u00e9t\u00e9 am\u00e9ricaine Apple, en allemand \"Apfel\", revendique les droits d'auteur sur ce fruit. Cela pourrait notamment signifier qu'il n'est plus permis de publier des images traditionnelles d'Apple sans obtenir l'approbation de la soci\u00e9t\u00e9 Apple.<\/span><\/p><p><span style=\"font-weight: 400;\">La soci\u00e9t\u00e9 Apple entend pr\u00e9server l'aspect typique de l'image pour l'enregistrement de vid\u00e9os ou de films. Cependant, l'Inspection suisse du droit des marques, l'Institut f\u00e9d\u00e9ral de la propri\u00e9t\u00e9 intellectuelle (IPI), a rejet\u00e9 la demande sur des points importants. Apple a alors fait appel de cette d\u00e9cision devant le Tribunal administratif f\u00e9d\u00e9ral de Saint-Gall.<\/span><\/p><p><img fetchpriority=\"high\" decoding=\"async\" class=\"aligncenter wp-image-17042 size-full\" src=\"https:\/\/altoo.io\/live01\/wp-content\/uploads\/2023\/08\/Apple1.jpg\" alt=\"\" width=\"768\" height=\"849\" srcset=\"https:\/\/altoo.io\/live01\/wp-content\/uploads\/2023\/08\/Apple1.jpg 768w, https:\/\/altoo.io\/live01\/wp-content\/uploads\/2023\/08\/Apple1-271x300.jpg 271w, https:\/\/altoo.io\/live01\/wp-content\/uploads\/2023\/08\/Apple1-11x12.jpg 11w\" sizes=\"(max-width: 768px) 100vw, 768px\" \/><\/p><h4><b>Les projets d'Apple se heurtent \u00e0 des r\u00e9sistances\u00a0<\/b><\/h4><p><span style=\"font-weight: 400;\">L'enregistrement international de la marque IR 1028240 fait l'objet d'un litige de longue date en Suisse. Apple revendique la protection de l'image d'une pomme en noir et blanc dans le monde entier et veut maintenant faire valoir ce droit en Suisse. Jimmi Mari\u00e9thoz, directeur de l'Association suisse des producteurs de fruits, vieille de 112 ans, souligne que le terme pomme et l'image de la pomme sont des biens communs. Il n'est pas recommand\u00e9 qu'ils appartiennent \u00e0 une entreprise. Cyrill Rigamonti, professeur de droit \u00e9conomique \u00e0 l'universit\u00e9 de Berne, soutient le pr\u00e9sident. Il affirme que la repr\u00e9sentation d'une pomme en tant que bien commun n'est pas prot\u00e9g\u00e9e.<\/span><\/p><h4><b>Poursuites judiciaires contre Apple : Rien de nouveau<\/b><\/h4><p><span style=\"font-weight: 400;\">Apple a l'habitude des conflits juridiques avec Apple. Depuis de nombreuses ann\u00e9es, l'entreprise revendique aux \u00c9tats-Unis le droit g\u00e9n\u00e9ral de propri\u00e9t\u00e9 sur toutes les marques comportant le mot \"Apple\". En 2007, l'entreprise a acquis ces droits pour un montant inconnu. Apple d\u00e9tient d\u00e9j\u00e0 des licences pour de nombreuses marques en Suisse. Par exemple, il est interdit d'associer le mot \"Apple\" \u00e0 un sac. Dans les mois \u00e0 venir, nous verrons si l'image d'une pomme sera \u00e9galement ajout\u00e9e.<\/span><\/p><p><span style=\"font-weight: 400;\">Mari\u00e9thoz dit comprendre qu'Apple veuille prot\u00e9ger sa propri\u00e9t\u00e9 intellectuelle et prendre des mesures contre le piratage. Cependant, la soci\u00e9t\u00e9 va trop loin. Il s'inqui\u00e8te du fait que les repr\u00e9sentations de pommes, qui sont au moins aussi anciennes que l'histoire d'Adam et \u00c8ve, pourraient maintenant \u00eatre restreintes. Si Apple obtient gain de cause, l'association pourrait \u00e9galement \u00eatre contrainte de modifier son propre logo Apple.<\/span><\/p><p><span style=\"font-weight: 400;\">Mais cela pourrait aussi avoir des cons\u00e9quences pour d'autres. Mari\u00e9thoz souligne que cela pose de s\u00e9rieux probl\u00e8mes \u00e0 tous ceux qui utilisent des pommes dans leurs publicit\u00e9s. Pour une petite association, le risque d'un proc\u00e8s est un grand d\u00e9fi. Les co\u00fbts de gestion et de conversion seraient \u00e9lev\u00e9s, alors qu'ils pourraient \u00eatre investis dans d'autres domaines pour les producteurs de fruits. Mari\u00e9thoz explique qu'ils gagnent d\u00e9j\u00e0 peu d'argent pour leur dur labeur. Les n\u00e9gociations de ce type sont donc une charge suppl\u00e9mentaire.<\/span><\/p><p><span style=\"font-weight: 400;\">Toutes les entreprises et organisations qui utilisent une pomme comme logo pourraient \u00eatre confront\u00e9es \u00e0 ce probl\u00e8me si le tribunal f\u00e9d\u00e9ral se prononce en faveur de l'entreprise. Toutefois, l'issue de cette affaire ne sera pas r\u00e9v\u00e9l\u00e9e avant quelques mois.<\/span><\/p>\t\t\t\t\t\t\t\t<\/div>\n\t\t\t\t<\/div>\n\t\t\t\t\t<\/div>\n\t\t<\/div>\n\t\t\t\t\t<\/div>\n\t\t<\/section>\n\t\t\t\t<\/div>","protected":false},"excerpt":{"rendered":"<p>Alors qu'Apple veut faire breveter l'image d'une pomme, et donc en Suisse, le groupe se heurte \u00e0 des r\u00e9sistances, notamment dans les rangs des pomiculteurs. Que s'est-il pass\u00e9 exactement et pourquoi l'affaire a-t-elle \u00e9t\u00e9 port\u00e9e devant le Tribunal administratif f\u00e9d\u00e9ral ?<\/p>","protected":false},"author":13,"featured_media":17046,"comment_status":"closed","ping_status":"closed","sticky":false,"template":"","format":"standard","meta":{"inline_featured_image":false,"cybocfi_hide_featured_image":"","two_page_speed":[],"footnotes":""},"categories":[184,73,85],"tags":[414,413],"class_list":["post-17036","post","type-post","status-publish","format-standard","has-post-thumbnail","hentry","category-all-insights","category-explore-by-topic","category-switzerland","tag-megaconsortium-apple","tag-swiss-apple-farmers"],"_links":{"self":[{"href":"https:\/\/altoo.io\/fr\/wp-json\/wp\/v2\/posts\/17036","targetHints":{"allow":["GET"]}}],"collection":[{"href":"https:\/\/altoo.io\/fr\/wp-json\/wp\/v2\/posts"}],"about":[{"href":"https:\/\/altoo.io\/fr\/wp-json\/wp\/v2\/types\/post"}],"author":[{"embeddable":true,"href":"https:\/\/altoo.io\/fr\/wp-json\/wp\/v2\/users\/13"}],"replies":[{"embeddable":true,"href":"https:\/\/altoo.io\/fr\/wp-json\/wp\/v2\/comments?post=17036"}],"version-history":[{"count":11,"href":"https:\/\/altoo.io\/fr\/wp-json\/wp\/v2\/posts\/17036\/revisions"}],"predecessor-version":[{"id":17066,"href":"https:\/\/altoo.io\/fr\/wp-json\/wp\/v2\/posts\/17036\/revisions\/17066"}],"wp:featuredmedia":[{"embeddable":true,"href":"https:\/\/altoo.io\/fr\/wp-json\/wp\/v2\/media\/17046"}],"wp:attachment":[{"href":"https:\/\/altoo.io\/fr\/wp-json\/wp\/v2\/media?parent=17036"}],"wp:term":[{"taxonomy":"category","embeddable":true,"href":"https:\/\/altoo.io\/fr\/wp-json\/wp\/v2\/categories?post=17036"},{"taxonomy":"post_tag","embeddable":true,"href":"https:\/\/altoo.io\/fr\/wp-json\/wp\/v2\/tags?post=17036"}],"curies":[{"name":"wp","href":"https:\/\/api.w.org\/{rel}","templated":true}]}}