{"id":16848,"date":"2023-08-03T10:00:14","date_gmt":"2023-08-03T08:00:14","guid":{"rendered":"https:\/\/altoo.io\/?p=16848"},"modified":"2023-11-21T08:10:04","modified_gmt":"2023-11-21T07:10:04","slug":"le-nouveau-logo-twitter-est-juste-le-debut-de-musks-ambitious-plans","status":"publish","type":"post","link":"https:\/\/altoo.io\/fr\/the-new-twitter-logo-is-just-the-beginning-of-musks-ambitious-plans\/","title":{"rendered":"Le Nouveau Logo de Twitter n'est que le D\u00e9but des Projets Ambitieux de Musk"},"content":{"rendered":"<div data-elementor-type=\"wp-post\" data-elementor-id=\"16848\" class=\"elementor elementor-16848\" data-elementor-post-type=\"post\">\n\t\t\t\t\t\t<section class=\"elementor-section elementor-top-section elementor-element elementor-element-3207ea6 elementor-section-boxed elementor-section-height-default elementor-section-height-default\" data-id=\"3207ea6\" data-element_type=\"section\" data-e-type=\"section\">\n\t\t\t\t\t\t<div class=\"elementor-container elementor-column-gap-default\">\n\t\t\t\t\t<div class=\"elementor-column elementor-col-100 elementor-top-column elementor-element elementor-element-1adf697\" data-id=\"1adf697\" data-element_type=\"column\" data-e-type=\"column\">\n\t\t\t<div class=\"elementor-widget-wrap elementor-element-populated\">\n\t\t\t\t\t\t<div class=\"elementor-element elementor-element-f223274 elementor-widget elementor-widget-text-editor\" data-id=\"f223274\" data-element_type=\"widget\" data-e-type=\"widget\" data-widget_type=\"text-editor.default\">\n\t\t\t\t<div class=\"elementor-widget-container\">\n\t\t\t\t\t\t\t\t\t<p><strong>Pendant 17 ans, Twitter a fi\u00e8rement arbor\u00e9 une plaque d'immatriculation orn\u00e9e d'un oiseau bleu captivant, un symbole embl\u00e9matique qui correspondait parfaitement au nom m\u00eame de la plateforme.<\/strong> Dans le monde des m\u00e9dias sociaux, l'acte de tweeter est devenu synonyme de gazouillis. Par un curieux retournement de situation, la bien-aim\u00e9e cr\u00e9ature ail\u00e9e s'est vue contrainte de quitter son nid douillet, laissant la place \u00e0 un X noir remarquablement pro\u00e9minent.<\/p><p>Dans une d\u00e9marche audacieuse qui a provoqu\u00e9 une onde de choc dans le monde num\u00e9rique, l'entrepreneur et investisseur visionnaire am\u00e9ricain Elon Musk, connu pour ses entreprises r\u00e9volutionnaires, est r\u00e9cemment mont\u00e9 sur la sc\u00e8ne virtuelle pour annoncer une transformation importante. Par le biais d'une s\u00e9rie de tweets, Elon Musk a r\u00e9v\u00e9l\u00e9 son intention de modifier le logo de son r\u00e9seau social. Cette annonce, qui a suscit\u00e9 l'enthousiasme des internautes, devrait prendre effet dans les mois \u00e0 venir, plus pr\u00e9cis\u00e9ment en juillet 2023.<\/p><p><strong>Apr\u00e8s le choc initial, une vague de curiosit\u00e9 s'est empar\u00e9e des utilisateurs, qui ont r\u00e9fl\u00e9chi \u00e0 la possibilit\u00e9 que la grande vision d'Elon Musk s'\u00e9tende au-del\u00e0 des simples modifications visuelles.<\/strong> Dans ce paysage num\u00e9rique en constante \u00e9volution, le terme \"tweet\" a pris une nouvelle connotation, qui s'\u00e9loigne de ses origines aviaires. L'essence d'un tweet, autrefois synonyme du gazouillis m\u00e9lodieux d'un oiseau, a subi une transformation qui a rendu sa signification originale obsol\u00e8te. Dans le paysage en constante \u00e9volution des m\u00e9dias sociaux, on ne peut s'emp\u00eacher de se demander si un nouveau titre n'\u00e9mergera pas bient\u00f4t pour le domaine des messages.<\/p><p>En naviguant dans le vaste domaine num\u00e9rique, les utilisateurs peuvent se demander quel sera l'avenir de cette forme de communication omnipr\u00e9sente. Une nouvelle appellation sera-t-elle introduite pour r\u00e9sumer l'essence de ces missives en ligne ? Cette question reste \u00e0 l'esprit Ah, la trajectoire en constante \u00e9volution de Twitter, une plateforme qui a capt\u00e9 l'attention et la fascination de millions de personnes. On ne peut s'emp\u00eacher de s'interroger sur la direction que prend ce g\u00e9ant des m\u00e9dias sociaux.<\/p><p><strong>Lorsque l'oiseau majestueux a pris son envol, une cascade de nouveaux d\u00e9fis s'est rapidement abattue sur la sc\u00e8ne.<\/strong><\/p><p>Avant tout, n'oublions pas que la transformation de l'oiseau en X n'\u00e9tait pas la premi\u00e8re modification que l'entrepreneur visionnaire a mise en \u0153uvre sur la plateforme bien-aim\u00e9e. Elon Musk, l'entrepreneur et visionnaire \u00e0 l'origine de Tesla et SpaceX, a ajout\u00e9 une nouvelle plume \u00e0 son chapeau.<\/p>\t\t\t\t\t\t\t\t<\/div>\n\t\t\t\t<\/div>\n\t\t\t\t\t<\/div>\n\t\t<\/div>\n\t\t\t\t\t<\/div>\n\t\t<\/section>\n\t\t\t\t<section class=\"elementor-section elementor-top-section elementor-element elementor-element-d42921f elementor-section-boxed elementor-section-height-default elementor-section-height-default\" data-id=\"d42921f\" data-element_type=\"section\" data-e-type=\"section\">\n\t\t\t\t\t\t<div class=\"elementor-container elementor-column-gap-default\">\n\t\t\t\t\t<div class=\"elementor-column elementor-col-100 elementor-top-column elementor-element elementor-element-61b3237\" data-id=\"61b3237\" data-element_type=\"column\" data-e-type=\"column\">\n\t\t\t<div class=\"elementor-widget-wrap elementor-element-populated\">\n\t\t\t\t\t\t<div class=\"elementor-element elementor-element-6fbec73 elementor-widget elementor-widget-image\" data-id=\"6fbec73\" data-element_type=\"widget\" data-e-type=\"widget\" data-widget_type=\"image.default\">\n\t\t\t\t<div class=\"elementor-widget-container\">\n\t\t\t\t\t\t\t\t\t\t\t\t<figure class=\"wp-caption\">\n\t\t\t\t\t\t\t\t\t\t<img fetchpriority=\"high\" decoding=\"async\" width=\"800\" height=\"400\" src=\"https:\/\/altoo.io\/live01\/wp-content\/uploads\/2023\/08\/twiter-1.jpeg\" class=\"attachment-large size-large wp-image-16864\" alt=\"\" srcset=\"https:\/\/altoo.io\/live01\/wp-content\/uploads\/2023\/08\/twiter-1.jpeg 1024w, https:\/\/altoo.io\/live01\/wp-content\/uploads\/2023\/08\/twiter-1-300x150.jpeg 300w, https:\/\/altoo.io\/live01\/wp-content\/uploads\/2023\/08\/twiter-1-768x384.jpeg 768w, https:\/\/altoo.io\/live01\/wp-content\/uploads\/2023\/08\/twiter-1-18x9.jpeg 18w\" sizes=\"(max-width: 800px) 100vw, 800px\" \/>\t\t\t\t\t\t\t\t\t\t\t<figcaption class=\"widget-image-caption wp-caption-text\">MR - stock.adobe.com<\/figcaption>\n\t\t\t\t\t\t\t\t\t\t<\/figure>\n\t\t\t\t\t\t\t\t\t<\/div>\n\t\t\t\t<\/div>\n\t\t\t\t\t<\/div>\n\t\t<\/div>\n\t\t\t\t\t<\/div>\n\t\t<\/section>\n\t\t\t\t<section class=\"elementor-section elementor-top-section elementor-element elementor-element-bb6b54c elementor-section-boxed elementor-section-height-default elementor-section-height-default\" data-id=\"bb6b54c\" data-element_type=\"section\" data-e-type=\"section\">\n\t\t\t\t\t\t<div class=\"elementor-container elementor-column-gap-default\">\n\t\t\t\t\t<div class=\"elementor-column elementor-col-100 elementor-top-column elementor-element elementor-element-560b0b0\" data-id=\"560b0b0\" data-element_type=\"column\" data-e-type=\"column\">\n\t\t\t<div class=\"elementor-widget-wrap elementor-element-populated\">\n\t\t\t\t\t\t<div class=\"elementor-element elementor-element-c31998c elementor-widget elementor-widget-text-editor\" data-id=\"c31998c\" data-element_type=\"widget\" data-e-type=\"widget\" data-widget_type=\"text-editor.default\">\n\t\t\t\t<div class=\"elementor-widget-container\">\n\t\t\t\t\t\t\t\t\t<p><strong>Depuis octobre 2022, Musk est propri\u00e9taire de la c\u00e9l\u00e8bre plateforme de m\u00e9dias sociaux Twitter. Cette acquisition, qui s'est faite au prix stup\u00e9fiant d'environ $44 milliards d'euros, marque une \u00e9tape importante dans l'empire en expansion de Musk.<\/strong> Dans un geste qui a provoqu\u00e9 une onde de choc au sein de l'organisation, la personne en question a proc\u00e9d\u00e9 \u00e0 une s\u00e9rie de licenciements, affectant de nombreux employ\u00e9s. Parmi les personnes touch\u00e9es figuraient les mod\u00e9rateurs de contenu diligents, charg\u00e9s de la responsabilit\u00e9 cruciale de supprimer les messages erron\u00e9s allant \u00e0 l'encontre des lignes directrices de la communaut\u00e9.<\/p><p>Dans une position audacieuse et controvers\u00e9e, Musk a fermement d\u00e9fendu sa r\u00e9cente d\u00e9cision, la pr\u00e9sentant comme une d\u00e9monstration r\u00e9solue de soutien au principe fondamental de la libert\u00e9 d'expression absolue. Au milieu de cette saga, il est ind\u00e9niable que la prolif\u00e9ration de contenus haineux a atteint des niveaux sans pr\u00e9c\u00e9dent sur le r\u00e9seau. Face \u00e0 cette situation, une faction d'utilisateurs affirme avec audace sa propre identit\u00e9, tandis que le propri\u00e9taire du r\u00e9seau social est confront\u00e9 \u00e0 des critiques persistantes. La d\u00e9cision de rebaptiser l'oiseau bien-aim\u00e9 \"X\" est devenue un coup de gr\u00e2ce symbolique pour une plateforme en ligne autrefois florissante, ce qui en a laiss\u00e9 plus d'un perplexe. Dans le paysage en constante \u00e9volution des m\u00e9dias sociaux, Twitter a subi une transformation significative qui a amen\u00e9 de nombreux utilisateurs \u00e0 s'interroger sur son essence.<\/p><p><strong>La plateforme, autrefois salu\u00e9e comme l'incarnation de la communication concise et en temps r\u00e9el, semble s'\u00eatre \u00e9gar\u00e9e.<\/strong><\/p><p><strong>Dans son dernier article, m\u00eame CNN n'h\u00e9site pas \u00e0 \u00e9mettre des critiques.<\/strong> Dans une critique cinglante r\u00e9dig\u00e9e par l'estim\u00e9 journaliste Oliver Darcy, la situation actuelle est compar\u00e9e \u00e0 une plate-forme d\u00e9form\u00e9e et d\u00e9figur\u00e9e, qui n'est plus que l'ombre d'elle-m\u00eame, autrefois glorieuse. Sous la houlette d'un dirigeant d\u00e9crit comme rien moins que r\u00e9pugnant, cette plateforme poursuit sa marche inexorable vers l'avant. En r\u00e9fl\u00e9chissant \u00e0 l'\u00e9volution de Twitter, on ne peut s'emp\u00eacher de se rem\u00e9morer l'\u00e9poque o\u00f9 cette plateforme \u00e9tait une source d'information fiable.<\/p><p>Selon Darcy, il existe d\u00e9sormais une plateforme qui \"non seulement interdit les journalistes mais ternit leur r\u00e9putation, tout en glorifiant les voix les plus d\u00e9testables et les plus trompeuses\".<\/p><p>Darcy affirme en outre que les d\u00e9cisions cruciales sont souvent prises sur un coup de t\u00eate, voire sous l'effet d'une impulsion capricieuse. R\u00e9cemment, ce journaliste de CNN a \u00e9tabli un parall\u00e8le intrigant entre Elon Musk et Donald Trump. Il sugg\u00e8re m\u00eame que Musk, \u00e0 l'instar de Trump, a exerc\u00e9 son influence sur Twitter pour le modeler \u00e0 son image. Cette comparaison met en \u00e9vidence l'impact significatif que les deux individus ont eu sur leurs domaines respectifs.<\/p>\t\t\t\t\t\t\t\t<\/div>\n\t\t\t\t<\/div>\n\t\t\t\t\t<\/div>\n\t\t<\/div>\n\t\t\t\t\t<\/div>\n\t\t<\/section>\n\t\t\t\t<section class=\"elementor-section elementor-top-section elementor-element elementor-element-67c195e elementor-section-boxed elementor-section-height-default elementor-section-height-default\" data-id=\"67c195e\" data-element_type=\"section\" data-e-type=\"section\">\n\t\t\t\t\t\t<div class=\"elementor-container elementor-column-gap-default\">\n\t\t\t\t\t<div class=\"elementor-column elementor-col-100 elementor-top-column elementor-element elementor-element-958538c\" data-id=\"958538c\" data-element_type=\"column\" data-e-type=\"column\">\n\t\t\t<div class=\"elementor-widget-wrap elementor-element-populated\">\n\t\t\t\t\t\t<div class=\"elementor-element elementor-element-f3293c5 elementor-widget elementor-widget-image\" data-id=\"f3293c5\" data-element_type=\"widget\" data-e-type=\"widget\" data-widget_type=\"image.default\">\n\t\t\t\t<div class=\"elementor-widget-container\">\n\t\t\t\t\t\t\t\t\t\t\t\t<figure class=\"wp-caption\">\n\t\t\t\t\t\t\t\t\t\t<img decoding=\"async\" width=\"800\" height=\"534\" src=\"https:\/\/altoo.io\/live01\/wp-content\/uploads\/2023\/08\/twitter-2.jpeg\" class=\"attachment-large size-large wp-image-16868\" alt=\"\" srcset=\"https:\/\/altoo.io\/live01\/wp-content\/uploads\/2023\/08\/twitter-2.jpeg 1024w, https:\/\/altoo.io\/live01\/wp-content\/uploads\/2023\/08\/twitter-2-300x200.jpeg 300w, https:\/\/altoo.io\/live01\/wp-content\/uploads\/2023\/08\/twitter-2-768x512.jpeg 768w, https:\/\/altoo.io\/live01\/wp-content\/uploads\/2023\/08\/twitter-2-18x12.jpeg 18w\" sizes=\"(max-width: 800px) 100vw, 800px\" \/>\t\t\t\t\t\t\t\t\t\t\t<figcaption class=\"widget-image-caption wp-caption-text\">lesslemon - stock.adobe.com<\/figcaption>\n\t\t\t\t\t\t\t\t\t\t<\/figure>\n\t\t\t\t\t\t\t\t\t<\/div>\n\t\t\t\t<\/div>\n\t\t\t\t\t<\/div>\n\t\t<\/div>\n\t\t\t\t\t<\/div>\n\t\t<\/section>\n\t\t\t\t<section class=\"elementor-section elementor-top-section elementor-element elementor-element-ecfa698 elementor-section-boxed elementor-section-height-default elementor-section-height-default\" data-id=\"ecfa698\" data-element_type=\"section\" data-e-type=\"section\">\n\t\t\t\t\t\t<div class=\"elementor-container elementor-column-gap-default\">\n\t\t\t\t\t<div class=\"elementor-column elementor-col-100 elementor-top-column elementor-element elementor-element-81f056c\" data-id=\"81f056c\" data-element_type=\"column\" data-e-type=\"column\">\n\t\t\t<div class=\"elementor-widget-wrap elementor-element-populated\">\n\t\t\t\t\t\t<div class=\"elementor-element elementor-element-49119d6 elementor-widget elementor-widget-text-editor\" data-id=\"49119d6\" data-element_type=\"widget\" data-e-type=\"widget\" data-widget_type=\"text-editor.default\">\n\t\t\t\t<div class=\"elementor-widget-container\">\n\t\t\t\t\t\t\t\t\t<p>Dans le monde d'aujourd'hui, qui \u00e9volue rapidement et constamment, il n'est pas rare que les individus aient de grandes visions et aspirations. Ces r\u00eaves couvrent souvent un large \u00e9ventail de domaines, des entreprises commerciales aux projets cr\u00e9atifs. Cependant, l'un des obstacles que de nombreuses personnes rencontrent sur le chemin de la r\u00e9ussite est le manque de moyens financiers.<\/p><p>Dans un effort courageux pour plonger dans les profondeurs de cette affaire, The Guardian se charge de la diss\u00e9quer et de l'examiner avec la plus grande pr\u00e9cision. <strong>Selon le Guardian, l'expulsion r\u00e9cente de l'oiseau de son nid par Elon Musk a pu faire froncer les sourcils, apparaissant \u00e0 premi\u00e8re vue comme une d\u00e9cision irr\u00e9fl\u00e9chie.<\/strong> Cependant, il semble qu'en coulisses, Musk travaille assid\u00fbment \u00e0 l'\u00e9laboration m\u00e9ticuleuse d'une nouvelle marque depuis un certain temps d\u00e9j\u00e0. En parcourant les pages d'une \u00e9minente publication britannique, on ne peut s'emp\u00eacher de relever une observation convaincante concernant l'astucieux entrepreneur.<\/p><p>Pour ceux qui suivent assid\u00fbment les moindres faits et gestes de Musk et diss\u00e8quent soigneusement ses moindres paroles, il appara\u00eet clairement qu'Elon Musk nourrit de grandes ambitions au-del\u00e0 du pr\u00e9sent. Dans un monde o\u00f9 les possibilit\u00e9s abondent, on ne peut que s'\u00e9merveiller du potentiel qui s'offre \u00e0 nous avec Elon Musk.<\/p>\t\t\t\t\t\t\t\t<\/div>\n\t\t\t\t<\/div>\n\t\t\t\t\t<\/div>\n\t\t<\/div>\n\t\t\t\t\t<\/div>\n\t\t<\/section>\n\t\t\t\t<\/div>","protected":false},"excerpt":{"rendered":"<p>Dans le paysage num\u00e9rique suisse, Twitter ne jouit peut-\u00eatre pas du m\u00eame niveau de popularit\u00e9 que ses homologues des m\u00e9dias sociaux. Il n'en demeure pas moins une force significative dans le domaine des plateformes Internet, avec une base impressionnante d'environ 238 millions d'utilisateurs \u00e0 travers le monde. En termes de popularit\u00e9, peu de pays peuvent rivaliser avec le triumvirat de nations qui l'ont adopt\u00e9 avec ferveur : les \u00c9tats-Unis d'Am\u00e9rique, le Br\u00e9sil et le Japon. <\/p>","protected":false},"author":12,"featured_media":16850,"comment_status":"closed","ping_status":"closed","sticky":false,"template":"","format":"standard","meta":{"inline_featured_image":false,"cybocfi_hide_featured_image":"","two_page_speed":[],"footnotes":""},"categories":[184,86,73,88,85,39],"tags":[397],"class_list":["post-16848","post","type-post","status-publish","format-standard","has-post-thumbnail","hentry","category-all-insights","category-explore-by-entity","category-explore-by-topic","category-private-wealth-owners","category-switzerland","category-technology","tag-twitter-logo"],"_links":{"self":[{"href":"https:\/\/altoo.io\/fr\/wp-json\/wp\/v2\/posts\/16848","targetHints":{"allow":["GET"]}}],"collection":[{"href":"https:\/\/altoo.io\/fr\/wp-json\/wp\/v2\/posts"}],"about":[{"href":"https:\/\/altoo.io\/fr\/wp-json\/wp\/v2\/types\/post"}],"author":[{"embeddable":true,"href":"https:\/\/altoo.io\/fr\/wp-json\/wp\/v2\/users\/12"}],"replies":[{"embeddable":true,"href":"https:\/\/altoo.io\/fr\/wp-json\/wp\/v2\/comments?post=16848"}],"version-history":[{"count":58,"href":"https:\/\/altoo.io\/fr\/wp-json\/wp\/v2\/posts\/16848\/revisions"}],"predecessor-version":[{"id":27646,"href":"https:\/\/altoo.io\/fr\/wp-json\/wp\/v2\/posts\/16848\/revisions\/27646"}],"wp:featuredmedia":[{"embeddable":true,"href":"https:\/\/altoo.io\/fr\/wp-json\/wp\/v2\/media\/16850"}],"wp:attachment":[{"href":"https:\/\/altoo.io\/fr\/wp-json\/wp\/v2\/media?parent=16848"}],"wp:term":[{"taxonomy":"category","embeddable":true,"href":"https:\/\/altoo.io\/fr\/wp-json\/wp\/v2\/categories?post=16848"},{"taxonomy":"post_tag","embeddable":true,"href":"https:\/\/altoo.io\/fr\/wp-json\/wp\/v2\/tags?post=16848"}],"curies":[{"name":"wp","href":"https:\/\/api.w.org\/{rel}","templated":true}]}}