{"id":16717,"date":"2023-08-02T10:00:30","date_gmt":"2023-08-02T08:00:30","guid":{"rendered":"https:\/\/altoo.io\/?p=16717"},"modified":"2023-08-01T14:29:43","modified_gmt":"2023-08-01T12:29:43","slug":"usm-haller-un-heritage-de-design-et-dinnovation","status":"publish","type":"post","link":"https:\/\/altoo.io\/fr\/usm-haller-a-legacy-of-design-and-innovation\/","title":{"rendered":"USM Haller : L'H\u00e9ritage Suisse du Design et de l'Innovation"},"content":{"rendered":"<div data-elementor-type=\"wp-post\" data-elementor-id=\"16717\" class=\"elementor elementor-16717\" data-elementor-post-type=\"post\">\n\t\t\t\t\t\t<section class=\"elementor-section elementor-top-section elementor-element elementor-element-4e7dda3 elementor-section-boxed elementor-section-height-default elementor-section-height-default\" data-id=\"4e7dda3\" data-element_type=\"section\" data-e-type=\"section\">\n\t\t\t\t\t\t<div class=\"elementor-container elementor-column-gap-default\">\n\t\t\t\t\t<div class=\"elementor-column elementor-col-100 elementor-top-column elementor-element elementor-element-a60903e\" data-id=\"a60903e\" data-element_type=\"column\" data-e-type=\"column\">\n\t\t\t<div class=\"elementor-widget-wrap elementor-element-populated\">\n\t\t\t\t\t\t<div class=\"elementor-element elementor-element-de26ae3 elementor-widget elementor-widget-text-editor\" data-id=\"de26ae3\" data-element_type=\"widget\" data-e-type=\"widget\" data-widget_type=\"text-editor.default\">\n\t\t\t\t<div class=\"elementor-widget-container\">\n\t\t\t\t\t\t\t\t\t<h4><b>Origines et transformation\u00a0<\/b><\/h4><p><span style=\"font-weight: 400;\">Fond\u00e9e en 1885 par Ulrich Schaerer \u00e0 Munsingen, en Suisse, USM se concentrait \u00e0 l'origine sur la ferronnerie et les ferrures de fen\u00eatres. Au d\u00e9but des ann\u00e9es 1960, le petit-fils du fondateur, Paul Schaerer, a travaill\u00e9 avec l'architecte suisse Fritz Haller pour moderniser l'usine. Ensemble, ils con\u00e7oivent un b\u00e2timent \u00e0 l'architecture modulaire, qui inspire la cr\u00e9ation du syst\u00e8me flexible USM Haller en 1963. Ce produit d'ameublement innovant est devenu la cl\u00e9 du succ\u00e8s de l'entreprise et a r\u00e9volutionn\u00e9 l'industrie.<\/span><\/p><h4><b>Durabilit\u00e9 : Un engagement en faveur de l'environnement\u00a0<\/b><\/h4><p><span style=\"font-weight: 400;\">USM Haller donne la priorit\u00e9 \u00e0 la responsabilit\u00e9 environnementale dans tous les domaines, de l'approvisionnement \u00e0 la distribution. Le long cycle de vie de ses produits, obtenu gr\u00e2ce \u00e0 un syst\u00e8me modulaire reconfigurable, minimise les d\u00e9chets et refl\u00e8te un engagement en faveur de la durabilit\u00e9. L'engagement de l'entreprise lui a valu des reconnaissances prestigieuses telles que la certification Greenguard pour les faibles \u00e9missions et la certification Cradle to Cradle pour les produits recyclables, \u00e9tablissant ainsi une nouvelle norme en mati\u00e8re de fabrication de mobilier durable.<\/span><\/p><h4><b>\u00c9volution et port\u00e9e mondiale\u00a0<\/b><\/h4><p><span style=\"font-weight: 400;\">Au fil des ans, USM Haller est pass\u00e9e du statut de petite entreprise familiale \u00e0 celui d'entreprise mondiale. Avec environ 400 employ\u00e9s dans le monde entier, le si\u00e8ge social et les installations de production de la soci\u00e9t\u00e9 restent \u00e0 Munsingen, en Suisse. Les meubles modulaires USM Haller sont aujourd'hui vendus dans plus de 50 pays, gr\u00e2ce \u00e0 un r\u00e9seau de plus de 410 partenaires commerciaux qualifi\u00e9s. Cette pr\u00e9sence mondiale t\u00e9moigne de la r\u00e9putation de la marque en mati\u00e8re de qualit\u00e9, d'innovation et d'excellence du design.<\/span><\/p><p><img fetchpriority=\"high\" decoding=\"async\" class=\"size-full wp-image-16762 aligncenter\" src=\"https:\/\/altoo.io\/live01\/wp-content\/uploads\/2023\/08\/USM-Haller-1.jpeg\" alt=\"\" width=\"750\" height=\"675\" srcset=\"https:\/\/altoo.io\/live01\/wp-content\/uploads\/2023\/08\/USM-Haller-1.jpeg 750w, https:\/\/altoo.io\/live01\/wp-content\/uploads\/2023\/08\/USM-Haller-1-300x270.jpeg 300w, https:\/\/altoo.io\/live01\/wp-content\/uploads\/2023\/08\/USM-Haller-1-13x12.jpeg 13w\" sizes=\"(max-width: 750px) 100vw, 750px\" \/><\/p><h4><b>USM Haller et Architecture\u00a0<\/b><\/h4><p><span style=\"font-weight: 400;\">Certains seront surpris d'apprendre qu'USM Haller a ses racines dans l'architecture. Avec ses connecteurs \u00e0 bille uniques et ses composants modulaires, le syst\u00e8me USM Haller offre des possibilit\u00e9s d'installation infinies. Cette polyvalence en a fait le favori des architectes et des designers, qui appr\u00e9cient sa flexibilit\u00e9 et sa fonctionnalit\u00e9.<\/span><\/p><h4><b>Valeurs et vision : Un projet pour l'avenir\u00a0<\/b><\/h4><p><span style=\"font-weight: 400;\">Le syst\u00e8me d'ameublement modulaire d'USM Haller, con\u00e7u pour \u00eatre r\u00e9utilis\u00e9 \u00e0 l'infini, illustre les valeurs fondamentales de l'entreprise : design, flexibilit\u00e9, qualit\u00e9 et durabilit\u00e9. Son engagement en faveur de la durabilit\u00e9 et de la long\u00e9vit\u00e9 distingue la marque dans l'industrie. Gr\u00e2ce \u00e0 l'utilisation de mat\u00e9riaux de qualit\u00e9 sup\u00e9rieure et au design suisse, chaque pi\u00e8ce intemporelle est non seulement fonctionnelle, mais aussi un investissement \u00e0 l'\u00e9preuve du temps. Les meubles USM Haller sont con\u00e7us pour r\u00e9sister \u00e0 l'\u00e9preuve du temps en termes de durabilit\u00e9 et de style, garantissant ainsi leur pertinence pour les ann\u00e9es \u00e0 venir.<\/span><\/p><p><span style=\"font-weight: 400;\">USM Haller est plus qu'un simple fabricant de meubles. C'est un symbole de l'excellence, de l'innovation et de la durabilit\u00e9 suisses. Forte d'une histoire riche de plus d'un si\u00e8cle, cette entreprise familiale suisse n'a cess\u00e9 de repousser les limites du possible en mati\u00e8re de conception de meubles.<\/span><\/p><p><img decoding=\"async\" class=\"size-full wp-image-16763 aligncenter\" src=\"https:\/\/altoo.io\/live01\/wp-content\/uploads\/2023\/08\/USM-Haller-2.jpeg\" alt=\"\" width=\"474\" height=\"316\" srcset=\"https:\/\/altoo.io\/live01\/wp-content\/uploads\/2023\/08\/USM-Haller-2.jpeg 474w, https:\/\/altoo.io\/live01\/wp-content\/uploads\/2023\/08\/USM-Haller-2-300x200.jpeg 300w, https:\/\/altoo.io\/live01\/wp-content\/uploads\/2023\/08\/USM-Haller-2-18x12.jpeg 18w\" sizes=\"(max-width: 474px) 100vw, 474px\" \/><\/p>\t\t\t\t\t\t\t\t<\/div>\n\t\t\t\t<\/div>\n\t\t\t\t\t<\/div>\n\t\t<\/div>\n\t\t\t\t\t<\/div>\n\t\t<\/section>\n\t\t\t\t<\/div>","protected":false},"excerpt":{"rendered":"<p>Dans le monde du design mobilier, USM Haller est un symbole d'excellence, d'innovation et de style intemporel. Depuis ses d\u00e9buts modestes en tant que fabricant de ferronnerie et de quincaillerie pour fen\u00eatres jusqu'\u00e0 son statut actuel de leader mondial du mobilier modulaire, USM Haller a toujours d\u00e9montr\u00e9 son engagement en faveur de la qualit\u00e9, de la durabilit\u00e9 et de la satisfaction de ses clients.<\/p>","protected":false},"author":13,"featured_media":16718,"comment_status":"closed","ping_status":"closed","sticky":false,"template":"","format":"standard","meta":{"inline_featured_image":false,"cybocfi_hide_featured_image":"","two_page_speed":[],"footnotes":""},"categories":[184,69,56,86,73,65,57,89,88,87,85],"tags":[379,380,378],"class_list":["post-16717","post","type-post","status-publish","format-standard","has-post-thumbnail","hentry","category-all-insights","category-art-and-culture","category-beyond-markets","category-explore-by-entity","category-explore-by-topic","category-industry","category-lifestyle","category-multi-family-office","category-private-wealth-owners","category-single-family-office","category-switzerland","tag-design","tag-innovation","tag-usm-haller"],"_links":{"self":[{"href":"https:\/\/altoo.io\/fr\/wp-json\/wp\/v2\/posts\/16717","targetHints":{"allow":["GET"]}}],"collection":[{"href":"https:\/\/altoo.io\/fr\/wp-json\/wp\/v2\/posts"}],"about":[{"href":"https:\/\/altoo.io\/fr\/wp-json\/wp\/v2\/types\/post"}],"author":[{"embeddable":true,"href":"https:\/\/altoo.io\/fr\/wp-json\/wp\/v2\/users\/13"}],"replies":[{"embeddable":true,"href":"https:\/\/altoo.io\/fr\/wp-json\/wp\/v2\/comments?post=16717"}],"version-history":[{"count":15,"href":"https:\/\/altoo.io\/fr\/wp-json\/wp\/v2\/posts\/16717\/revisions"}],"predecessor-version":[{"id":16778,"href":"https:\/\/altoo.io\/fr\/wp-json\/wp\/v2\/posts\/16717\/revisions\/16778"}],"wp:featuredmedia":[{"embeddable":true,"href":"https:\/\/altoo.io\/fr\/wp-json\/wp\/v2\/media\/16718"}],"wp:attachment":[{"href":"https:\/\/altoo.io\/fr\/wp-json\/wp\/v2\/media?parent=16717"}],"wp:term":[{"taxonomy":"category","embeddable":true,"href":"https:\/\/altoo.io\/fr\/wp-json\/wp\/v2\/categories?post=16717"},{"taxonomy":"post_tag","embeddable":true,"href":"https:\/\/altoo.io\/fr\/wp-json\/wp\/v2\/tags?post=16717"}],"curies":[{"name":"wp","href":"https:\/\/api.w.org\/{rel}","templated":true}]}}