{"id":16299,"date":"2023-07-27T10:00:49","date_gmt":"2023-07-27T08:00:49","guid":{"rendered":"https:\/\/altoo.io\/?p=16299"},"modified":"2023-07-26T13:27:25","modified_gmt":"2023-07-26T11:27:25","slug":"zurichs-plan-pour-un-futur-durable","status":"publish","type":"post","link":"https:\/\/altoo.io\/fr\/zurichs-plan-for-a-sustainable-future\/","title":{"rendered":"Le Plan de Zurich pour un Avenir Durable"},"content":{"rendered":"<div data-elementor-type=\"wp-post\" data-elementor-id=\"16299\" class=\"elementor elementor-16299\" data-elementor-post-type=\"post\">\n\t\t\t\t\t\t<section class=\"elementor-section elementor-top-section elementor-element elementor-element-4f59f03 elementor-section-boxed elementor-section-height-default elementor-section-height-default\" data-id=\"4f59f03\" data-element_type=\"section\" data-e-type=\"section\">\n\t\t\t\t\t\t<div class=\"elementor-container elementor-column-gap-default\">\n\t\t\t\t\t<div class=\"elementor-column elementor-col-100 elementor-top-column elementor-element elementor-element-53ad017\" data-id=\"53ad017\" data-element_type=\"column\" data-e-type=\"column\">\n\t\t\t<div class=\"elementor-widget-wrap elementor-element-populated\">\n\t\t\t\t\t\t<div class=\"elementor-element elementor-element-064d704 elementor-widget elementor-widget-text-editor\" data-id=\"064d704\" data-element_type=\"widget\" data-e-type=\"widget\" data-widget_type=\"text-editor.default\">\n\t\t\t\t<div class=\"elementor-widget-container\">\n\t\t\t\t\t\t\t\t\t<p><span style=\"font-weight: 400;\">La ville continuera \u00e0 se d\u00e9velopper avec succ\u00e8s \u00e0 l'avenir. Le conseil municipal fixe le cap avec les strat\u00e9gies de Zurich 2035. La ville de Zurich est bien positionn\u00e9e en termes de durabilit\u00e9 et de d\u00e9veloppement durable. Dans le m\u00eame temps, Zurich est confront\u00e9e \u00e0 des d\u00e9fis majeurs. La soci\u00e9t\u00e9 zurichoise n'est pas encore durable (et n'a pas une capacit\u00e9 de 2000 watts). En raison du niveau \u00e9lev\u00e9 de prosp\u00e9rit\u00e9, une quantit\u00e9 consid\u00e9rable de ressources est encore consomm\u00e9e. C'est pourquoi la ville de Zurich a d\u00e9fini un certain nombre d'objectifs de durabilit\u00e9.\u00a0<\/span><\/p><p><span style=\"font-weight: 400;\">Le premier est <\/span><b>la neutralit\u00e9 climatique.<\/b><span style=\"font-weight: 400;\"> Les \u00e9missions directes de gaz \u00e0 effet de serre doivent \u00eatre r\u00e9duites \u00e0 z\u00e9ro d'ici 2040. Pour la premi\u00e8re fois, la ville a fix\u00e9 un objectif pour les \u00e9missions indirectes de gaz \u00e0 effet de serre par habitant. Par rapport \u00e0 1990, ces \u00e9missions doivent \u00eatre r\u00e9duites de 30 % d'ici \u00e0 2040. Ensuite, la ville s'est engag\u00e9e \u00e0 r\u00e9duire ses \u00e9missions de gaz \u00e0 effet de serre, <\/span><b>la gestion durable des denr\u00e9es alimentaires<\/b><span style=\"font-weight: 400;\"> suit : La nourriture que nous consommons repr\u00e9sente environ un tiers de notre impact environnemental et 20% des \u00e9missions de gaz \u00e0 effet de serre. Plus de la moiti\u00e9 de notre alimentation provient de l'\u00e9tranger et nous ne sommes autosuffisants qu'\u00e0 hauteur de 48%. Il est donc important d'examiner l'ensemble de la cha\u00eene de production - tant \u00e0 l'int\u00e9rieur qu'\u00e0 l'ext\u00e9rieur des fronti\u00e8res municipales et nationales. Lors d'un r\u00e9f\u00e9rendum en novembre 2017, la \"promotion d'une alimentation respectueuse de l'environnement et l'information sur l'impact de l'alimentation sur le climat mondial\" ont \u00e9t\u00e9 ajout\u00e9es aux r\u00e8glements de la ville. En outre, le \"Pacte pour une politique alimentaire urbaine\" sera promulgu\u00e9. Le troisi\u00e8me objectif est le suivant <\/span><b>l'urbanisme vert<\/b><span style=\"font-weight: 400;\">: Un mode de vie sain \u00e0 Zurich exige une qualit\u00e9 environnementale \u00e9lev\u00e9e. La protection contre le son et le bruit, la temp\u00e9rature, la lumi\u00e8re et le rayonnement sont autant de composantes d'une qualit\u00e9 environnementale \u00e9lev\u00e9e. Ces \u00e9l\u00e9ments sont essentiels au bien-\u00eatre de la population urbaine et \u00e0 la protection de la sant\u00e9. Cette strat\u00e9gie couvre des domaines tels que la pollution de l'air, la gestion de la chaleur urbaine, la r\u00e9duction du bruit et la v\u00e9g\u00e9talisation de Zurich.<\/span><\/p>\t\t\t\t\t\t\t\t<\/div>\n\t\t\t\t<\/div>\n\t\t\t\t\t<\/div>\n\t\t<\/div>\n\t\t\t\t\t<\/div>\n\t\t<\/section>\n\t\t\t\t<\/div>","protected":false},"excerpt":{"rendered":"<p>Les objectifs et les cibles environnementales correspondantes sont d\u00e9finis dans la strat\u00e9gie environnementale de la ville de Zurich. Les diff\u00e9rents services les int\u00e8grent dans leurs strat\u00e9gies et instruments respectifs. La strat\u00e9gie environnementale d\u00e9finit \u00e9galement les indicateurs pour les diff\u00e9rents objectifs environnementaux et pr\u00e9sente r\u00e9guli\u00e8rement les progr\u00e8s r\u00e9alis\u00e9s dans le rapport environnemental de la ville de Zurich.<\/p>","protected":false},"author":13,"featured_media":16300,"comment_status":"closed","ping_status":"closed","sticky":false,"template":"","format":"standard","meta":{"inline_featured_image":false,"cybocfi_hide_featured_image":"","two_page_speed":[],"footnotes":""},"categories":[85,184,73,75],"tags":[342,341,340],"class_list":["post-16299","post","type-post","status-publish","format-standard","has-post-thumbnail","hentry","category-switzerland","category-all-insights","category-explore-by-topic","category-sustainability","tag-future","tag-sustainable","tag-zurichs"],"_links":{"self":[{"href":"https:\/\/altoo.io\/fr\/wp-json\/wp\/v2\/posts\/16299","targetHints":{"allow":["GET"]}}],"collection":[{"href":"https:\/\/altoo.io\/fr\/wp-json\/wp\/v2\/posts"}],"about":[{"href":"https:\/\/altoo.io\/fr\/wp-json\/wp\/v2\/types\/post"}],"author":[{"embeddable":true,"href":"https:\/\/altoo.io\/fr\/wp-json\/wp\/v2\/users\/13"}],"replies":[{"embeddable":true,"href":"https:\/\/altoo.io\/fr\/wp-json\/wp\/v2\/comments?post=16299"}],"version-history":[{"count":8,"href":"https:\/\/altoo.io\/fr\/wp-json\/wp\/v2\/posts\/16299\/revisions"}],"predecessor-version":[{"id":16369,"href":"https:\/\/altoo.io\/fr\/wp-json\/wp\/v2\/posts\/16299\/revisions\/16369"}],"wp:featuredmedia":[{"embeddable":true,"href":"https:\/\/altoo.io\/fr\/wp-json\/wp\/v2\/media\/16300"}],"wp:attachment":[{"href":"https:\/\/altoo.io\/fr\/wp-json\/wp\/v2\/media?parent=16299"}],"wp:term":[{"taxonomy":"category","embeddable":true,"href":"https:\/\/altoo.io\/fr\/wp-json\/wp\/v2\/categories?post=16299"},{"taxonomy":"post_tag","embeddable":true,"href":"https:\/\/altoo.io\/fr\/wp-json\/wp\/v2\/tags?post=16299"}],"curies":[{"name":"wp","href":"https:\/\/api.w.org\/{rel}","templated":true}]}}