{"id":16191,"date":"2023-07-26T10:00:13","date_gmt":"2023-07-26T08:00:13","guid":{"rendered":"https:\/\/altoo.io\/?p=16191"},"modified":"2026-01-27T07:47:34","modified_gmt":"2026-01-27T06:47:34","slug":"la-suisse-et-lafrique-des-relations-de-longue-date","status":"publish","type":"post","link":"https:\/\/altoo.io\/fr\/switzerland-and-africa-relations-with-a-long-history\/","title":{"rendered":"La Suisse et l'Afrique : Des Relations de Longue Date"},"content":{"rendered":"<div data-elementor-type=\"wp-post\" data-elementor-id=\"16191\" class=\"elementor elementor-16191\" data-elementor-post-type=\"post\">\n\t\t\t\t\t\t<section class=\"elementor-section elementor-top-section elementor-element elementor-element-ab03463 elementor-section-boxed elementor-section-height-default elementor-section-height-default\" data-id=\"ab03463\" data-element_type=\"section\" data-e-type=\"section\">\n\t\t\t\t\t\t<div class=\"elementor-container elementor-column-gap-default\">\n\t\t\t\t\t<div class=\"elementor-column elementor-col-100 elementor-top-column elementor-element elementor-element-0d12c78\" data-id=\"0d12c78\" data-element_type=\"column\" data-e-type=\"column\">\n\t\t\t<div class=\"elementor-widget-wrap elementor-element-populated\">\n\t\t\t\t\t\t<div class=\"elementor-element elementor-element-3ea5f0e elementor-widget elementor-widget-text-editor\" data-id=\"3ea5f0e\" data-element_type=\"widget\" data-e-type=\"widget\" data-widget_type=\"text-editor.default\">\n\t\t\t\t<div class=\"elementor-widget-container\">\n\t\t\t\t\t\t\t\t\t<h4><b>Les d\u00e9buts de la coop\u00e9ration<\/b><\/h4><p><span style=\"font-weight: 400;\">En 1960, il y a presque exactement 60 ans, les d\u00e9veloppements politiques en Afrique se sont acc\u00e9l\u00e9r\u00e9s. En janvier, les efforts des colonies pour acc\u00e9der \u00e0 l'ind\u00e9pendance ont \u00e9t\u00e9 discut\u00e9s dans les cercles diplomatiques internationaux dans le cadre de l'\"Ann\u00e9e africaine\". En d\u00e9cembre 1960, 17 pays au total avaient acc\u00e9d\u00e9 \u00e0 l'ind\u00e9pendance, pour la plupart d'anciennes colonies fran\u00e7aises d'Afrique de l'Ouest. La d\u00e9colonisation a eu un impact majeur sur la communaut\u00e9 internationale. En octobre 1960, le pr\u00e9sident du Ghana, Kwame Nkrumah, a d\u00e9clar\u00e9 dans son discours devant l'Assembl\u00e9e des Nations unies : \"La mar\u00e9e du nationalisme africain balaie tout ce qui se trouve devant elle, d\u00e9fiant les puissances coloniales pour les ann\u00e9es d'injustice et les crimes commis contre notre continent\". Dans les ann\u00e9es 1950, l'Afrique n'\u00e9tait pas vraiment une priorit\u00e9 \u00e9conomique ou politique pour la Suisse. Les entreprises suisses commen\u00e7aient \u00e0 peine \u00e0 \u00e9tendre leurs activit\u00e9s sur le continent.<\/span><span style=\"font-weight: 400;\">\u00a0<\/span><\/p><h4><b>Une nouvelle opportunit\u00e9 pour les deux parties<\/b><\/h4><p><span style=\"font-weight: 400;\">Mais Berne doit r\u00e9agir aux \u00e9v\u00e9nements de 1960. Selon Max Petitpierre, ancien ministre suisse des affaires \u00e9trang\u00e8res, il \u00e9tait urgent de reconna\u00eetre diplomatiquement les nouveaux Etats. Sacha Zala, responsable de l'Unit\u00e9 de recherche sur les documents diplomatiques suisses (Dodis), explique que jusqu'\u00e0 pr\u00e9sent, la Suisse avait pu entretenir ses relations avec les colonies africaines par l'interm\u00e9diaire des chancelleries de Londres, Paris ou Bruxelles. En 1960, Berne a d\u00fb mettre en place une nouvelle s\u00e9rie de d\u00e9l\u00e9gations diplomatiques. Outre les ajustements techniques et diplomatiques, la r\u00e9action de la Suisse refl\u00e8te \u00e9galement des int\u00e9r\u00eats politiques et \u00e9conomiques sp\u00e9cifiques. Yves Steiner, membre de l'\u00e9tat-major de Dodis, explique que l'ind\u00e9pendance des Etats africains a donn\u00e9 \u00e0 la Suisse l'occasion de participer \u00e0 la nouvelle course \u00e0 l'Afrique.<\/span><\/p><p><span style=\"font-weight: 400;\">La pr\u00e9sence de la protection diplomatique dans ces r\u00e9gions rend l'\u00e9conomie suisse plus attrayante sur les plans commercial, industriel et financier.\u00a0<\/span><span style=\"font-weight: 400;\">\u00a0<\/span><\/p><p><img fetchpriority=\"high\" decoding=\"async\" class=\"size-full wp-image-16198 aligncenter\" src=\"https:\/\/altoo.io\/live01\/wp-content\/uploads\/2023\/07\/africa-map.jpg\" alt=\"\" width=\"768\" height=\"768\" srcset=\"https:\/\/altoo.io\/live01\/wp-content\/uploads\/2023\/07\/africa-map.jpg 768w, https:\/\/altoo.io\/live01\/wp-content\/uploads\/2023\/07\/africa-map-300x300.jpg 300w, https:\/\/altoo.io\/live01\/wp-content\/uploads\/2023\/07\/africa-map-150x150.jpg 150w, https:\/\/altoo.io\/live01\/wp-content\/uploads\/2023\/07\/africa-map-12x12.jpg 12w\" sizes=\"(max-width: 768px) 100vw, 768px\" \/><\/p><h4><b>De la vision \u00e0 la r\u00e9alit\u00e9<\/b><\/h4><p><span style=\"font-weight: 400;\">Aujourd'hui, par exemple, une centaine d'entreprises suisses se sont install\u00e9es rien qu'en Afrique du Sud, cr\u00e9ant quelque 50 000 emplois. L'ann\u00e9e derni\u00e8re, l'Afrique du Sud a \u00e9t\u00e9 le principal partenaire commercial de la Suisse en Afrique, avec un volume d'\u00e9changes de 4,4 milliards de francs suisses. L'Afrique du Sud est \u00e9galement consid\u00e9r\u00e9e comme un pays cible pour am\u00e9liorer l'acc\u00e8s des entreprises suisses aux grands projets d'infrastructure dans d'autres pays. Les repr\u00e9sentants des entreprises ont \u00e9galement montr\u00e9 un grand int\u00e9r\u00eat pour les missions commerciales et scientifiques.<\/span><\/p><p><span style=\"font-weight: 400;\">Le programme de coop\u00e9ration et de d\u00e9veloppement \u00e9conomiques du Secr\u00e9tariat d'\u00c9tat \u00e0 l'\u00e9conomie (SECO) est fortement ax\u00e9 sur l'Afrique du Sud. Avec sa strat\u00e9gie pour 2021-2024, le SECO vise \u00e0 promouvoir une \u00e9conomie comp\u00e9titive avec une croissance durable, \u00e0 encourager un secteur priv\u00e9 robuste et efficace dans l'utilisation des ressources, et \u00e0 soutenir le d\u00e9veloppement d'un environnement favorable aux entreprises et aux investissements.<\/span><\/p>\t\t\t\t\t\t\t\t<\/div>\n\t\t\t\t<\/div>\n\t\t\t\t\t<\/div>\n\t\t<\/div>\n\t\t\t\t\t<\/div>\n\t\t<\/section>\n\t\t\t\t<\/div>","protected":false},"excerpt":{"rendered":"<p>La Suisse et l'Afrique du Sud entretiennent des relations \u00e9troites et multiformes. La Suisse consid\u00e8re depuis longtemps l'Afrique du Sud comme un partenaire strat\u00e9gique et l'un des principaux partenaires \u00e9conomiques du continent africain. D\u00e9couvrez l'anciennet\u00e9 de ces relations et leur importance pour les deux r\u00e9gions.<\/p>","protected":false},"author":13,"featured_media":16192,"comment_status":"closed","ping_status":"closed","sticky":false,"template":"","format":"standard","meta":{"inline_featured_image":false,"cybocfi_hide_featured_image":"","two_page_speed":[],"footnotes":""},"categories":[184,62,56,55,77,86,73,65,88,85],"tags":[1151],"class_list":["post-16191","post","type-post","status-publish","format-standard","has-post-thumbnail","hentry","category-all-insights","category-analysis","category-beyond-markets","category-economic-outlook","category-emerging-industries","category-explore-by-entity","category-explore-by-topic","category-industry","category-private-wealth-owners","category-switzerland","tag-economic-history"],"_links":{"self":[{"href":"https:\/\/altoo.io\/fr\/wp-json\/wp\/v2\/posts\/16191","targetHints":{"allow":["GET"]}}],"collection":[{"href":"https:\/\/altoo.io\/fr\/wp-json\/wp\/v2\/posts"}],"about":[{"href":"https:\/\/altoo.io\/fr\/wp-json\/wp\/v2\/types\/post"}],"author":[{"embeddable":true,"href":"https:\/\/altoo.io\/fr\/wp-json\/wp\/v2\/users\/13"}],"replies":[{"embeddable":true,"href":"https:\/\/altoo.io\/fr\/wp-json\/wp\/v2\/comments?post=16191"}],"version-history":[{"count":9,"href":"https:\/\/altoo.io\/fr\/wp-json\/wp\/v2\/posts\/16191\/revisions"}],"predecessor-version":[{"id":16286,"href":"https:\/\/altoo.io\/fr\/wp-json\/wp\/v2\/posts\/16191\/revisions\/16286"}],"wp:featuredmedia":[{"embeddable":true,"href":"https:\/\/altoo.io\/fr\/wp-json\/wp\/v2\/media\/16192"}],"wp:attachment":[{"href":"https:\/\/altoo.io\/fr\/wp-json\/wp\/v2\/media?parent=16191"}],"wp:term":[{"taxonomy":"category","embeddable":true,"href":"https:\/\/altoo.io\/fr\/wp-json\/wp\/v2\/categories?post=16191"},{"taxonomy":"post_tag","embeddable":true,"href":"https:\/\/altoo.io\/fr\/wp-json\/wp\/v2\/tags?post=16191"}],"curies":[{"name":"wp","href":"https:\/\/api.w.org\/{rel}","templated":true}]}}