{"id":15720,"date":"2023-07-20T10:00:27","date_gmt":"2023-07-20T08:00:27","guid":{"rendered":"https:\/\/altoo.io\/?p=15720"},"modified":"2023-07-19T17:01:10","modified_gmt":"2023-07-19T15:01:10","slug":"linflation-en-suisse-est-a-nouveau-inferieure-a-2","status":"publish","type":"post","link":"https:\/\/altoo.io\/fr\/inflation-in-switzerland-below-2-again\/","title":{"rendered":"L'inflation en Suisse \u00e0 Nouveau Inf\u00e9rieure \u00e0 2 %"},"content":{"rendered":"<div data-elementor-type=\"wp-post\" data-elementor-id=\"15720\" class=\"elementor elementor-15720\" data-elementor-post-type=\"post\">\n\t\t\t\t\t\t<section class=\"elementor-section elementor-top-section elementor-element elementor-element-77fbb69 elementor-section-boxed elementor-section-height-default elementor-section-height-default\" data-id=\"77fbb69\" data-element_type=\"section\" data-e-type=\"section\">\n\t\t\t\t\t\t<div class=\"elementor-container elementor-column-gap-default\">\n\t\t\t\t\t<div class=\"elementor-column elementor-col-100 elementor-top-column elementor-element elementor-element-7d4b5bb\" data-id=\"7d4b5bb\" data-element_type=\"column\" data-e-type=\"column\">\n\t\t\t<div class=\"elementor-widget-wrap elementor-element-populated\">\n\t\t\t\t\t\t<div class=\"elementor-element elementor-element-c0b520a elementor-widget elementor-widget-text-editor\" data-id=\"c0b520a\" data-element_type=\"widget\" data-e-type=\"widget\" data-widget_type=\"text-editor.default\">\n\t\t\t\t<div class=\"elementor-widget-container\">\n\t\t\t\t\t\t\t\t\t<h4><b>Le prix du p\u00e9trole, un facteur d\u00e9cisif\u00a0<\/b><\/h4><p><span style=\"font-weight: 400;\">La baisse du prix du p\u00e9trole est le principal facteur \u00e0 l'origine de la forte baisse enregistr\u00e9e en Suisse au cours de la derni\u00e8re p\u00e9riode. Alessandro Bee, \u00e9conomiste chez UBS, a d\u00e9clar\u00e9 que les prix du p\u00e9trole sont nettement plus bas en 2023 qu'en juin 2022. Il indique que l'impact sur le taux d'inflation actuel est de 0,5 point de pourcentage. Selon les \u00e9conomistes, cette baisse s'explique \u00e9galement par l'att\u00e9nuation des goulets d'\u00e9tranglement au niveau de l'offre, qui a entra\u00een\u00e9 une baisse des prix des voitures, et par la force du franc. Cependant, il n'y a pas eu d'augmentation \u00e9vidente des prix de certains produits alimentaires, des \u00e9v\u00e9nements dans les restaurants ou des s\u00e9jours \u00e0 l'h\u00f4tel.<\/span><\/p><p><span style=\"font-weight: 400;\">Toutefois, la persistance d'une faible inflation sur une longue p\u00e9riode est, comme toujours, une combinaison de diff\u00e9rentes variables. En comparaison internationale, une inflation plus faible entra\u00eene \u00e9galement des taux d'int\u00e9r\u00eat plus bas. Par cons\u00e9quent, la Suisse reste attrayante pour les investisseurs en raison de la combinaison d'une monnaie stable, d'une inflation comparativement faible et de taux d'int\u00e9r\u00eat nettement plus bas pour les investissements. Le secteur bancaire, qui a r\u00e9cemment \u00e9t\u00e9 affect\u00e9 par la volatilit\u00e9, est \u00e9valu\u00e9 \u00e0 environ 5% de moins dans l'indice des actions suisses que l'indice des actions de la zone euro de 9% et \u00e9galement moins que celui des \u00c9tats-Unis.\u00a0<\/span><\/p><h4><b>L'inflation se poursuit\u00a0<\/b><\/h4><p><span style=\"font-weight: 400;\">Thomas Gitzel, de la VP Bank, a \u00e9galement estim\u00e9 que l'inflation avait cess\u00e9 d'augmenter. Selon l'Institut Bantleon, il est possible de donner le feu vert \u00e0 l'inflation. Dans cette phrase, l'expert de Bantleon insiste sur le mot \"peut\", car le probl\u00e8me de l'inflation n'est pas encore r\u00e9solu. Enfin, la BNS est elle-m\u00eame responsable d'une partie de l'inflation, alors que c'est \u00e0 elle qu'il incombe de la combattre. En raison de la hausse des taux d'int\u00e9r\u00eat, les loyers ont augment\u00e9 depuis le mois d'octobre, ce qui entra\u00eenera une forte hausse de l'inflation. En outre, l'action de la BNS entra\u00eene des accords salariaux toujours \u00e9lev\u00e9s, ce qui accro\u00eet \u00e9galement la pression sur les prix.<\/span><\/p><p><span style=\"font-weight: 400;\">D'autres \u00e9conomistes sont \u00e9galement critiques \u00e0 l'\u00e9gard de la BNS. Selon Alexander Koch, expert chez Raiffeisen, la BNS n'a plus de raison de s'inqui\u00e9ter du risque de forts effets de second ou de troisi\u00e8me tour sur les prix.<\/span><\/p><p><span style=\"font-weight: 400;\">N\u00e9anmoins, la plupart des experts s'attendent \u00e0 ce que la BNS poursuive sa politique de taux d'int\u00e9r\u00eat. Ce point de vue est en partie partag\u00e9. L'expert Bee de l'UBS a soulign\u00e9 qu'il est encore trop t\u00f4t pour \u00e9liminer les craintes d'effets de second tour.<\/span><\/p><p><span style=\"font-weight: 400;\">Toutefois, si les pertes sont importantes, cela pourrait conduire \u00e0 une perte de cr\u00e9dibilit\u00e9 de la BNS et \u00e0 une perte importante du franc. Pour l'heure, cette probabilit\u00e9 reste faible. En revanche, Fix montre que la hausse des prix en Suisse a \u00e9t\u00e9 jusqu'\u00e0 pr\u00e9sent nettement inf\u00e9rieure \u00e0 celle de la zone euro. Les entreprises et les consommateurs suisses r\u00e9sistent donc beaucoup mieux \u00e0 la crise que leurs voisins.<\/span><\/p>\t\t\t\t\t\t\t\t<\/div>\n\t\t\t\t<\/div>\n\t\t\t\t\t<\/div>\n\t\t<\/div>\n\t\t\t\t\t<\/div>\n\t\t<\/section>\n\t\t\t\t<\/div>","protected":false},"excerpt":{"rendered":"<p>Selon l'Office F\u00e9d\u00e9ral de la Statistique (OFS), l'inflation est pass\u00e9e de 2,2 % \u00e0 1,7 % en mai 2023. La derni\u00e8re fois que l'inflation a \u00e9t\u00e9 inf\u00e9rieure \u00e0 2 %, c'\u00e9tait en janvier 2022. Mais comment la Suisse parvient-elle \u00e0 maintenir l'inflation apparemment sous contr\u00f4le ?<\/p>","protected":false},"author":13,"featured_media":15753,"comment_status":"closed","ping_status":"closed","sticky":false,"template":"","format":"standard","meta":{"inline_featured_image":false,"cybocfi_hide_featured_image":"","two_page_speed":[],"footnotes":""},"categories":[184,62,55,86,73,60,88,85],"tags":[294,205],"class_list":["post-15720","post","type-post","status-publish","format-standard","has-post-thumbnail","hentry","category-all-insights","category-analysis","category-economic-outlook","category-explore-by-entity","category-explore-by-topic","category-market-update","category-private-wealth-owners","category-switzerland","tag-inflation","tag-switzerland"],"_links":{"self":[{"href":"https:\/\/altoo.io\/fr\/wp-json\/wp\/v2\/posts\/15720","targetHints":{"allow":["GET"]}}],"collection":[{"href":"https:\/\/altoo.io\/fr\/wp-json\/wp\/v2\/posts"}],"about":[{"href":"https:\/\/altoo.io\/fr\/wp-json\/wp\/v2\/types\/post"}],"author":[{"embeddable":true,"href":"https:\/\/altoo.io\/fr\/wp-json\/wp\/v2\/users\/13"}],"replies":[{"embeddable":true,"href":"https:\/\/altoo.io\/fr\/wp-json\/wp\/v2\/comments?post=15720"}],"version-history":[{"count":7,"href":"https:\/\/altoo.io\/fr\/wp-json\/wp\/v2\/posts\/15720\/revisions"}],"predecessor-version":[{"id":15829,"href":"https:\/\/altoo.io\/fr\/wp-json\/wp\/v2\/posts\/15720\/revisions\/15829"}],"wp:featuredmedia":[{"embeddable":true,"href":"https:\/\/altoo.io\/fr\/wp-json\/wp\/v2\/media\/15753"}],"wp:attachment":[{"href":"https:\/\/altoo.io\/fr\/wp-json\/wp\/v2\/media?parent=15720"}],"wp:term":[{"taxonomy":"category","embeddable":true,"href":"https:\/\/altoo.io\/fr\/wp-json\/wp\/v2\/categories?post=15720"},{"taxonomy":"post_tag","embeddable":true,"href":"https:\/\/altoo.io\/fr\/wp-json\/wp\/v2\/tags?post=15720"}],"curies":[{"name":"wp","href":"https:\/\/api.w.org\/{rel}","templated":true}]}}