{"id":15117,"date":"2023-07-17T10:00:45","date_gmt":"2023-07-17T08:00:45","guid":{"rendered":"https:\/\/altoo.io\/?p=15117"},"modified":"2023-07-14T18:17:57","modified_gmt":"2023-07-14T16:17:57","slug":"laeroport-de-zurich-celebre-son-75eme-anniversaire","status":"publish","type":"post","link":"https:\/\/altoo.io\/fr\/zurich-airport-celebrates-its-75th-anniversary\/","title":{"rendered":"L'a\u00e9roport de Zurich C\u00e9l\u00e8bre son 75e Anniversaire"},"content":{"rendered":"<div data-elementor-type=\"wp-post\" data-elementor-id=\"15117\" class=\"elementor elementor-15117\" data-elementor-post-type=\"post\">\n\t\t\t\t\t\t<section class=\"elementor-section elementor-top-section elementor-element elementor-element-e3ab5cc elementor-section-boxed elementor-section-height-default elementor-section-height-default\" data-id=\"e3ab5cc\" data-element_type=\"section\" data-e-type=\"section\">\n\t\t\t\t\t\t<div class=\"elementor-container elementor-column-gap-default\">\n\t\t\t\t\t<div class=\"elementor-column elementor-col-100 elementor-top-column elementor-element elementor-element-865c4e1\" data-id=\"865c4e1\" data-element_type=\"column\" data-e-type=\"column\">\n\t\t\t<div class=\"elementor-widget-wrap elementor-element-populated\">\n\t\t\t\t\t\t<div class=\"elementor-element elementor-element-7dc286c elementor-widget elementor-widget-text-editor\" data-id=\"7dc286c\" data-element_type=\"widget\" data-e-type=\"widget\" data-widget_type=\"text-editor.default\">\n\t\t\t\t<div class=\"elementor-widget-container\">\n\t\t\t\t\t\t\t\t\t<h4><b>Les d\u00e9buts de l'aviation suisse\u00a0<\/b><\/h4><p><span style=\"font-weight: 400;\">En Suisse, l'utilisation d'avions pour le transport priv\u00e9 de passagers a d\u00e9but\u00e9 en 1919. Un an plus tard, l'Office f\u00e9d\u00e9ral de l'aviation (1903-1972) est cr\u00e9\u00e9 par le Conseil f\u00e9d\u00e9ral au sein du D\u00e9partement des postes et des chemins de fer. Depuis lors, l'Etat est responsable de la l\u00e9gislation et de la surveillance de l'aviation. Il coordonne les accords avec l'\u00e9tranger, octroie les licences d'exploitation aux compagnies a\u00e9riennes et aux a\u00e9roports, \u00e9labore des prescriptions en mati\u00e8re de protection contre le bruit et de lutte contre la pollution de l'air, et prend \u00e9galement en charge le soutien financier des compagnies a\u00e9riennes suisses.<\/span><\/p><p><span style=\"font-weight: 400;\">En 1931, Swissair est n\u00e9e de la fusion de Balair et d'Ad Astra Aero et son si\u00e8ge social se trouve \u00e0 Zurich. Apr\u00e8s la Seconde Guerre mondiale, l'aviation suisse a connu d'importants progr\u00e8s avec l'expansion des trois principaux a\u00e9roports de Zurich, B\u00e2le-Mulhouse et Gen\u00e8ve-Cointrin, ainsi qu'avec le d\u00e9veloppement progressif du r\u00e9seau de lignes et de la flotte de Swissair.<\/span><\/p><h4><b>La longue histoire de l'a\u00e9roport de Zurich\u00a0<\/b><\/h4><p><span style=\"font-weight: 400;\">En 1945, le Conseil f\u00e9d\u00e9ral d\u00e9cide de construire son propre a\u00e9roport pour l'aviation publique et choisit le site de Zurich-Kloten. Apr\u00e8s avoir convenu des fonds \u00e0 mettre \u00e0 disposition, la construction de l'a\u00e9roport a pu commencer en 1946. Les premiers avions ont pu d\u00e9coller et atterrir en 1948. En 1953, l'a\u00e9roport a \u00e9t\u00e9 inaugur\u00e9 lors d'une grande f\u00eate et le premier terminal a \u00e9t\u00e9 construit. L'a\u00e9roport a \u00e9t\u00e9 agrandi non seulement en raison de l'augmentation du nombre de passagers, mais aussi en raison de l'augmentation du transport de marchandises et de la n\u00e9cessit\u00e9 d'appliquer des normes de s\u00e9curit\u00e9 plus \u00e9lev\u00e9es.<\/span><\/p><p><span style=\"font-weight: 400;\">Des ordonnances sur la protection contre le bruit ont \u00e9t\u00e9 \u00e9dict\u00e9es d\u00e8s 1974, car le bruit des avions commen\u00e7ait \u00e0 d\u00e9ranger la population. C'est pourquoi les itin\u00e9raires de vol ont \u00e9galement \u00e9t\u00e9 modifi\u00e9s.<\/span><\/p><p><span style=\"font-weight: 400;\">En 2001, l'a\u00e9roport a subi un choc consid\u00e9rable car Swissair ne pouvait plus payer ses factures et n'\u00e9tait donc plus autoris\u00e9e \u00e0 voler (grounding). C'est alors qu'a \u00e9t\u00e9 cr\u00e9\u00e9e Swiss, qui fait aujourd'hui partie de la compagnie a\u00e9rienne allemande Lufthansa.<\/span><\/p><h4><b>L'un des principaux a\u00e9roports d'Europe\u00a0<\/b><\/h4><p><span style=\"font-weight: 400;\">L'a\u00e9roport de Zurich est actuellement le plus grand a\u00e9roport de Suisse. Plus de 72 compagnies a\u00e9riennes vous relient \u00e0 185 destinations internationales. SWISS, la plus grande compagnie a\u00e9rienne de Suisse, a son a\u00e9roport principal \u00e0 Zurich et assure environ 50 % des vols. Avec plus de 27'000 employ\u00e9s, l'a\u00e9roport de Zurich est un facteur \u00e9conomique important dans la r\u00e9gion et g\u00e9n\u00e8re une valeur ajout\u00e9e de 5 milliards de francs suisses.<\/span><\/p><p><span style=\"font-weight: 400;\">En 2022, l'a\u00e9roport a re\u00e7u le World Travel Award dans la cat\u00e9gorie \"leading airport in Europe\" pour la 19e fois cons\u00e9cutive (depuis 2004). Chaque ann\u00e9e, des millions de voyageurs classent l'a\u00e9roport de Zurich parmi les 10 meilleurs a\u00e9roports du monde et, en 2017, il s'est class\u00e9 premier dans la cat\u00e9gorie \"20-30 millions de passagers\". Par rapport au m\u00eame mois de l'ann\u00e9e derni\u00e8re, le nombre de passagers \u00e0 l'a\u00e9roport de Zurich a augment\u00e9 d'environ 20 % pour atteindre 2,6 millions en juin 2023. <\/span><\/p>\t\t\t\t\t\t\t\t<\/div>\n\t\t\t\t<\/div>\n\t\t\t\t\t<\/div>\n\t\t<\/div>\n\t\t\t\t\t<\/div>\n\t\t<\/section>\n\t\t\t\t<\/div>","protected":false},"excerpt":{"rendered":"<p>Depuis son premier vol il y a 75 ans, l'a\u00e9roport de Zurich est devenu une plaque tournante majeure du trafic international en Suisse. Cet anniversaire sera c\u00e9l\u00e9br\u00e9 par une f\u00eate de l'a\u00e9roport de trois jours pour la population et tous les fans de l'a\u00e9roport du 1er au 3 septembre 2023. En raison de cet \u00e9v\u00e9nement sp\u00e9cial, revenons sur les 75 ans de l'a\u00e9roport de Zurich et sur l'histoire de l'aviation suisse.<\/p>","protected":false},"author":13,"featured_media":15171,"comment_status":"closed","ping_status":"closed","sticky":false,"template":"","format":"standard","meta":{"inline_featured_image":false,"cybocfi_hide_featured_image":"","two_page_speed":[],"footnotes":""},"categories":[184,73,85],"tags":[257,258,256],"class_list":["post-15117","post","type-post","status-publish","format-standard","has-post-thumbnail","hentry","category-all-insights","category-explore-by-topic","category-switzerland","tag-75th-anniversary","tag-celebrates","tag-zurich-airport"],"_links":{"self":[{"href":"https:\/\/altoo.io\/fr\/wp-json\/wp\/v2\/posts\/15117","targetHints":{"allow":["GET"]}}],"collection":[{"href":"https:\/\/altoo.io\/fr\/wp-json\/wp\/v2\/posts"}],"about":[{"href":"https:\/\/altoo.io\/fr\/wp-json\/wp\/v2\/types\/post"}],"author":[{"embeddable":true,"href":"https:\/\/altoo.io\/fr\/wp-json\/wp\/v2\/users\/13"}],"replies":[{"embeddable":true,"href":"https:\/\/altoo.io\/fr\/wp-json\/wp\/v2\/comments?post=15117"}],"version-history":[{"count":7,"href":"https:\/\/altoo.io\/fr\/wp-json\/wp\/v2\/posts\/15117\/revisions"}],"predecessor-version":[{"id":15321,"href":"https:\/\/altoo.io\/fr\/wp-json\/wp\/v2\/posts\/15117\/revisions\/15321"}],"wp:featuredmedia":[{"embeddable":true,"href":"https:\/\/altoo.io\/fr\/wp-json\/wp\/v2\/media\/15171"}],"wp:attachment":[{"href":"https:\/\/altoo.io\/fr\/wp-json\/wp\/v2\/media?parent=15117"}],"wp:term":[{"taxonomy":"category","embeddable":true,"href":"https:\/\/altoo.io\/fr\/wp-json\/wp\/v2\/categories?post=15117"},{"taxonomy":"post_tag","embeddable":true,"href":"https:\/\/altoo.io\/fr\/wp-json\/wp\/v2\/tags?post=15117"}],"curies":[{"name":"wp","href":"https:\/\/api.w.org\/{rel}","templated":true}]}}