{"id":14455,"date":"2023-07-11T10:00:43","date_gmt":"2023-07-11T08:00:43","guid":{"rendered":"https:\/\/altoo.io\/?p=14455"},"modified":"2023-07-11T17:32:29","modified_gmt":"2023-07-11T15:32:29","slug":"les-festivals-dart-les-plus-prestigieux-auxquels-participer-pour-le-reseau-dart","status":"publish","type":"post","link":"https:\/\/altoo.io\/fr\/top-prestigious-art-festivals-to-attend-for-art-network\/","title":{"rendered":"Les Meilleurs Festivals d'Art Prestigieux Auxquels Assister pour l'Art et le R\u00e9seau"},"content":{"rendered":"<div data-elementor-type=\"wp-post\" data-elementor-id=\"14455\" class=\"elementor elementor-14455\" data-elementor-post-type=\"post\">\n\t\t\t\t\t\t<section class=\"elementor-section elementor-top-section elementor-element elementor-element-e0c3a67 elementor-section-boxed elementor-section-height-default elementor-section-height-default\" data-id=\"e0c3a67\" data-element_type=\"section\" data-e-type=\"section\">\n\t\t\t\t\t\t<div class=\"elementor-container elementor-column-gap-default\">\n\t\t\t\t\t<div class=\"elementor-column elementor-col-100 elementor-top-column elementor-element elementor-element-e214c7c\" data-id=\"e214c7c\" data-element_type=\"column\" data-e-type=\"column\">\n\t\t\t<div class=\"elementor-widget-wrap elementor-element-populated\">\n\t\t\t\t\t\t<div class=\"elementor-element elementor-element-215d366 elementor-widget elementor-widget-text-editor\" data-id=\"215d366\" data-element_type=\"widget\" data-e-type=\"widget\" data-widget_type=\"text-editor.default\">\n\t\t\t\t<div class=\"elementor-widget-container\">\n\t\t\t\t\t\t\t\t\t<h4><b>Art Basel, Suisse<\/b><\/h4><p><span style=\"font-weight: 400;\">Art Basel, qui se tient chaque ann\u00e9e en juillet \u00e0 B\u00e2le, en Suisse, est l'une des plus importantes foires d'art au monde. La foire pr\u00e9sente des \u0153uvres d'art contemporaines et modernes exceptionnelles provenant de galeries de premier plan du monde entier. Les amateurs d'art se r\u00e9unissent \u00e0 Art Basel pour se plonger dans les plus belles collections d'art et engager des conversations int\u00e9ressantes avec les artistes, les collectionneurs et les initi\u00e9s de l'industrie. Les programmes VIP exclusifs, les vernissages et les \u00e9v\u00e9nements sur invitation cr\u00e9ent un environnement propice \u00e0 l'\u00e9tablissement de r\u00e9seaux et de relations. Les collectionneurs milliardaires Eli et Edythe Broad et le magnat des m\u00e9dias Oprah Winfrey ont souvent \u00e9t\u00e9 aper\u00e7us \u00e0 Art Basel.\u00a0<\/span><\/p><p><img fetchpriority=\"high\" decoding=\"async\" class=\"aligncenter wp-image-14456 size-full\" src=\"https:\/\/altoo.io\/live01\/wp-content\/uploads\/2023\/07\/Art-Basel.jpg\" alt=\"\" width=\"768\" height=\"384\" srcset=\"https:\/\/altoo.io\/live01\/wp-content\/uploads\/2023\/07\/Art-Basel.jpg 768w, https:\/\/altoo.io\/live01\/wp-content\/uploads\/2023\/07\/Art-Basel-300x150.jpg 300w, https:\/\/altoo.io\/live01\/wp-content\/uploads\/2023\/07\/Art-Basel-18x9.jpg 18w\" sizes=\"(max-width: 768px) 100vw, 768px\" \/><\/p><p>\u00a0<\/p><h4><b>Biennale de Venise, Italie<\/b><\/h4><p><span style=\"font-weight: 400;\">La Biennale de Venise, qui se tient tous les deux ans en juillet \u00e0 Venise, en Italie, est un \u00e9v\u00e9nement prestigieux qui pr\u00e9sente un large \u00e9ventail de formes d'art contemporain. Elle est tr\u00e8s pris\u00e9e des collectionneurs d'art tels que Dakis Joannou, industriel chypriote grec, ou la cr\u00e9atrice de mode Miuccia Prada. Ce festival prestigieux attire des artistes, des conservateurs et des collectionneurs de premier plan, ce qui en fait une plateforme id\u00e9ale pour \u00e9largir son r\u00e9seau de connaisseurs en mati\u00e8re d'art. Les expositions organis\u00e9es par la Biennale, les symposiums et les rencontres priv\u00e9es sont autant d'occasions de conversations stimulantes, de collaborations et de liens pr\u00e9cieux dans le monde de l'art.<\/span><\/p><p><img decoding=\"async\" class=\"aligncenter wp-image-14459 size-full\" src=\"https:\/\/altoo.io\/live01\/wp-content\/uploads\/2023\/07\/Venice-Bienale.jpeg\" alt=\"\" width=\"474\" height=\"266\" srcset=\"https:\/\/altoo.io\/live01\/wp-content\/uploads\/2023\/07\/Venice-Bienale.jpeg 474w, https:\/\/altoo.io\/live01\/wp-content\/uploads\/2023\/07\/Venice-Bienale-300x168.jpeg 300w, https:\/\/altoo.io\/live01\/wp-content\/uploads\/2023\/07\/Venice-Bienale-18x10.jpeg 18w\" sizes=\"(max-width: 474px) 100vw, 474px\" \/><\/p><p>\u00a0<\/p><h4><b>Frieze Art Fair, Royaume-Uni<\/b><\/h4><p><span style=\"font-weight: 400;\">Frieze Art Fair, un \u00e9v\u00e9nement annuel qui a lieu en octobre, est synonyme d'art contemporain de pointe. Cette foire influente de Londres captive les amateurs d'art gr\u00e2ce \u00e0 ses galeries bien con\u00e7ues, ses installations et ses conf\u00e9rences d'artistes et d'experts renomm\u00e9s. Frieze Masters, un \u00e9v\u00e9nement parall\u00e8le, pr\u00e9sente des \u0153uvres d'art historiques, attirant les collectionneurs qui appr\u00e9cient l'interaction entre l'ancien et le nouveau. Les visiteurs de Frieze Art Fair ont la possibilit\u00e9 de participer \u00e0 des avant-premi\u00e8res VIP exclusives, \u00e0 des visites guid\u00e9es et \u00e0 des \u00e9v\u00e9nements priv\u00e9s, qui constituent autant d'occasions inestimables de nouer des contacts. Le milliardaire russe Roman Abramovich, la cr\u00e9atrice de mode Stella McCartney et l'entrepreneur technologique Yuri Milner figurent parmi les visiteurs les plus connus de Frieze Art Fair.\u00a0<\/span><\/p><p><img decoding=\"async\" class=\"aligncenter wp-image-14460 size-full\" src=\"https:\/\/altoo.io\/live01\/wp-content\/uploads\/2023\/07\/frieze-art.jpg\" alt=\"\" width=\"768\" height=\"512\" srcset=\"https:\/\/altoo.io\/live01\/wp-content\/uploads\/2023\/07\/frieze-art.jpg 768w, https:\/\/altoo.io\/live01\/wp-content\/uploads\/2023\/07\/frieze-art-300x200.jpg 300w, https:\/\/altoo.io\/live01\/wp-content\/uploads\/2023\/07\/frieze-art-18x12.jpg 18w\" sizes=\"(max-width: 768px) 100vw, 768px\" \/><\/p><p>\u00a0<\/p><h4><b>Art Duba\u00ef, \u00c9mirats Arabes Unis<\/b><\/h4><p><span style=\"font-weight: 400;\">Art Dubai s'est impos\u00e9e comme une plaque tournante de l'art contemporain et moderne au Moyen-Orient. Chaque ann\u00e9e en mars, cette foire d'art rassemble un m\u00e9lange captivant d'artistes \u00e9tablis et \u00e9mergents, de collectionneurs et de galeries de la r\u00e9gion arabe et d'ailleurs. Les participants \u00e0 Art Dubai engagent des conversations stimulantes avec d'autres amateurs d'art, explorent de nouvelles opportunit\u00e9s d'investissement et prennent part \u00e0 des programmes dynamiques tels que des visites guid\u00e9es par des artistes, des conf\u00e9rences et des performances organis\u00e9es par des commissaires. Parmi les grandes fortunes qui ont particip\u00e9 \u00e0 Art Dubai, citons Sultan Sooud Al Qassemi, homme d'affaires \u00e9mirati, m\u00e9c\u00e8ne et fondateur de la Barjeel Art Foundation, ainsi que la cr\u00e9atrice de mode Victoria Beckham et l'acteur hollywoodien Leonardo DiCaprio. La foire offre un environnement propice au r\u00e9seautage et \u00e0 l'\u00e9tablissement de liens au sein de la dynamique sc\u00e8ne artistique du Moyen-Orient.<\/span><\/p><p><img loading=\"lazy\" decoding=\"async\" class=\"aligncenter wp-image-14461 size-full\" src=\"https:\/\/altoo.io\/live01\/wp-content\/uploads\/2023\/07\/Art-Dubai.jpeg\" alt=\"\" width=\"474\" height=\"308\" srcset=\"https:\/\/altoo.io\/live01\/wp-content\/uploads\/2023\/07\/Art-Dubai.jpeg 474w, https:\/\/altoo.io\/live01\/wp-content\/uploads\/2023\/07\/Art-Dubai-300x195.jpeg 300w, https:\/\/altoo.io\/live01\/wp-content\/uploads\/2023\/07\/Art-Dubai-18x12.jpeg 18w\" sizes=\"(max-width: 474px) 100vw, 474px\" \/><\/p>\t\t\t\t\t\t\t\t<\/div>\n\t\t\t\t<\/div>\n\t\t\t\t\t<\/div>\n\t\t<\/div>\n\t\t\t\t\t<\/div>\n\t\t<\/section>\n\t\t\t\t<\/div>","protected":false},"excerpt":{"rendered":"<p>Art Basel, la Biennale de Venise, Frieze Art Fair et Art Dubai sont des festivals d'art prestigieux qui offrent un m\u00e9lange unique d'appr\u00e9ciation de l'art et de r\u00e9seautage. Ces \u00e9v\u00e9nements exclusifs constituent des plateformes id\u00e9ales pour les amateurs d'art, qui peuvent y engager des conversations int\u00e9ressantes, entrer en contact avec des artistes et des collectionneurs de renom et explorer les possibilit\u00e9s d'investissement. Rejoignez-nous pour d\u00e9couvrir les festivals d'art les plus prestigieux qui favorisent les contacts et l'engagement dans le monde de l'art et de l'entreprise.<\/p>","protected":false},"author":13,"featured_media":14457,"comment_status":"closed","ping_status":"closed","sticky":false,"template":"","format":"standard","meta":{"inline_featured_image":false,"cybocfi_hide_featured_image":"","two_page_speed":[],"footnotes":""},"categories":[184,69,86,57,89,88,87],"tags":[212,221],"class_list":["post-14455","post","type-post","status-publish","format-standard","has-post-thumbnail","hentry","category-all-insights","category-art-and-culture","category-explore-by-entity","category-lifestyle","category-multi-family-office","category-private-wealth-owners","category-single-family-office","tag-art-festival","tag-art-festivals"],"_links":{"self":[{"href":"https:\/\/altoo.io\/fr\/wp-json\/wp\/v2\/posts\/14455","targetHints":{"allow":["GET"]}}],"collection":[{"href":"https:\/\/altoo.io\/fr\/wp-json\/wp\/v2\/posts"}],"about":[{"href":"https:\/\/altoo.io\/fr\/wp-json\/wp\/v2\/types\/post"}],"author":[{"embeddable":true,"href":"https:\/\/altoo.io\/fr\/wp-json\/wp\/v2\/users\/13"}],"replies":[{"embeddable":true,"href":"https:\/\/altoo.io\/fr\/wp-json\/wp\/v2\/comments?post=14455"}],"version-history":[{"count":5,"href":"https:\/\/altoo.io\/fr\/wp-json\/wp\/v2\/posts\/14455\/revisions"}],"predecessor-version":[{"id":14477,"href":"https:\/\/altoo.io\/fr\/wp-json\/wp\/v2\/posts\/14455\/revisions\/14477"}],"wp:featuredmedia":[{"embeddable":true,"href":"https:\/\/altoo.io\/fr\/wp-json\/wp\/v2\/media\/14457"}],"wp:attachment":[{"href":"https:\/\/altoo.io\/fr\/wp-json\/wp\/v2\/media?parent=14455"}],"wp:term":[{"taxonomy":"category","embeddable":true,"href":"https:\/\/altoo.io\/fr\/wp-json\/wp\/v2\/categories?post=14455"},{"taxonomy":"post_tag","embeddable":true,"href":"https:\/\/altoo.io\/fr\/wp-json\/wp\/v2\/tags?post=14455"}],"curies":[{"name":"wp","href":"https:\/\/api.w.org\/{rel}","templated":true}]}}