{"id":14441,"date":"2023-07-11T10:00:34","date_gmt":"2023-07-11T08:00:34","guid":{"rendered":"https:\/\/altoo.io\/?p=14441"},"modified":"2023-07-11T17:32:52","modified_gmt":"2023-07-11T15:32:52","slug":"ce-que-nous-savons-sur-linterdiction-de-fumer-en-suede","status":"publish","type":"post","link":"https:\/\/altoo.io\/fr\/what-we-know-about-sweden-going-smoke-free\/","title":{"rendered":"Ce que Nous Savons sur l'Interdiction de Fumer en Su\u00e8de"},"content":{"rendered":"<div data-elementor-type=\"wp-post\" data-elementor-id=\"14441\" class=\"elementor elementor-14441\" data-elementor-post-type=\"post\">\n\t\t\t\t\t\t<section class=\"elementor-section elementor-top-section elementor-element elementor-element-1098a9c elementor-section-boxed elementor-section-height-default elementor-section-height-default\" data-id=\"1098a9c\" data-element_type=\"section\" data-e-type=\"section\">\n\t\t\t\t\t\t<div class=\"elementor-container elementor-column-gap-default\">\n\t\t\t\t\t<div class=\"elementor-column elementor-col-100 elementor-top-column elementor-element elementor-element-352fe4e\" data-id=\"352fe4e\" data-element_type=\"column\" data-e-type=\"column\">\n\t\t\t<div class=\"elementor-widget-wrap elementor-element-populated\">\n\t\t\t\t\t\t<div class=\"elementor-element elementor-element-2f6c40a elementor-widget elementor-widget-text-editor\" data-id=\"2f6c40a\" data-element_type=\"widget\" data-e-type=\"widget\" data-widget_type=\"text-editor.default\">\n\t\t\t\t<div class=\"elementor-widget-container\">\n\t\t\t\t\t\t\t\t\t<p><span style=\"font-weight: 400;\">La Su\u00e8de est l'un des pays o\u00f9 la l\u00e9gislation sur le tabagisme est la plus stricte. Et il semble que cela fonctionne : Le pays scandinave est sur le point de devenir le premier pays sans tabac au monde dans les prochaines ann\u00e9es. Et ce, avec deux ans d'avance sur son objectif initial. En revanche, l'Union europ\u00e9enne a pr\u00e9vu d'atteindre cet objectif d'ici \u00e0 2040. Mais comment la Su\u00e8de est-elle parvenue \u00e0 devenir un pays sans fum\u00e9e d\u00e8s aujourd'hui, avec quelques ann\u00e9es d'avance ? Et qu'en est-il de certains autres pays d'Europe ?<\/span><\/p><h4><b>L'objectif ambitieux de la Su\u00e8de\u00a0<\/b><\/h4><p><span style=\"font-weight: 400;\">La Su\u00e8de, qui a le taux de tabagisme le plus bas de l'Union europ\u00e9enne, est sur le point de devenir le premier pays \"sans tabac\" d'Europe. Dans ce contexte, un pays sans fum\u00e9e est d\u00e9fini comme ayant moins de 5% de fumeurs quotidiens dans la population. Par exemple, seuls 6,4% des Su\u00e9dois \u00e2g\u00e9s de plus de 15 ans \u00e9taient des fumeurs quotidiens en 2019. C'est le chiffre le plus bas de l'UE et bien en dessous de la moyenne de l'UE-27 de 18,5%, selon Eurostat, l'office des statistiques. Selon les statistiques de l'Office national su\u00e9dois de la sant\u00e9, le taux de tabagisme a baiss\u00e9 depuis lors et \u00e9tait de 5,6% l'ann\u00e9e derni\u00e8re.<\/span><span style=\"font-weight: 400;\">\u00a0<\/span><\/p><p><span style=\"font-weight: 400;\">Les Su\u00e9dois soucieux de leur sant\u00e9, y compris la jeune g\u00e9n\u00e9ration, semblent bien conscients des risques du tabagisme.  Il est important de noter que des interdictions de fumer restrictives ont \u00e9t\u00e9 mises en \u0153uvre avec succ\u00e8s ces derni\u00e8res ann\u00e9es. D\u00e8s 2005, l'interdiction de fumer dans les restaurants a \u00e9t\u00e9 adopt\u00e9e en Su\u00e8de. En 2019, la r\u00e9glementation a \u00e9t\u00e9 renforc\u00e9e : il n'\u00e9tait plus seulement interdit aux fumeurs de d\u00e9guster leurs cigarettes dans les restaurants et les bars. Ils n'ont plus le droit de le faire juste devant la porte ou sur la terrasse. L'interdiction de fumer a \u00e9t\u00e9 \u00e9tendue des espaces ferm\u00e9s aux espaces publics ext\u00e9rieurs. Il s'agissait initialement des entr\u00e9es et des espaces ext\u00e9rieurs des restaurants et des pubs, des terrains de jeux, des gares et des arr\u00eats de bus.<\/span><\/p><h4><b>Pas de publicit\u00e9 pour les produits du tabac\u00a0<\/b><\/h4><p><span style=\"font-weight: 400;\">Une mesure pr\u00e9vue en Suisse vise \u00e0 prot\u00e9ger les jeunes, selon la Conf\u00e9d\u00e9ration. La publicit\u00e9 pour les produits du tabac et les e-cigarettes sera totalement interdite. Cette mesure devrait \u00e9galement concerner une grande partie de la publicit\u00e9 en ligne et des affichages publics, en particulier dans les lieux accessibles aux moins de 18 ans. Cette interdiction \u00e9largie devrait entrer en vigueur \u00e0 la mi-2026. L'objectif de ces restrictions est de r\u00e9duire le tabagisme et les d\u00e9c\u00e8s qui y sont li\u00e9s. Selon le gouvernement, 6,9 % des Suisses \u00e2g\u00e9s de 11 \u00e0 15 ans ont fum\u00e9 des cigarettes au cours des 30 derniers jours, tandis que 5,7 % des jeunes \u00e2g\u00e9s de 15 \u00e0 24 ans ont utilis\u00e9 des cigarettes \u00e9lectroniques au moins une fois par mois.<\/span><\/p><h4><b>Tabac plus cher = moins de fumeurs ?<\/b><\/h4><p><span style=\"font-weight: 400;\">En augmentant le prix du tabac, de moins en moins de personnes devraient \u00eatre dispos\u00e9es \u00e0 fumer, selon l'id\u00e9e centrale de la strat\u00e9gie fran\u00e7aise de lutte contre le tabagisme. La France est un pays o\u00f9 les taux de tabagisme sont relativement \u00e9lev\u00e9s, avec environ 33% de la population d\u00e9clarant fumer r\u00e9guli\u00e8rement des cigarettes.\u00a0<\/span><\/p><p><span style=\"font-weight: 400;\">\u00c0 titre de comparaison, en Allemagne, il n'y a que 25%. Toutefois, cette situation pourrait bient\u00f4t prendre fin. En France, de plus en plus de personnes arr\u00eatent de fumer. Environ un million de Fran\u00e7ais ont arr\u00eat\u00e9 de fumer en l'espace d'un an. Le nombre de fumeurs serait pass\u00e9 de 13,2 millions (2016) \u00e0 12,2 millions (2017).\u00a0<\/span><span style=\"font-weight: 400;\">\u00a0<\/span><\/p><p><span style=\"font-weight: 400;\">Mais quelle en est la raison ? La principale raison de cette baisse drastique du nombre de fumeurs est l'augmentation du prix du tabac. Le gouvernement fran\u00e7ais a progressivement augment\u00e9 le prix du paquet de cigarettes dans le but m\u00eame de rendre le tabagisme moins attractif. Ainsi, en 2018, le prix \u00e9tait encore de 7,00 euros, il est actuellement de 10,50 euros. L'augmentation significative du prix est d\u00e9j\u00e0 une raison pour beaucoup d'arr\u00eater de fumer, ce qui repr\u00e9sente un succ\u00e8s dans la strat\u00e9gie du minist\u00e8re fran\u00e7ais de la Sant\u00e9.\u00a0<\/span><span style=\"font-weight: 400;\">\u00a0<\/span><\/p><p><span style=\"font-weight: 400;\">De plus en plus de pays reconnaissent les effets n\u00e9fastes du tabagisme sur la sant\u00e9 et commencent \u00e0 s'engager sur la voie de l'interdiction de fumer. Si l'on consid\u00e8re uniquement les pays europ\u00e9ens, il est clair que les mesures peuvent \u00eatre tr\u00e8s diff\u00e9rentes. Il est donc important de noter qu'il n'existe pas de r\u00e8gles universelles sur la mani\u00e8re dont un pays peut devenir non-fumeur, car les mesures les plus efficaces d\u00e9pendent toujours de la soci\u00e9t\u00e9, de la politique et des objectifs vis\u00e9s. <\/span><\/p>\t\t\t\t\t\t\t\t<\/div>\n\t\t\t\t<\/div>\n\t\t\t\t\t<\/div>\n\t\t<\/div>\n\t\t\t\t\t<\/div>\n\t\t<\/section>\n\t\t\t\t<\/div>","protected":false},"excerpt":{"rendered":"<p>Les effets n\u00e9gatifs du tabagisme sur la sant\u00e9 ne sont plus un secret, le tabac est responsable d'une vari\u00e9t\u00e9 de cancers, du d\u00e9veloppement de maladies pulmonaires chroniques et de maladies circulatoires, pour n'en citer que quelques-unes. C'est pourquoi de nombreux \u00c9tats ont d\u00e9cid\u00e9 de prendre des mesures pour lutter contre le tabagisme et de devenir \"sans tabac\".<\/p>","protected":false},"author":13,"featured_media":14442,"comment_status":"closed","ping_status":"closed","sticky":false,"template":"","format":"standard","meta":{"inline_featured_image":false,"cybocfi_hide_featured_image":"","two_page_speed":[],"footnotes":""},"categories":[184,56],"tags":[222],"class_list":["post-14441","post","type-post","status-publish","format-standard","has-post-thumbnail","hentry","category-all-insights","category-beyond-markets","tag-sweden"],"_links":{"self":[{"href":"https:\/\/altoo.io\/fr\/wp-json\/wp\/v2\/posts\/14441","targetHints":{"allow":["GET"]}}],"collection":[{"href":"https:\/\/altoo.io\/fr\/wp-json\/wp\/v2\/posts"}],"about":[{"href":"https:\/\/altoo.io\/fr\/wp-json\/wp\/v2\/types\/post"}],"author":[{"embeddable":true,"href":"https:\/\/altoo.io\/fr\/wp-json\/wp\/v2\/users\/13"}],"replies":[{"embeddable":true,"href":"https:\/\/altoo.io\/fr\/wp-json\/wp\/v2\/comments?post=14441"}],"version-history":[{"count":6,"href":"https:\/\/altoo.io\/fr\/wp-json\/wp\/v2\/posts\/14441\/revisions"}],"predecessor-version":[{"id":14478,"href":"https:\/\/altoo.io\/fr\/wp-json\/wp\/v2\/posts\/14441\/revisions\/14478"}],"wp:featuredmedia":[{"embeddable":true,"href":"https:\/\/altoo.io\/fr\/wp-json\/wp\/v2\/media\/14442"}],"wp:attachment":[{"href":"https:\/\/altoo.io\/fr\/wp-json\/wp\/v2\/media?parent=14441"}],"wp:term":[{"taxonomy":"category","embeddable":true,"href":"https:\/\/altoo.io\/fr\/wp-json\/wp\/v2\/categories?post=14441"},{"taxonomy":"post_tag","embeddable":true,"href":"https:\/\/altoo.io\/fr\/wp-json\/wp\/v2\/tags?post=14441"}],"curies":[{"name":"wp","href":"https:\/\/api.w.org\/{rel}","templated":true}]}}