{"id":14434,"date":"2023-07-11T10:00:55","date_gmt":"2023-07-11T08:00:55","guid":{"rendered":"https:\/\/altoo.io\/?p=14434"},"modified":"2023-07-12T08:17:45","modified_gmt":"2023-07-12T06:17:45","slug":"quelles-sont-les-relations-de-la-suisse-avec-lue","status":"publish","type":"post","link":"https:\/\/altoo.io\/fr\/what-is-switzerlands-relationship-with-the-eu\/","title":{"rendered":"Quelles sont les Relations de la Suisse avec l'UE ?"},"content":{"rendered":"<div data-elementor-type=\"wp-post\" data-elementor-id=\"14434\" class=\"elementor elementor-14434\" data-elementor-post-type=\"post\">\n\t\t\t\t\t\t<section class=\"elementor-section elementor-top-section elementor-element elementor-element-0339735 elementor-section-boxed elementor-section-height-default elementor-section-height-default\" data-id=\"0339735\" data-element_type=\"section\" data-e-type=\"section\">\n\t\t\t\t\t\t<div class=\"elementor-container elementor-column-gap-default\">\n\t\t\t\t\t<div class=\"elementor-column elementor-col-100 elementor-top-column elementor-element elementor-element-a622ca5\" data-id=\"a622ca5\" data-element_type=\"column\" data-e-type=\"column\">\n\t\t\t<div class=\"elementor-widget-wrap elementor-element-populated\">\n\t\t\t\t\t\t<div class=\"elementor-element elementor-element-37233bb elementor-widget elementor-widget-text-editor\" data-id=\"37233bb\" data-element_type=\"widget\" data-e-type=\"widget\" data-widget_type=\"text-editor.default\">\n\t\t\t\t<div class=\"elementor-widget-container\">\n\t\t\t\t\t\t\t\t\t<h4><b>Les accords bilat\u00e9raux comme base des relations<\/b><\/h4><p><span style=\"font-weight: 400;\">En 1999, la Suisse a sign\u00e9 sept accords bilat\u00e9raux avec l'Union europ\u00e9enne (UE). En 2000, ils ont \u00e9t\u00e9 approuv\u00e9s par les Suisses lors d'un r\u00e9f\u00e9rendum avec 67,2 % voix pour. L'UE et la Suisse sont soumises \u00e0 des r\u00e8gles communes dans les domaines de la libre circulation des personnes, du transport terrestre, du transport a\u00e9rien, des obstacles techniques au commerce, des march\u00e9s publics, de la recherche et de l'agriculture.<\/span><span style=\"font-weight: 400;\"><br \/><\/span><\/p><p><span style=\"font-weight: 400;\">Les sept accords sont juridiquement li\u00e9s par la clause guillotine, qui signifie que si une partie contractante d\u00e9nonce un accord sectoriel, l'ensemble des sept accords cesse automatiquement de s'appliquer apr\u00e8s six mois. Les liens entre la Suisse et l'UE reposent sur ce que l'on appelle les \"Bilat\u00e9rales I\".<\/span><\/p><h4><b>L'ambiance commence \u00e0 se refroidir<\/b><\/h4><p><span style=\"font-weight: 400;\">La Suisse ne fait pas partie de l'Union europ\u00e9enne et ne souhaite pas en devenir membre. Depuis une vingtaine d'ann\u00e9es, la Suisse g\u00e8re ses relations avec l'UE par le biais d'accords bilat\u00e9raux. Elle souhaite poursuivre cette strat\u00e9gie bilat\u00e9rale. L'UE a \u00e9t\u00e9 n\u00e9gativement surprise lorsque le gouvernement suisse a mis fin aux n\u00e9gociations sur un accord-cadre institutionnel avec l'UE en mai 2021. Tant que les probl\u00e8mes institutionnels ne seront pas r\u00e9solus, elle ne souhaite pas signer de nouveaux accords. La Suisse a \u00e9galement \u00e9t\u00e9 retir\u00e9e de la liste des pays participant au programme de recherche Horizon Europe. Larissa Rhyn, correspondante du Palais f\u00e9d\u00e9ral pour SRF, explique que cela donne \u00e0 l'UE l'occasion d'encourager les ren\u00e9gociations.<\/span><\/p><h4><b>Perspectives d'avenir<\/b><\/h4><p><span style=\"font-weight: 400;\">Quelle est la suite des \u00e9v\u00e9nements ? \"L'UE souhaiterait conclure rapidement un accord contraignant\", explique M. Rhyn. Apr\u00e8s tout, la pr\u00e9sidence de la Commission europ\u00e9enne changera en 2024. Si tout n'est pas r\u00e9gl\u00e9 d'ici l\u00e0, les contacts personnels entre les partenaires de n\u00e9gociation devront \u00eatre r\u00e9tablis, ce qui pourrait ralentir le processus ou rendre un accord plus difficile.<\/span><\/p><p><span style=\"font-weight: 400;\">La Suisse, en revanche, est plus encline \u00e0 freiner. \"En Suisse, on a l'impression que certains partis pr\u00e9f\u00e9reraient retarder encore un peu les choses parce que des \u00e9lections auront lieu en octobre 2023 et que le sujet de l'Europe est tr\u00e8s sensible pour beaucoup\", explique M. Rhyn. Ainsi, comme d'habitude, les relations entre la Suisse et l'UE \u00e9voluent lentement.<\/span><\/p>\t\t\t\t\t\t\t\t<\/div>\n\t\t\t\t<\/div>\n\t\t\t\t\t<\/div>\n\t\t<\/div>\n\t\t\t\t\t<\/div>\n\t\t<\/section>\n\t\t\t\t<\/div>","protected":false},"excerpt":{"rendered":"<p>Bien que la Suisse ne soit pas membre de l'UE, le pays entretient des relations \u00e9troites avec l'Union. Plus de 20 accords de base et 100 autres accords d\u00e9terminent cette relation bilat\u00e9rale. Toutefois, ces derni\u00e8res ann\u00e9es, ces relations n'ont progress\u00e9 que tr\u00e8s lentement. Quelle en est la raison et quelles sont les relations entre les deux parties ?<\/p>","protected":false},"author":13,"featured_media":14436,"comment_status":"closed","ping_status":"closed","sticky":false,"template":"","format":"standard","meta":{"inline_featured_image":false,"cybocfi_hide_featured_image":"","two_page_speed":[],"footnotes":""},"categories":[184,56,85],"tags":[211,205],"class_list":["post-14434","post","type-post","status-publish","format-standard","has-post-thumbnail","hentry","category-all-insights","category-beyond-markets","category-switzerland","tag-eu","tag-switzerland"],"_links":{"self":[{"href":"https:\/\/altoo.io\/fr\/wp-json\/wp\/v2\/posts\/14434","targetHints":{"allow":["GET"]}}],"collection":[{"href":"https:\/\/altoo.io\/fr\/wp-json\/wp\/v2\/posts"}],"about":[{"href":"https:\/\/altoo.io\/fr\/wp-json\/wp\/v2\/types\/post"}],"author":[{"embeddable":true,"href":"https:\/\/altoo.io\/fr\/wp-json\/wp\/v2\/users\/13"}],"replies":[{"embeddable":true,"href":"https:\/\/altoo.io\/fr\/wp-json\/wp\/v2\/comments?post=14434"}],"version-history":[{"count":8,"href":"https:\/\/altoo.io\/fr\/wp-json\/wp\/v2\/posts\/14434\/revisions"}],"predecessor-version":[{"id":14569,"href":"https:\/\/altoo.io\/fr\/wp-json\/wp\/v2\/posts\/14434\/revisions\/14569"}],"wp:featuredmedia":[{"embeddable":true,"href":"https:\/\/altoo.io\/fr\/wp-json\/wp\/v2\/media\/14436"}],"wp:attachment":[{"href":"https:\/\/altoo.io\/fr\/wp-json\/wp\/v2\/media?parent=14434"}],"wp:term":[{"taxonomy":"category","embeddable":true,"href":"https:\/\/altoo.io\/fr\/wp-json\/wp\/v2\/categories?post=14434"},{"taxonomy":"post_tag","embeddable":true,"href":"https:\/\/altoo.io\/fr\/wp-json\/wp\/v2\/tags?post=14434"}],"curies":[{"name":"wp","href":"https:\/\/api.w.org\/{rel}","templated":true}]}}