{"id":14427,"date":"2023-07-11T10:00:14","date_gmt":"2023-07-11T08:00:14","guid":{"rendered":"https:\/\/altoo.io\/?p=14427"},"modified":"2023-07-11T17:33:36","modified_gmt":"2023-07-11T15:33:36","slug":"ce-quil-faut-savoir-sur-la-nouvelle-loi-suisse-sur-la-protection-du-climat","status":"publish","type":"post","link":"https:\/\/altoo.io\/fr\/what-to-know-about-the-new-swiss-climate-protection-act\/","title":{"rendered":"Ce qu'il Faut Savoir sur la Nouvelle Loi Suisse sur la Protction du Climat"},"content":{"rendered":"<div data-elementor-type=\"wp-post\" data-elementor-id=\"14427\" class=\"elementor elementor-14427\" data-elementor-post-type=\"post\">\n\t\t\t\t\t\t<section class=\"elementor-section elementor-top-section elementor-element elementor-element-e2d0142 elementor-section-boxed elementor-section-height-default elementor-section-height-default\" data-id=\"e2d0142\" data-element_type=\"section\" data-e-type=\"section\">\n\t\t\t\t\t\t<div class=\"elementor-container elementor-column-gap-default\">\n\t\t\t\t\t<div class=\"elementor-column elementor-col-100 elementor-top-column elementor-element elementor-element-9af08af\" data-id=\"9af08af\" data-element_type=\"column\" data-e-type=\"column\">\n\t\t\t<div class=\"elementor-widget-wrap elementor-element-populated\">\n\t\t\t\t\t\t<div class=\"elementor-element elementor-element-7403e6c elementor-widget elementor-widget-text-editor\" data-id=\"7403e6c\" data-element_type=\"widget\" data-e-type=\"widget\" data-widget_type=\"text-editor.default\">\n\t\t\t\t<div class=\"elementor-widget-container\">\n\t\t\t\t\t\t\t\t\t<h4><b>En quoi consiste la loi suisse sur la protection du climat ?<\/b><\/h4><p><span style=\"font-weight: 400;\">En septembre 2022, le Parlement suisse a adopt\u00e9 une nouvelle loi sur le climat. La loi f\u00e9d\u00e9rale sur les objectifs de protection du climat, l'innovation et le renforcement de la s\u00e9curit\u00e9 \u00e9nerg\u00e9tique a pour but d'acc\u00e9l\u00e9rer le passage aux \u00e9nergies renouvelables. Elle stipule que la Suisse doit atteindre un bilan d'\u00e9missions nettes nulles (neutralit\u00e9 climatique) d'ici 2050. La nouvelle loi garantit des investissements plus respectueux du climat et fixe des objectifs et des buts interm\u00e9diaires pour la r\u00e9duction des \u00e9missions. Deux milliards de francs suisses seront mis \u00e0 disposition pour le passage des chauffages au mazout, au gaz et \u00e0 l'\u00e9lectricit\u00e9 \u00e0 des chauffages respectueux du climat. Des subventions d'un montant de 1,2 milliard de francs suisses soutiendront les entreprises commerciales et industrielles qui utilisent des technologies innovantes pour une production respectueuse de l'environnement. La \"Loi f\u00e9d\u00e9rale sur les objectifs de protection du climat, l'innovation et le renforcement de la s\u00e9curit\u00e9 \u00e9nerg\u00e9tique (contre-projet indirect \u00e0 l'initiative sur les glaciers)\" met l'accent sur cet aspect.<\/span><\/p><h4><b>Opposition de l'UDC<\/b><\/h4><p><span style=\"font-weight: 400;\">Le plus grand parti de Suisse, l'Union d\u00e9mocratique du centre (UDC), n'est pas satisfait de la nouvelle loi sur le climat. Il a men\u00e9 \u00e0 bien le r\u00e9f\u00e9rendum. L'UDC a r\u00e9ussi \u00e0 r\u00e9colter plus du double des 50'000 signatures requises. Le vote aura lieu le 18 juin. L'UDC a qualifi\u00e9 la nouvelle loi de \"gouffre \u00e0 \u00e9lectricit\u00e9\" qui serait pr\u00e9judiciable \u00e0 la fois \u00e0 l'\u00e9conomie et \u00e0 la population. D'ici \u00e0 2050, l'objectif de neutralit\u00e9 climatique impliquerait l'interdiction de l'essence, du diesel, du mazout et du gaz. Le parti affirme que la demande d'\u00e9lectricit\u00e9 augmentera et que les factures des m\u00e9nages s'alourdiront de milliers de francs par an en pleine crise \u00e9nerg\u00e9tique.<\/span><\/p><h4><b>Objectifs de la nouvelle loi<\/b><\/h4><p><span style=\"font-weight: 400;\">La Suisse importe environ trois quarts de l'\u00e9nergie mondiale. Les sources d'\u00e9nergie telles que le mazout, l'essence, le diesel et le gaz naturel sont import\u00e9es de l'\u00e9tranger. La Suisse est donc tr\u00e8s d\u00e9pendante. En outre, l'utilisation de combustibles fossiles a une incidence sur le climat. Avec la \"Loi f\u00e9d\u00e9rale sur les objectifs de protection du climat, l'innovation et le renforcement de la s\u00e9curit\u00e9 \u00e9nerg\u00e9tique (LCI)\", le Conseil f\u00e9d\u00e9ral et le Parlement veulent rendre la Suisse moins d\u00e9pendante des importations d'\u00e9nergie et renforcer la protection du climat. La Conf\u00e9d\u00e9ration et les cantons doivent \u00e9galement prendre des mesures pour prot\u00e9ger l'homme et la nature des effets n\u00e9gatifs du changement climatique.<\/span><\/p><p><img fetchpriority=\"high\" decoding=\"async\" class=\"aligncenter wp-image-14430 size-full\" src=\"https:\/\/altoo.io\/live01\/wp-content\/uploads\/2023\/07\/swiss-climate-text.jpeg\" alt=\"\" width=\"474\" height=\"237\" srcset=\"https:\/\/altoo.io\/live01\/wp-content\/uploads\/2023\/07\/swiss-climate-text.jpeg 474w, https:\/\/altoo.io\/live01\/wp-content\/uploads\/2023\/07\/swiss-climate-text-300x150.jpeg 300w, https:\/\/altoo.io\/live01\/wp-content\/uploads\/2023\/07\/swiss-climate-text-18x9.jpeg 18w\" sizes=\"(max-width: 474px) 100vw, 474px\" \/><\/p><h4><b>La Suisse en comparaison<\/b><\/h4><p><span style=\"font-weight: 400;\">Ce n'est pas la premi\u00e8re fois que l'UDC critique la politique climatique adopt\u00e9e par les conseils f\u00e9d\u00e9raux. En 2020, elle a soutenu un r\u00e9f\u00e9rendum contre la nouvelle loi sur le CO2, qui pr\u00e9voyait des taxes et des mesures de r\u00e9duction des \u00e9missions. A la surprise g\u00e9n\u00e9rale, le projet de loi a \u00e9t\u00e9 rejet\u00e9 en votation populaire. Environ 70% de l'\u00e9nergie consomm\u00e9e en Suisse est import\u00e9e de l'\u00e9tranger. Il s'agit principalement de p\u00e9trole brut, de produits p\u00e9troliers, de gaz et de charbon. Le Nigeria, les Etats-Unis et la Libye sont les trois principaux fournisseurs de p\u00e9trole brut. La Suisse fait partie des pays europ\u00e9ens qui utilisent le plus de p\u00e9trole pour le chauffage des b\u00e2timents. Bien que les pompes \u00e0 chaleur soient de plus en plus utilis\u00e9es depuis quelques ann\u00e9es, notamment depuis le d\u00e9but de la guerre en Ukraine, environ six maisons sur dix sont chauff\u00e9es \u00e0 l'aide de combustibles fossiles. Les 30% restants de la demande \u00e9nerg\u00e9tique sont couverts par la production d'\u00e9lectricit\u00e9 dans le pays. Les deux tiers de l'\u00e9lectricit\u00e9 proviennent de sources d'\u00e9nergie renouvelables, en particulier de l'hydro\u00e9lectricit\u00e9, tandis qu'un tiers provient de centrales nucl\u00e9aires.\u00a0<\/span><\/p><p><span style=\"font-weight: 400;\">La Suisse a atteint la 22e place dans le classement des politiques climatiques, contre la 15e place l'ann\u00e9e derni\u00e8re. Selon les experts internationaux qui ont \u00e9tabli le CCPI (Climate Change Performance Index), la Suisse devrait \"am\u00e9liorer sa politique\" et \"acc\u00e9l\u00e9rer sa mise en \u0153uvre\". La nouvelle loi sur la protection du climat est donc d\u00e9j\u00e0 un bon pas dans la bonne direction.<\/span><\/p>\t\t\t\t\t\t\t\t<\/div>\n\t\t\t\t<\/div>\n\t\t\t\t\t<\/div>\n\t\t<\/div>\n\t\t\t\t\t<\/div>\n\t\t<\/section>\n\t\t\t\t<\/div>","protected":false},"excerpt":{"rendered":"<p>Avec la d\u00e9cision que <a href=\"https:\/\/altoo.io\/fr\/la-suisse-neutre-sur-le-plan-climatique-dici-2050-vision-ambitieuse-ou-objectif-realisable\/\">La Suisse veut atteindre la neutralit\u00e9 climatique d'ici 2050<\/a>. Une nouvelle loi sur la protection du climat a \u00e9galement \u00e9t\u00e9 adopt\u00e9e \u00e0 l'issue d'un r\u00e9f\u00e9rendum populaire. Environ 60% de la population a vot\u00e9 en faveur de cette loi. Pour en savoir plus sur le contenu exact de cette loi, cliquez ici.<\/p>","protected":false},"author":13,"featured_media":14428,"comment_status":"closed","ping_status":"closed","sticky":false,"template":"","format":"standard","meta":{"inline_featured_image":false,"cybocfi_hide_featured_image":"","two_page_speed":[],"footnotes":""},"categories":[184,75,85],"tags":[214,154,224,205,213],"class_list":["post-14427","post","type-post","status-publish","format-standard","has-post-thumbnail","hentry","category-all-insights","category-sustainability","category-switzerland","tag-climate-act","tag-sustainability","tag-swiss-climate","tag-switzerland","tag-un-development-goals"],"_links":{"self":[{"href":"https:\/\/altoo.io\/fr\/wp-json\/wp\/v2\/posts\/14427","targetHints":{"allow":["GET"]}}],"collection":[{"href":"https:\/\/altoo.io\/fr\/wp-json\/wp\/v2\/posts"}],"about":[{"href":"https:\/\/altoo.io\/fr\/wp-json\/wp\/v2\/types\/post"}],"author":[{"embeddable":true,"href":"https:\/\/altoo.io\/fr\/wp-json\/wp\/v2\/users\/13"}],"replies":[{"embeddable":true,"href":"https:\/\/altoo.io\/fr\/wp-json\/wp\/v2\/comments?post=14427"}],"version-history":[{"count":9,"href":"https:\/\/altoo.io\/fr\/wp-json\/wp\/v2\/posts\/14427\/revisions"}],"predecessor-version":[{"id":14475,"href":"https:\/\/altoo.io\/fr\/wp-json\/wp\/v2\/posts\/14427\/revisions\/14475"}],"wp:featuredmedia":[{"embeddable":true,"href":"https:\/\/altoo.io\/fr\/wp-json\/wp\/v2\/media\/14428"}],"wp:attachment":[{"href":"https:\/\/altoo.io\/fr\/wp-json\/wp\/v2\/media?parent=14427"}],"wp:term":[{"taxonomy":"category","embeddable":true,"href":"https:\/\/altoo.io\/fr\/wp-json\/wp\/v2\/categories?post=14427"},{"taxonomy":"post_tag","embeddable":true,"href":"https:\/\/altoo.io\/fr\/wp-json\/wp\/v2\/tags?post=14427"}],"curies":[{"name":"wp","href":"https:\/\/api.w.org\/{rel}","templated":true}]}}