{"id":13730,"date":"2023-07-06T10:00:28","date_gmt":"2023-07-06T08:00:28","guid":{"rendered":"https:\/\/altoo.io\/?p=13730"},"modified":"2023-07-05T10:09:31","modified_gmt":"2023-07-05T08:09:31","slug":"ce-que-nous-savons-sur-alain-berset-et-sa-decision-de-step-down","status":"publish","type":"post","link":"https:\/\/altoo.io\/fr\/what-we-know-about-alain-berset-and-his-decision-to-step-down\/","title":{"rendered":"Ce Que l'On Sait d'Alain Berset et De Sa D\u00e9cision De D\u00e9missionner"},"content":{"rendered":"<div data-elementor-type=\"wp-post\" data-elementor-id=\"13730\" class=\"elementor elementor-13730\" data-elementor-post-type=\"post\">\n\t\t\t\t\t\t<section class=\"elementor-section elementor-top-section elementor-element elementor-element-dfc7ff9 elementor-section-boxed elementor-section-height-default elementor-section-height-default\" data-id=\"dfc7ff9\" data-element_type=\"section\" data-e-type=\"section\">\n\t\t\t\t\t\t<div class=\"elementor-container elementor-column-gap-default\">\n\t\t\t\t\t<div class=\"elementor-column elementor-col-100 elementor-top-column elementor-element elementor-element-96f17ab\" data-id=\"96f17ab\" data-element_type=\"column\" data-e-type=\"column\">\n\t\t\t<div class=\"elementor-widget-wrap elementor-element-populated\">\n\t\t\t\t\t\t<div class=\"elementor-element elementor-element-e12f0a1 elementor-widget elementor-widget-text-editor\" data-id=\"e12f0a1\" data-element_type=\"widget\" data-e-type=\"widget\" data-widget_type=\"text-editor.default\">\n\t\t\t\t<div class=\"elementor-widget-container\">\n\t\t\t\t\t\t\t\t\t<p><span style=\"font-weight: 400\">\"Je ne d\u00e9missionne pas, j'annonce seulement que je ne serai plus candidat apr\u00e8s la fin de la l\u00e9gislature actuelle\", a d\u00e9clar\u00e9 M. Berset \u00e0 Reuters, en r\u00e9f\u00e9rence aux \u00e9lections suisses qui se tiendront en octobre 2023. M. Berset est \u00e9galement le membre du Conseil f\u00e9d\u00e9ral qui est rest\u00e9 le plus longtemps au pouvoir. Si quelqu'un restait au gouvernement pendant \" plus de 12 ans \", a-t-il dit, ce serait trop long et il pourrait commencer \u00e0 se consid\u00e9rer comme irrempla\u00e7able.<\/span><span style=\"font-weight: 400\"><br><\/span><\/p>\n<h4><b>Les d\u00e9buts&nbsp;<\/b><\/h4>\n<p><span style=\"font-weight: 400\">Alain Berset a obtenu une licence en sciences politiques et \u00e9conomiques \u00e0 l'Universit\u00e9 de Neuch\u00e2tel en 1996 et un doctorat en 2005. Pendant sa th\u00e8se, il a travaill\u00e9 comme assistant \u00e0 l'Institut de recherche sur le d\u00e9veloppement \u00e9conomique r\u00e9gional de l'Universit\u00e9 de Neuch\u00e2tel. Avant d'occuper un poste de conseiller strat\u00e9gique au D\u00e9partement de l'\u00e9conomie du canton de Neuch\u00e2tel, il a d'abord travaill\u00e9 comme chercheur invit\u00e9 \u00e0 l'Institut d'\u00e9conomie internationale de Hambourg. En 2006, il a fond\u00e9 sa propre entreprise et travaille aujourd'hui comme expert ind\u00e9pendant en strat\u00e9gie et en communication pour des associations, des entreprises et des organisations \u00e0 but non lucratif.<\/span><\/p>\n<p><img fetchpriority=\"high\" decoding=\"async\" class=\"aligncenter wp-image-13737 size-full\" src=\"https:\/\/altoo.io\/live01\/wp-content\/uploads\/2023\/07\/alain-berset-text.jpg\" alt=\"\" width=\"768\" height=\"576\" srcset=\"https:\/\/altoo.io\/live01\/wp-content\/uploads\/2023\/07\/alain-berset-text.jpg 768w, https:\/\/altoo.io\/live01\/wp-content\/uploads\/2023\/07\/alain-berset-text-300x225.jpg 300w, https:\/\/altoo.io\/live01\/wp-content\/uploads\/2023\/07\/alain-berset-text-16x12.jpg 16w\" sizes=\"(max-width: 768px) 100vw, 768px\" \/><\/p>\n<h4><b>Activit\u00e9s politiques&nbsp;<\/b><\/h4>\n<p><span style=\"font-weight: 400\">En 2003, Berset est \u00e9lu au Conseil des Etats du canton de Fribourg, qu'il pr\u00e9side en 2008\/2009. Il a occup\u00e9 le poste de vice-pr\u00e9sident du groupe socialiste de 2005 jusqu'\u00e0 son \u00e9lection au Conseil f\u00e9d\u00e9ral. Il a \u00e9t\u00e9 membre de plusieurs commissions parlementaires, dont la Commission des finances, la Commission de l'\u00e9conomie et des redevances, la Commission juridique et la D\u00e9l\u00e9gation des finances. Il a pr\u00e9sid\u00e9 la Commission des institutions politiques, la D\u00e9l\u00e9gation \u00e0 l'Assembl\u00e9e parlementaire de la Francophonie et le Bureau du Conseil. Outre ses fonctions politiques, Alain Berset a \u00e9galement \u00e9t\u00e9 pr\u00e9sident de l'Association suisse des locataires - section Suisse occidentale, de l'Association suisse pour la promotion des AOC\/IGP et de la Fondation Les Buissonnets pour les enfants et les adultes handicap\u00e9s. En tant que chef du D\u00e9partement f\u00e9d\u00e9ral de l'int\u00e9rieur (DFI), il est responsable de la politique de la sant\u00e9 et de la pr\u00e9voyance vieillesse. Ces deux domaines sont consid\u00e9r\u00e9s comme des chantiers sans fin o\u00f9 il n'est gu\u00e8re possible d'apporter des am\u00e9liorations. Berset subit une d\u00e9faite douloureuse en septembre 2017 lorsqu'il \u00e9choue clairement avec \"Altersvorsorge 2020\".&nbsp;<\/span><\/p>\n<p><span style=\"font-weight: 400\">Cinq ans plus tard, elle entra\u00eene une am\u00e9lioration significative de l'AVS. L'\u00e2ge de la retraite des femmes devrait passer progressivement \u00e0 65 ans \u00e0 partir de 2024, apr\u00e8s que la majorit\u00e9 des votants a dit oui. En outre, la taxe sur la valeur ajout\u00e9e pour l'AVS augmentera \u00e9galement.<\/span><\/p>\n<h4><b>La fin d'une \u00e9poque&nbsp;<\/b><\/h4>\n<p><span style=\"font-weight: 400\">Il a \u00e9t\u00e9 nomm\u00e9 conseiller f\u00e9d\u00e9ral par l'Assembl\u00e9e f\u00e9d\u00e9rale unie le 14 d\u00e9cembre 2011. Il est chef du D\u00e9partement f\u00e9d\u00e9ral de l'int\u00e9rieur depuis le premier jour de l'ann\u00e9e 2012. Le 6 d\u00e9cembre 2017, il a \u00e9t\u00e9 \u00e9lu pr\u00e9sident de la Conf\u00e9d\u00e9ration suisse pour l'ann\u00e9e 2018. Il a \u00e9t\u00e9 r\u00e9\u00e9lu pr\u00e9sident de la Conf\u00e9d\u00e9ration suisse le 7 d\u00e9cembre 2022 pour l'ann\u00e9e 2023. En juin, M. Berset a d\u00e9clar\u00e9 lors d'une conf\u00e9rence de presse \u00e0 Berne que les \u00e9lections l\u00e9gislatives d'octobre n'\u00e9taient pas une d\u00e9mission, mais l'annonce qu'il ne se repr\u00e9senterait pas apr\u00e8s la l\u00e9gislature en cours.<\/span><\/p>\n<p><span style=\"font-weight: 400\">Berset, le plus ancien membre du Conseil f\u00e9d\u00e9ral \u00e0 l'heure actuelle, a d\u00e9clar\u00e9 qu'un mandat de plus de 12 ans serait consid\u00e9r\u00e9 comme irrempla\u00e7able s'il durait trop longtemps.<\/span><\/p>\n<p><span style=\"font-weight: 400\">Dans les sondages, Berset est souvent consid\u00e9r\u00e9 comme l'un des magistrats les plus populaires. Avec sa nonchalance et sa vision globale, il marque des points sur la sc\u00e8ne politique suisse. En ce qui concerne ses projets apr\u00e8s sa d\u00e9mission, M. Berset reste plut\u00f4t discret. <\/span><\/p>\t\t\t\t\t\t\t\t<\/div>\n\t\t\t\t<\/div>\n\t\t\t\t\t<\/div>\n\t\t<\/div>\n\t\t\t\t\t<\/div>\n\t\t<\/section>\n\t\t\t\t<\/div>","protected":false},"excerpt":{"rendered":"<p>C'est d\u00e9sormais officiel. \u00c0 la fin de l'ann\u00e9e, Alain Berset quittera ses fonctions de ministre de l'int\u00e9rieur de la Suisse et de pr\u00e9sident en exercice. Cette d\u00e9cision inattendue intervient apr\u00e8s plus d'une d\u00e9cennie pass\u00e9e \u00e0 divers postes gouvernementaux. La pr\u00e9sidence est un poste tournant en Suisse, avec des membres du gouvernement local, le Conseil f\u00e9d\u00e9ral de sept membres, dans lequel Berset a servi depuis 2012, entrant et sortant du bureau chaque ann\u00e9e.<\/p>","protected":false},"author":13,"featured_media":13731,"comment_status":"closed","ping_status":"closed","sticky":false,"template":"","format":"standard","meta":{"inline_featured_image":false,"cybocfi_hide_featured_image":"","two_page_speed":[],"footnotes":""},"categories":[184,56,73,85],"tags":[],"class_list":["post-13730","post","type-post","status-publish","format-standard","has-post-thumbnail","hentry","category-all-insights","category-beyond-markets","category-explore-by-topic","category-switzerland"],"_links":{"self":[{"href":"https:\/\/altoo.io\/fr\/wp-json\/wp\/v2\/posts\/13730","targetHints":{"allow":["GET"]}}],"collection":[{"href":"https:\/\/altoo.io\/fr\/wp-json\/wp\/v2\/posts"}],"about":[{"href":"https:\/\/altoo.io\/fr\/wp-json\/wp\/v2\/types\/post"}],"author":[{"embeddable":true,"href":"https:\/\/altoo.io\/fr\/wp-json\/wp\/v2\/users\/13"}],"replies":[{"embeddable":true,"href":"https:\/\/altoo.io\/fr\/wp-json\/wp\/v2\/comments?post=13730"}],"version-history":[{"count":18,"href":"https:\/\/altoo.io\/fr\/wp-json\/wp\/v2\/posts\/13730\/revisions"}],"predecessor-version":[{"id":13874,"href":"https:\/\/altoo.io\/fr\/wp-json\/wp\/v2\/posts\/13730\/revisions\/13874"}],"wp:featuredmedia":[{"embeddable":true,"href":"https:\/\/altoo.io\/fr\/wp-json\/wp\/v2\/media\/13731"}],"wp:attachment":[{"href":"https:\/\/altoo.io\/fr\/wp-json\/wp\/v2\/media?parent=13730"}],"wp:term":[{"taxonomy":"category","embeddable":true,"href":"https:\/\/altoo.io\/fr\/wp-json\/wp\/v2\/categories?post=13730"},{"taxonomy":"post_tag","embeddable":true,"href":"https:\/\/altoo.io\/fr\/wp-json\/wp\/v2\/tags?post=13730"}],"curies":[{"name":"wp","href":"https:\/\/api.w.org\/{rel}","templated":true}]}}