{"id":13694,"date":"2023-07-06T10:00:30","date_gmt":"2023-07-06T08:00:30","guid":{"rendered":"https:\/\/altoo.io\/?p=13694"},"modified":"2023-07-06T07:42:24","modified_gmt":"2023-07-06T05:42:24","slug":"pourquoi-la-chine-pourrait-elle-ralentir-ses-efforts-de-decarbonisation-de-leconomie","status":"publish","type":"post","link":"https:\/\/altoo.io\/fr\/why-china-may-slow-efforts-to-decarbonize-economies\/","title":{"rendered":"Pourquoi la Chine Pourrait Ralentir les Efforts de D\u00e9carbonisation des Economies"},"content":{"rendered":"<div data-elementor-type=\"wp-post\" data-elementor-id=\"13694\" class=\"elementor elementor-13694\" data-elementor-post-type=\"post\">\n\t\t\t\t\t\t<section class=\"elementor-section elementor-top-section elementor-element elementor-element-d742828 elementor-section-boxed elementor-section-height-default elementor-section-height-default\" data-id=\"d742828\" data-element_type=\"section\" data-e-type=\"section\">\n\t\t\t\t\t\t<div class=\"elementor-container elementor-column-gap-default\">\n\t\t\t\t\t<div class=\"elementor-column elementor-col-100 elementor-top-column elementor-element elementor-element-19b00a8\" data-id=\"19b00a8\" data-element_type=\"column\" data-e-type=\"column\">\n\t\t\t<div class=\"elementor-widget-wrap elementor-element-populated\">\n\t\t\t\t\t\t<div class=\"elementor-element elementor-element-3e2b978 elementor-widget elementor-widget-text-editor\" data-id=\"3e2b978\" data-element_type=\"widget\" data-e-type=\"widget\" data-widget_type=\"text-editor.default\">\n\t\t\t\t<div class=\"elementor-widget-container\">\n\t\t\t\t\t\t\t\t\t<p><span style=\"font-weight: 400;\">La Chine, premier producteur mondial de gallium et de germanium, introduit des restrictions \u00e0 l'exportation qui s'appliqueront \u00e0 partir du mois prochain. Les autorit\u00e9s chinoises ont d\u00e9clar\u00e9 qu'elles bloqueraient les exportations de deux m\u00e9taux essentiels \u00e0 la transition vers une \"\u00e9conomie verte\".<\/span><span style=\"font-weight: 400;\"><br \/><\/span><\/p><p><span style=\"font-weight: 400;\">En particulier, l'Union europ\u00e9enne d\u00e9pend de la Chine pour 71% de son gallium et 45% de son germanium, une d\u00e9pendance v\u00e9ritablement asym\u00e9trique. La d\u00e9cision de P\u00e9kin de restreindre les exportations de min\u00e9raux essentiels aux industries des semi-conducteurs, des t\u00e9l\u00e9communications et de l'\u00e9lectronique touchera des secteurs cl\u00e9s de l'UE et ralentira les efforts de l'Union europ\u00e9enne pour d\u00e9carboniser son \u00e9conomie.<\/span><\/p><p><span style=\"font-weight: 400;\">L'initiative strat\u00e9gique de la Chine met en \u00e9vidence les limites de la capacit\u00e9 de l'Union \u00e0 d\u00e9placer les cha\u00eenes d'approvisionnement au-del\u00e0 de la port\u00e9e des politiciens de P\u00e9kin. Cette d\u00e9marche intervient quelques semaines apr\u00e8s que Bruxelles a d\u00e9voil\u00e9 une nouvelle strat\u00e9gie de s\u00e9curit\u00e9 \u00e9conomique visant \u00e0 contr\u00f4ler les exportations de technologies critiques et \u00e0 freiner les sorties d'investissements au nom de la s\u00e9curit\u00e9 nationale europ\u00e9enne. Cette proposition s'inscrit dans le cadre des efforts croissants d\u00e9ploy\u00e9s par l'Union pour renforcer les outils de s\u00e9curit\u00e9, alors que des pays comme la Chine et la Russie utilisent de plus en plus le commerce et le contr\u00f4le des cha\u00eenes d'approvisionnement essentielles pour atteindre des objectifs politiques, voire militaires.<\/span><\/p><p><span style=\"font-weight: 400;\">En r\u00e9alit\u00e9, il faudra au moins une d\u00e9cennie \u00e0 l'Occident pour se lib\u00e9rer du risque li\u00e9 \u00e0 l'approvisionnement en ressources min\u00e9rales critiques en provenance de Chine. Nous assistons actuellement \u00e0 une \"partie sur le grand \u00e9chiquier mondial\", dont les implications affectent profond\u00e9ment le monde occidental moderne et l'ensemble de l'Union europ\u00e9enne, y compris la Suisse.<\/span><\/p>\t\t\t\t\t\t\t\t<\/div>\n\t\t\t\t<\/div>\n\t\t\t\t\t<\/div>\n\t\t<\/div>\n\t\t\t\t\t<\/div>\n\t\t<\/section>\n\t\t\t\t<\/div>","protected":false},"excerpt":{"rendered":"<p>La puissance mondiale introduit des restrictions \u00e0 l'exportation qui s'appliqueront \u00e0 partir du mois prochain.<\/p>","protected":false},"author":13,"featured_media":13700,"comment_status":"closed","ping_status":"closed","sticky":false,"template":"","format":"standard","meta":{"inline_featured_image":false,"cybocfi_hide_featured_image":"","two_page_speed":[],"footnotes":""},"categories":[184,62,55,73,75],"tags":[156,195,196],"class_list":["post-13694","post","type-post","status-publish","format-standard","has-post-thumbnail","hentry","category-all-insights","category-analysis","category-economic-outlook","category-explore-by-topic","category-sustainability","tag-carbonomics","tag-china","tag-decarbonization"],"_links":{"self":[{"href":"https:\/\/altoo.io\/fr\/wp-json\/wp\/v2\/posts\/13694","targetHints":{"allow":["GET"]}}],"collection":[{"href":"https:\/\/altoo.io\/fr\/wp-json\/wp\/v2\/posts"}],"about":[{"href":"https:\/\/altoo.io\/fr\/wp-json\/wp\/v2\/types\/post"}],"author":[{"embeddable":true,"href":"https:\/\/altoo.io\/fr\/wp-json\/wp\/v2\/users\/13"}],"replies":[{"embeddable":true,"href":"https:\/\/altoo.io\/fr\/wp-json\/wp\/v2\/comments?post=13694"}],"version-history":[{"count":7,"href":"https:\/\/altoo.io\/fr\/wp-json\/wp\/v2\/posts\/13694\/revisions"}],"predecessor-version":[{"id":13873,"href":"https:\/\/altoo.io\/fr\/wp-json\/wp\/v2\/posts\/13694\/revisions\/13873"}],"wp:featuredmedia":[{"embeddable":true,"href":"https:\/\/altoo.io\/fr\/wp-json\/wp\/v2\/media\/13700"}],"wp:attachment":[{"href":"https:\/\/altoo.io\/fr\/wp-json\/wp\/v2\/media?parent=13694"}],"wp:term":[{"taxonomy":"category","embeddable":true,"href":"https:\/\/altoo.io\/fr\/wp-json\/wp\/v2\/categories?post=13694"},{"taxonomy":"post_tag","embeddable":true,"href":"https:\/\/altoo.io\/fr\/wp-json\/wp\/v2\/tags?post=13694"}],"curies":[{"name":"wp","href":"https:\/\/api.w.org\/{rel}","templated":true}]}}