{"id":13465,"date":"2023-07-04T10:00:57","date_gmt":"2023-07-04T08:00:57","guid":{"rendered":"https:\/\/altoo.io\/?p=13465"},"modified":"2023-07-05T14:44:51","modified_gmt":"2023-07-05T12:44:51","slug":"le-portrait-christine-lagarde","status":"publish","type":"post","link":"https:\/\/altoo.io\/fr\/the-portrait-christine-lagarde\/","title":{"rendered":"Le Portrait : Christine Lagarde"},"content":{"rendered":"<div data-elementor-type=\"wp-post\" data-elementor-id=\"13465\" class=\"elementor elementor-13465\" data-elementor-post-type=\"post\">\n\t\t\t\t\t\t<section class=\"elementor-section elementor-top-section elementor-element elementor-element-c40d128 elementor-section-boxed elementor-section-height-default elementor-section-height-default\" data-id=\"c40d128\" data-element_type=\"section\" data-e-type=\"section\">\n\t\t\t\t\t\t<div class=\"elementor-container elementor-column-gap-default\">\n\t\t\t\t\t<div class=\"elementor-column elementor-col-100 elementor-top-column elementor-element elementor-element-2cb14a9\" data-id=\"2cb14a9\" data-element_type=\"column\" data-e-type=\"column\">\n\t\t\t<div class=\"elementor-widget-wrap elementor-element-populated\">\n\t\t\t\t\t\t<div class=\"elementor-element elementor-element-d4eae51 elementor-widget elementor-widget-text-editor\" data-id=\"d4eae51\" data-element_type=\"widget\" data-e-type=\"widget\" data-widget_type=\"text-editor.default\">\n\t\t\t\t<div class=\"elementor-widget-container\">\n\t\t\t\t\t\t\t\t\t<h4><b>Esprit d'\u00e9quipe et bons contacts<\/b><b><br \/><\/b><\/h4><p><span style=\"font-weight: 400;\">Une femme avec du style, fiable et respect\u00e9e - pour beaucoup, la Fran\u00e7aise Christine Lagarde est consid\u00e9r\u00e9e comme un bon choix pour diriger la Banque centrale europ\u00e9enne. Il est remarquable que l'ancien ministre allemand des finances, Wolfgang Sch\u00e4uble, ait \u00e9t\u00e9 favorable \u00e0 sa nomination \u00e0 la t\u00eate de la BCE, bien qu'il ait adopt\u00e9 une position diff\u00e9rente sur le plan de sauvetage de la Gr\u00e8ce. M\u00eame le pr\u00e9sident am\u00e9ricain Donald Trump lui a t\u00e9moign\u00e9 son respect \u00e0 plusieurs reprises.\u00a0<\/span><span style=\"font-weight: 400;\">Lagarde a montr\u00e9 \u00e0 plusieurs reprises qu'elle avait les contacts \u00e9troits n\u00e9cessaires avec la politique et les qualit\u00e9s requises pour cela. M\u00eame dans sa jeunesse, lorsqu'elle pratiquait la natation synchronis\u00e9e, elle \u00e9tait consid\u00e9r\u00e9e comme une joueuse d'\u00e9quipe, comme le magazine de mode am\u00e9ricain \"Vogue\" l'a \u00e9crit dans un portrait en 2011. <\/span><span style=\"font-weight: 400;\">Elle est consid\u00e9r\u00e9e comme une femme qui \u00e9coute les conseils et qui communique facilement. <\/span><span style=\"font-weight: 400;\">Aujourd'hui, cette Fran\u00e7aise de 67 ans est pr\u00e9sidente de la Banque centrale europ\u00e9enne et gardienne de la zone mon\u00e9taire europ\u00e9enne.<\/span><\/p><p><img fetchpriority=\"high\" decoding=\"async\" class=\"aligncenter wp-image-13493 size-full\" src=\"https:\/\/altoo.io\/live01\/wp-content\/uploads\/2023\/07\/Epoch-Times.jpg\" alt=\"\" width=\"768\" height=\"523\" srcset=\"https:\/\/altoo.io\/live01\/wp-content\/uploads\/2023\/07\/Epoch-Times.jpg 768w, https:\/\/altoo.io\/live01\/wp-content\/uploads\/2023\/07\/Epoch-Times-300x204.jpg 300w, https:\/\/altoo.io\/live01\/wp-content\/uploads\/2023\/07\/Epoch-Times-18x12.jpg 18w\" sizes=\"(max-width: 768px) 100vw, 768px\" \/><\/p><h4><b>Carri\u00e8re professionnelle<\/b><\/h4><p><span style=\"font-weight: 400;\">Mme Lagarde est entr\u00e9e en politique en 2005 et est devenue ministre de l'\u00e9conomie et des finances de 2007 \u00e0 2011, soutenant la France pendant la crise de l'euro. En 2011, elle remplace le directeur du Fonds mon\u00e9taire international (FMI) apr\u00e8s la d\u00e9mission de Dominique Strauss-Kahn \u00e0 la suite d'un scandale sexuel. Elle a modernis\u00e9 la communication et le parcours du Fonds. Depuis lors, le Fonds n'a pas abandonn\u00e9 les r\u00e8gles strictes susceptibles de provoquer des bouleversements sociaux dans les pays touch\u00e9s. Les droits des femmes et les in\u00e9galit\u00e9s ont commenc\u00e9 \u00e0 \u00eatre pris en compte. <\/span><span style=\"font-weight: 400;\"><br \/><\/span><span style=\"font-weight: 400;\"><br \/><\/span><span style=\"font-weight: 400;\">En outre, Mme Lagarde a \u00e9t\u00e9 la premi\u00e8re femme \u00e0 devenir ministre des finances d'un pays du G7 et la premi\u00e8re directrice g\u00e9n\u00e9rale du Fonds mon\u00e9taire international (FMI). En 2013, Lagarde a re\u00e7u le titre de Grand Officier de l'Ordre National de la R\u00e9publique Fran\u00e7aise.<\/span><\/p><p><span style=\"font-weight: 400;\">Elle occupe le poste de pr\u00e9sidente de la Banque centrale europ\u00e9enne depuis novembre 2019. En outre, elle est pr\u00e9sidente du Comit\u00e9 europ\u00e9en du risque syst\u00e9mique (CERS), membre du conseil d'administration de la Banque des r\u00e8glements internationaux (BRI) et membre du G 7 et du G 20.\u00a0<\/span><\/p><h4><b>\u00c0 la t\u00eate de la BCE<\/b><\/h4><p><span style=\"font-weight: 400;\">Le mandat de M. Lagard a commenc\u00e9 par la pand\u00e9mie de Corona, qui a repr\u00e9sent\u00e9 un d\u00e9fi majeur non seulement pour les institutions et les pays europ\u00e9ens, mais aussi pour l'\u00e9conomie mondiale. La BCE s'est donc concentr\u00e9e sur la gestion de la crise et la stabilisation de l'inflation. De ce point de vue, on peut consid\u00e9rer que plus la crise devenait grave, plus les attentes \u00e0 l'\u00e9gard du pr\u00e9sident de la BCE \u00e9taient \u00e9lev\u00e9es.\u00a0<\/span><\/p><p><span style=\"font-weight: 400;\">Ses compagnons et des observateurs ext\u00e9rieurs, comme l'\u00e9conomiste internationale Elga Bartsch, dressent un bilan largement positif, mais loin d'\u00eatre parfait. Selon beaucoup, Mme Lagarde a toutefois d\u00e9\u00e7u les attentes g\u00e9n\u00e9rales en mati\u00e8re de compr\u00e9hension de la politique mon\u00e9taire par le grand public.\u00a0<\/span><\/p><p><span style=\"font-weight: 400;\">Les partisans de la r\u00e9action de Mme Lagarde \u00e0 la crise \u00e9conomique soulignent que son altercation avec le PDG de la Barclays Bank, Bob Diamond, lors du Forum \u00e9conomique mondial en janvier, illustre sa vivacit\u00e9 d'esprit et sa langue ac\u00e9r\u00e9e. Lorsqu'il a remerci\u00e9 les ministres des finances d'avoir am\u00e9lior\u00e9 l'\u00e9conomie, Mme Lagarde a r\u00e9pondu : \"La meilleure fa\u00e7on pour le secteur bancaire de vous remercier serait d'assurer un bon financement de l'\u00e9conomie, de mettre en place des syst\u00e8mes de r\u00e9mun\u00e9ration raisonnables et de renforcer son capital. M. Diamond a \u00e9t\u00e9 tellement choqu\u00e9 qu'il n'a rien pu dire, et le public a applaudi.<\/span><\/p><p><span style=\"font-weight: 400;\">Malgr\u00e9 toutes les turbulences et les nombreuses critiques, principalement li\u00e9es \u00e0 l'augmentation des taux d'int\u00e9r\u00eat de l'euro, les quelque 340 millions d'habitants de la zone euro continuent de faire confiance \u00e0 la monnaie commune et \u00e0 la BCE. Dans une enqu\u00eate, pr\u00e8s de 80 % des personnes interrog\u00e9es ont d\u00e9clar\u00e9 avoir confiance en l'euro.<\/span><\/p><p><span style=\"font-weight: 400;\">Mme Lagarde a d\u00e9clar\u00e9 un jour \u00e0 un journal fran\u00e7ais que \"le succ\u00e8s n'est jamais complet. C'est un combat sans fin. Chaque matin, il faut remettre ses capacit\u00e9s \u00e0 l'\u00e9preuve\" - et c'est ce qu'elle fait.<\/span><\/p><p><img decoding=\"async\" class=\"aligncenter wp-image-13494 size-full\" src=\"https:\/\/altoo.io\/live01\/wp-content\/uploads\/2023\/07\/ecb-text.jpg\" alt=\"\" width=\"768\" height=\"512\" srcset=\"https:\/\/altoo.io\/live01\/wp-content\/uploads\/2023\/07\/ecb-text.jpg 768w, https:\/\/altoo.io\/live01\/wp-content\/uploads\/2023\/07\/ecb-text-300x200.jpg 300w, https:\/\/altoo.io\/live01\/wp-content\/uploads\/2023\/07\/ecb-text-18x12.jpg 18w\" sizes=\"(max-width: 768px) 100vw, 768px\" \/><\/p>\t\t\t\t\t\t\t\t<\/div>\n\t\t\t\t<\/div>\n\t\t\t\t\t<\/div>\n\t\t<\/div>\n\t\t\t\t\t<\/div>\n\t\t<\/section>\n\t\t\t\t<\/div>","protected":false},"excerpt":{"rendered":"<p>Christine Lagarde, c'est la quatri\u00e8me pr\u00e9sidente de la Banque centrale europ\u00e9enne (BCE) depuis 2019. Cependant, la femme politique fran\u00e7aise n'a pas eu la t\u00e2che facile, car le d\u00e9but de son mandat a \u00e9t\u00e9 marqu\u00e9 par des d\u00e9fis et une gestion de crise due \u00e0 l'\u00e9mergence de la pand\u00e9mie de Corona. Mais qui est Christine Lagarde et quelles sont les orientations qu'elle donne \u00e0 la BCE ?<\/p>","protected":false},"author":13,"featured_media":13467,"comment_status":"closed","ping_status":"closed","sticky":false,"template":"","format":"standard","meta":{"inline_featured_image":false,"cybocfi_hide_featured_image":"","two_page_speed":[],"footnotes":""},"categories":[184,73,57,84],"tags":[],"class_list":["post-13465","post","type-post","status-publish","format-standard","has-post-thumbnail","hentry","category-all-insights","category-explore-by-topic","category-lifestyle","category-women"],"_links":{"self":[{"href":"https:\/\/altoo.io\/fr\/wp-json\/wp\/v2\/posts\/13465","targetHints":{"allow":["GET"]}}],"collection":[{"href":"https:\/\/altoo.io\/fr\/wp-json\/wp\/v2\/posts"}],"about":[{"href":"https:\/\/altoo.io\/fr\/wp-json\/wp\/v2\/types\/post"}],"author":[{"embeddable":true,"href":"https:\/\/altoo.io\/fr\/wp-json\/wp\/v2\/users\/13"}],"replies":[{"embeddable":true,"href":"https:\/\/altoo.io\/fr\/wp-json\/wp\/v2\/comments?post=13465"}],"version-history":[{"count":31,"href":"https:\/\/altoo.io\/fr\/wp-json\/wp\/v2\/posts\/13465\/revisions"}],"predecessor-version":[{"id":13557,"href":"https:\/\/altoo.io\/fr\/wp-json\/wp\/v2\/posts\/13465\/revisions\/13557"}],"wp:featuredmedia":[{"embeddable":true,"href":"https:\/\/altoo.io\/fr\/wp-json\/wp\/v2\/media\/13467"}],"wp:attachment":[{"href":"https:\/\/altoo.io\/fr\/wp-json\/wp\/v2\/media?parent=13465"}],"wp:term":[{"taxonomy":"category","embeddable":true,"href":"https:\/\/altoo.io\/fr\/wp-json\/wp\/v2\/categories?post=13465"},{"taxonomy":"post_tag","embeddable":true,"href":"https:\/\/altoo.io\/fr\/wp-json\/wp\/v2\/tags?post=13465"}],"curies":[{"name":"wp","href":"https:\/\/api.w.org\/{rel}","templated":true}]}}