{"id":13458,"date":"2023-07-04T10:00:01","date_gmt":"2023-07-04T08:00:01","guid":{"rendered":"https:\/\/altoo.io\/?p=13458"},"modified":"2023-11-26T13:59:31","modified_gmt":"2023-11-26T12:59:31","slug":"lecb-fete-ses-25-ans","status":"publish","type":"post","link":"https:\/\/altoo.io\/fr\/the-ecb-celebrates-25-years\/","title":{"rendered":"La BCE F\u00eate ses 25 ans"},"content":{"rendered":"<div data-elementor-type=\"wp-post\" data-elementor-id=\"13458\" class=\"elementor elementor-13458\" data-elementor-post-type=\"post\">\n\t\t\t\t\t\t<section class=\"elementor-section elementor-top-section elementor-element elementor-element-891b4de elementor-section-boxed elementor-section-height-default elementor-section-height-default\" data-id=\"891b4de\" data-element_type=\"section\" data-e-type=\"section\">\n\t\t\t\t\t\t<div class=\"elementor-container elementor-column-gap-default\">\n\t\t\t\t\t<div class=\"elementor-column elementor-col-100 elementor-top-column elementor-element elementor-element-fa8f0ec\" data-id=\"fa8f0ec\" data-element_type=\"column\" data-e-type=\"column\">\n\t\t\t<div class=\"elementor-widget-wrap elementor-element-populated\">\n\t\t\t\t\t\t<div class=\"elementor-element elementor-element-7904bcd elementor-widget elementor-widget-text-editor\" data-id=\"7904bcd\" data-element_type=\"widget\" data-e-type=\"widget\" data-widget_type=\"text-editor.default\">\n\t\t\t\t<div class=\"elementor-widget-container\">\n\t\t\t\t\t\t\t\t\t<h4><b>Introduction de l'euro<\/b><\/h4><p><span style=\"font-weight: 400;\">\"Voici l'euro\" : C'est par ces simples mots que Wim Duisenberg, premier pr\u00e9sident de la Banque centrale europ\u00e9enne (BCE), a accueilli la nouvelle monnaie unique europ\u00e9enne il y a environ 25 ans. Le N\u00e9erlandais a adopt\u00e9 une attitude d\u00e9contract\u00e9e et peu orthodoxe. Ce faisant, il a rapidement renforc\u00e9 l'acceptation de la nouvelle monnaie, m\u00eame s'il a admis plus tard que l'euro \u00e9tait en fait un \"teuro\" \u00e0 l'\u00e9poque. (Remarque : l'expression \"teuro\", d\u00e9riv\u00e9e de l'euro et du mot allemand signifiant \"cher\" (teuer), a \u00e9t\u00e9 cr\u00e9\u00e9e pour d\u00e9crire le co\u00fbt \u00e9lev\u00e9 des transactions en euros).<\/span><span style=\"font-weight: 400;\"><br \/><\/span><span style=\"font-weight: 400;\">L'\u00e9conomie mondiale et le syst\u00e8me bancaire sont toutefois rest\u00e9s relativement stables. Ainsi, la Banque centrale europ\u00e9enne (BCE) a pu se concentrer sur sa mission premi\u00e8re de stabilit\u00e9 des prix tout en naviguant sereinement dans le paysage mondial des banques centrales.<\/span><\/p><p><span style=\"font-weight: 400;\">Officiellement, la BCE a commenc\u00e9 ses travaux le 1er juin 1998 et a \u00e9t\u00e9 mise \u00e0 l'\u00e9preuve pour la premi\u00e8re fois avec l'introduction de la monnaie europ\u00e9enne, l'euro, le 1er janvier 1999. Sous la direction de Wim Duisenberg et de son successeur fran\u00e7ais, Jean-Claude Trichet, qui aimait souligner qu'\"il n'y a qu'une seule aiguille dans notre boussole, et c'est la stabilit\u00e9 des prix\", les premi\u00e8res ann\u00e9es ont \u00e9t\u00e9 consacr\u00e9es \u00e0 garantir la stabilit\u00e9 des prix. Elles ont \u00e9t\u00e9 couronn\u00e9es de succ\u00e8s et, pendant leur mandat, l'inflation a oscill\u00e9 autour de 2%. Une erreur a \u00e9t\u00e9 commise en 2011, lorsque la BCE a relev\u00e9 les taux d'int\u00e9r\u00eat pendant deux trimestres cons\u00e9cutifs, en utilisant le mot de code de M. Trichet \"forte vigilance\" pour avertir de l'imminence d'une hausse, avant de les abaisser plus tard dans l'ann\u00e9e lorsque l'\u00e9conomie s'est d\u00e9t\u00e9rior\u00e9e.<\/span><\/p><h4><b>Mario Draghi et la diffusion des obligations<\/b><\/h4><p><span style=\"font-weight: 400;\">Le gouverneur de la Banque d'Italie de l'\u00e9poque, Mario Draghi, qui a ensuite introduit la \"forward guidance\" dans la politique de la BCE, ne s'est pas oppos\u00e9 aux hausses en 2011. Les d\u00e9missions de haut niveau ont eu lieu l'ann\u00e9e m\u00eame o\u00f9 les tensions ont \u00e9clat\u00e9 au sujet du traitement par la BCE des pays d\u00e9biteurs en difficult\u00e9 de la zone euro. La crise de la zone euro a ensuite \u00e9clat\u00e9 de plein fouet. Les \u00e9carts de taux sur les obligations des pays p\u00e9riph\u00e9riques ont explos\u00e9, \u00e9branlant ainsi la zone euro.\u00a0<\/span><\/p><h4><b>Gestion de crise avec Christine Lagarde<\/b><\/h4><p><span style=\"font-weight: 400;\">Lorsque la Fran\u00e7aise Christine Lagarde a entam\u00e9 son mandat de pr\u00e9sidente en exercice en 2020, elle a pris la t\u00eate de la BCE en pleine pand\u00e9mie de Corona, une p\u00e9riode fortement marqu\u00e9e par la gestion de crise. C'est ainsi qu'est n\u00e9 le plan d'achat d'urgence en cas de pand\u00e9mie (PEPP), destin\u00e9 \u00e0 abaisser les co\u00fbts d'emprunt et \u00e0 relancer le cr\u00e9dit dans la zone euro. Apr\u00e8s des d\u00e9buts laborieux, Mme Lagarde a r\u00e9tabli l'harmonie entre les membres du Conseil des gouverneurs et est d\u00e9sormais \u00e0 la pointe des efforts de ma\u00eetrise de l'inflation. La BCE de Lagarde a jusqu'\u00e0 pr\u00e9sent men\u00e9 cette bataille sans plonger la zone euro dans la r\u00e9cession.<\/span><\/p><h4><b>D\u00e9fis pour l'avenir\u00a0<\/b><\/h4><p><span style=\"font-weight: 400;\">Les membres du Directoire de la BCE sont conscients des difficult\u00e9s li\u00e9es \u00e0 la mise en \u0153uvre de la politique mon\u00e9taire dans une situation \u00e9conomique incertaine. Isabel Schnabel, membre de ce directoire, a soulign\u00e9 que la politique mon\u00e9taire n'est pas suffisante pour r\u00e9soudre les difficult\u00e9s structurelles ou pour lib\u00e9rer tout le potentiel de l'\u00e9conomie. Elle a \u00e9galement d\u00e9clar\u00e9 que des r\u00e9formes structurelles sont n\u00e9cessaires pour stimuler la productivit\u00e9 et renforcer la r\u00e9silience de l'\u00e9conomie. Selon Mme Schnabel, d'autres changements pourraient affecter la situation \u00e9conomique actuelle. Il s'agit notamment de la diffusion rapide de l'IA, qui pourrait entra\u00eener une augmentation de la productivit\u00e9 sur le lieu de travail. Le taux d'inflation est \u00e9galement influenc\u00e9 par les changements d\u00e9mographiques et la demande croissante d'\u00e9nergie renouvelable. Toutefois, la t\u00e2che et le d\u00e9fi de la BCE consistent \u00e9galement \u00e0 maintenir cette inflation sous contr\u00f4le afin qu'aucune fluctuation extraordinaire ne vienne \u00e9branler le march\u00e9. <\/span><\/p>\t\t\t\t\t\t\t\t<\/div>\n\t\t\t\t<\/div>\n\t\t\t\t\t<\/div>\n\t\t<\/div>\n\t\t\t\t\t<\/div>\n\t\t<\/section>\n\t\t\t\t<\/div>","protected":false},"excerpt":{"rendered":"<p>La Banque centrale europ\u00e9enne (BCE), de loin la plus jeune des grandes banques centrales du monde et la seule \u00e0 ne pas \u00eatre soutenue par un gouvernement f\u00e9d\u00e9ral, a surmont\u00e9 avec succ\u00e8s la crise de la zone euro qui mena\u00e7ait l'existence m\u00eame de la monnaie qu'elle soutient et en est sortie avec une r\u00e9putation renforc\u00e9e qui a contribu\u00e9 \u00e0 renforcer la coh\u00e9sion et l'int\u00e9grit\u00e9 de la monnaie unique europ\u00e9enne.<\/p>","protected":false},"author":13,"featured_media":13463,"comment_status":"closed","ping_status":"closed","sticky":false,"template":"","format":"standard","meta":{"inline_featured_image":false,"cybocfi_hide_featured_image":"","two_page_speed":[],"footnotes":""},"categories":[184,56],"tags":[136,191],"class_list":["post-13458","post","type-post","status-publish","format-standard","has-post-thumbnail","hentry","category-all-insights","category-beyond-markets","tag-digital-euro","tag-euro"],"_links":{"self":[{"href":"https:\/\/altoo.io\/fr\/wp-json\/wp\/v2\/posts\/13458","targetHints":{"allow":["GET"]}}],"collection":[{"href":"https:\/\/altoo.io\/fr\/wp-json\/wp\/v2\/posts"}],"about":[{"href":"https:\/\/altoo.io\/fr\/wp-json\/wp\/v2\/types\/post"}],"author":[{"embeddable":true,"href":"https:\/\/altoo.io\/fr\/wp-json\/wp\/v2\/users\/13"}],"replies":[{"embeddable":true,"href":"https:\/\/altoo.io\/fr\/wp-json\/wp\/v2\/comments?post=13458"}],"version-history":[{"count":6,"href":"https:\/\/altoo.io\/fr\/wp-json\/wp\/v2\/posts\/13458\/revisions"}],"predecessor-version":[{"id":13555,"href":"https:\/\/altoo.io\/fr\/wp-json\/wp\/v2\/posts\/13458\/revisions\/13555"}],"wp:featuredmedia":[{"embeddable":true,"href":"https:\/\/altoo.io\/fr\/wp-json\/wp\/v2\/media\/13463"}],"wp:attachment":[{"href":"https:\/\/altoo.io\/fr\/wp-json\/wp\/v2\/media?parent=13458"}],"wp:term":[{"taxonomy":"category","embeddable":true,"href":"https:\/\/altoo.io\/fr\/wp-json\/wp\/v2\/categories?post=13458"},{"taxonomy":"post_tag","embeddable":true,"href":"https:\/\/altoo.io\/fr\/wp-json\/wp\/v2\/tags?post=13458"}],"curies":[{"name":"wp","href":"https:\/\/api.w.org\/{rel}","templated":true}]}}