{"id":10471,"date":"2023-06-13T18:29:51","date_gmt":"2023-06-13T18:29:51","guid":{"rendered":"https:\/\/staging.altoo.io\/?p=10471"},"modified":"2023-07-13T18:27:01","modified_gmt":"2023-07-13T16:27:01","slug":"la-presidence-espagnole-de-ue-a-partir-de-juillet-2023","status":"publish","type":"post","link":"https:\/\/altoo.io\/fr\/what-to-know-about-the-spanish-eu-presidency-starting-july-2023\/","title":{"rendered":"Ce qu'il faut savoir sur la pr\u00e9sidence espagnole de l'UE \u00e0 partir de juillet 2023"},"content":{"rendered":"<div class=\"editor\">\n<h3>Alors que Madrid s'appr\u00eate \u00e0 prendre la pr\u00e9sidence tournante de l'Union europ\u00e9enne le 1er juillet 2023, retour sur les faits marquants.<\/h3>\n<p>L'Espagne prendra la pr\u00e9sidence de l'Union europ\u00e9enne en juillet prochain. Son programme a \u00e9t\u00e9 d\u00e9voil\u00e9, ainsi que ceux de la Belgique et de la Hongrie. Un programme de travail de 18 mois a \u00e9t\u00e9 \u00e9labor\u00e9 dans le cadre du \"trio de pr\u00e9sidences\". Diego L\u00f3pez Garrido, secr\u00e9taire d'\u00c9tat espagnol aux affaires europ\u00e9ennes, a \u00e9galement soulign\u00e9 que la pr\u00e9sidence espagnole s'articulera autour de quatre grandes priorit\u00e9s.<\/p>\n<h3>L'\u00e9conomie<\/h3>\n<p>En raison des tensions g\u00e9opolitiques et des incertitudes \u00e9conomiques, de nouvelles politiques \u00e9mergent en faveur de mod\u00e8les \u00e9conomiques plus ax\u00e9s sur les r\u00e9gions. C'est pourquoi l'un des premiers objectifs de l'Espagne est de se concentrer sur l'\u00e9conomie. Cet effort portera principalement sur la revitalisation de l'\u00e9conomie et la cr\u00e9ation de nouveaux emplois. Toutefois, il peut \u00e9galement s'agir d'une motivation interne, l'Espagne ayant le deuxi\u00e8me taux de ch\u00f4mage le plus \u00e9lev\u00e9 de l'UE (19,31 %), ce qui a certainement \u00e9t\u00e9 un facteur d\u00e9terminant dans la d\u00e9finition de cet objectif.<\/p>\n<h3>Le trait\u00e9 de Lisbonne<\/h3>\n<p>La deuxi\u00e8me priorit\u00e9 \u00e9tait la mise en \u0153uvre du trait\u00e9 de Lisbonne. L'objectif est de familiariser les citoyens avec les nouveaux instruments, tels que l'initiative citoyenne, afin qu'ils puissent les utiliser \u00e0 leur avantage.<\/p>\n<h3>Connecter l'UE et les citoyens<\/h3>\n<p>La pr\u00e9sidence a \u00e9galement pour objectif de rapprocher les citoyens de l'Union europ\u00e9enne afin de combler le foss\u00e9 entre l'Europe et ses citoyens. Les deux parties devraient communiquer davantage afin de se rencontrer sur un pied d'\u00e9galit\u00e9 et de ne pas consid\u00e9rer l'UE comme quelque chose d'inaccessible.<\/p>\n<h3>Lutte contre la discrimination<\/h3>\n<p>L'Espagne a \u00e9galement l'intention de soutenir une directive anti-discrimination, en mettant l'accent sur la lutte contre la violence \u00e0 l'\u00e9gard des femmes.<br \/>\nFin mai, l'Espagne est pass\u00e9e \u00e0 droite lors des \u00e9lections r\u00e9gionales et locales. Le Parti populaire espagnol a remport\u00e9 plus de 31% des voix au niveau national, soit une augmentation de plus de neuf points de pourcentage par rapport aux \u00e9lections pr\u00e9c\u00e9dentes. Il reste \u00e0 voir si cela aura un impact sur le programme de l'Espagne au sein du Conseil de l'UE.<\/p>\n<p>Jusqu'\u00e0 ce que l'Espagne prenne la pr\u00e9sidence de l'UE le 1er juillet, celle-ci sera assur\u00e9e par la Su\u00e8de.<\/p>\n<\/div>","protected":false},"excerpt":{"rendered":"<p>As Madrid prepares to take over the rotating presidency of the European Union on 1 July 2023, we look at the key facts. Spain will take over the presidency of the EU this July, and now its program has been unveiled, along with those of Belgium and Hungary. An 18-month work programme has been drawn [&hellip;]<\/p>\n","protected":false},"author":14,"featured_media":10486,"comment_status":"closed","ping_status":"closed","sticky":false,"template":"","format":"standard","meta":{"inline_featured_image":false,"cybocfi_hide_featured_image":"","two_page_speed":[],"footnotes":""},"categories":[56,184,55,61],"tags":[],"class_list":["post-10471","post","type-post","status-publish","format-standard","has-post-thumbnail","hentry","category-beyond-markets","category-all-insights","category-economic-outlook","category-key-dates"],"_links":{"self":[{"href":"https:\/\/altoo.io\/fr\/wp-json\/wp\/v2\/posts\/10471","targetHints":{"allow":["GET"]}}],"collection":[{"href":"https:\/\/altoo.io\/fr\/wp-json\/wp\/v2\/posts"}],"about":[{"href":"https:\/\/altoo.io\/fr\/wp-json\/wp\/v2\/types\/post"}],"author":[{"embeddable":true,"href":"https:\/\/altoo.io\/fr\/wp-json\/wp\/v2\/users\/14"}],"replies":[{"embeddable":true,"href":"https:\/\/altoo.io\/fr\/wp-json\/wp\/v2\/comments?post=10471"}],"version-history":[{"count":9,"href":"https:\/\/altoo.io\/fr\/wp-json\/wp\/v2\/posts\/10471\/revisions"}],"predecessor-version":[{"id":14734,"href":"https:\/\/altoo.io\/fr\/wp-json\/wp\/v2\/posts\/10471\/revisions\/14734"}],"wp:featuredmedia":[{"embeddable":true,"href":"https:\/\/altoo.io\/fr\/wp-json\/wp\/v2\/media\/10486"}],"wp:attachment":[{"href":"https:\/\/altoo.io\/fr\/wp-json\/wp\/v2\/media?parent=10471"}],"wp:term":[{"taxonomy":"category","embeddable":true,"href":"https:\/\/altoo.io\/fr\/wp-json\/wp\/v2\/categories?post=10471"},{"taxonomy":"post_tag","embeddable":true,"href":"https:\/\/altoo.io\/fr\/wp-json\/wp\/v2\/tags?post=10471"}],"curies":[{"name":"wp","href":"https:\/\/api.w.org\/{rel}","templated":true}]}}