{"id":7768,"date":"2023-05-25T13:50:05","date_gmt":"2023-05-25T13:50:05","guid":{"rendered":"https:\/\/staging.altoo.io\/?p=7768"},"modified":"2023-06-30T08:44:55","modified_gmt":"2023-06-30T08:44:55","slug":"deutschlands-moderne-landschaft-navigieren-im-wandel-und-herausforderungen-annehmen","status":"publish","type":"post","link":"https:\/\/altoo.io\/de\/germanys-contemporary-landscape-navigating-change-and-embracing-challenges\/","title":{"rendered":"Deutschland im Wandel"},"content":{"rendered":"<div data-elementor-type=\"wp-post\" data-elementor-id=\"7768\" class=\"elementor elementor-7768\" data-elementor-post-type=\"post\">\n\t\t\t\t\t\t<section class=\"elementor-section elementor-top-section elementor-element elementor-element-0f12dc0 elementor-section-boxed elementor-section-height-default elementor-section-height-default\" data-id=\"0f12dc0\" data-element_type=\"section\" data-e-type=\"section\">\n\t\t\t\t\t\t<div class=\"elementor-container elementor-column-gap-default\">\n\t\t\t\t\t<div class=\"elementor-column elementor-col-100 elementor-top-column elementor-element elementor-element-72b1284\" data-id=\"72b1284\" data-element_type=\"column\" data-e-type=\"column\">\n\t\t\t<div class=\"elementor-widget-wrap elementor-element-populated\">\n\t\t\t\t\t\t<div class=\"elementor-element elementor-element-5e751cb elementor-widget elementor-widget-text-editor\" data-id=\"5e751cb\" data-element_type=\"widget\" data-e-type=\"widget\" data-widget_type=\"text-editor.default\">\n\t\t\t\t<div class=\"elementor-widget-container\">\n\t\t\t\t\t\t\t\t\t<h3>Die derzeitige politische und wirtschaftliche Landschaft Deutschlands spiegelt eine Nation wider, die den Wandel meistert und sich den Herausforderungen stellt. Politische Stabilit\u00e4t, F\u00fchrungswechsel, Widerstandsf\u00e4higkeit angesichts wirtschaftlicher Turbulenzen und ein Bekenntnis zur Nachhaltigkeit bestimmen Deutschlands Weg. Deutschlands Wirtschaftskraft ist eine beeindruckende Kraft auf der Weltb\u00fchne, auch wenn sie sich an anderen gro\u00dfen Weltm\u00e4chten wie den USA oder China messen lassen muss. Indem Deutschland sich weiter anpasst und entwickelt, spielt es eine entscheidende Rolle bei der Gestaltung der Zukunft Europas und der Bew\u00e4ltigung globaler Probleme.<\/h3>\t\t\t\t\t\t\t\t<\/div>\n\t\t\t\t<\/div>\n\t\t\t\t\t<\/div>\n\t\t<\/div>\n\t\t\t\t\t<\/div>\n\t\t<\/section>\n\t\t\t\t<section class=\"elementor-section elementor-top-section elementor-element elementor-element-656657e elementor-section-boxed elementor-section-height-default elementor-section-height-default\" data-id=\"656657e\" data-element_type=\"section\" data-e-type=\"section\">\n\t\t\t\t\t\t<div class=\"elementor-container elementor-column-gap-default\">\n\t\t\t\t\t<div class=\"elementor-column elementor-col-100 elementor-top-column elementor-element elementor-element-10d19ce\" data-id=\"10d19ce\" data-element_type=\"column\" data-e-type=\"column\">\n\t\t\t<div class=\"elementor-widget-wrap elementor-element-populated\">\n\t\t\t\t\t\t<div class=\"elementor-element elementor-element-7a5b99c elementor-widget elementor-widget-text-editor\" data-id=\"7a5b99c\" data-element_type=\"widget\" data-e-type=\"widget\" data-widget_type=\"text-editor.default\">\n\t\t\t\t<div class=\"elementor-widget-container\">\n\t\t\t\t\t\t\t\t\t<h3><span style=\"font-weight: bolder;\">Stabilit\u00e4t, \u00dcberg\u00e4nge und eine sich entwickelnde Dynamik<\/span><\/h3>\t\t\t\t\t\t\t\t<\/div>\n\t\t\t\t<\/div>\n\t\t\t\t\t<\/div>\n\t\t<\/div>\n\t\t\t\t\t<\/div>\n\t\t<\/section>\n\t\t\t\t<section class=\"elementor-section elementor-top-section elementor-element elementor-element-2073379 elementor-section-boxed elementor-section-height-default elementor-section-height-default\" data-id=\"2073379\" data-element_type=\"section\" data-e-type=\"section\">\n\t\t\t\t\t\t<div class=\"elementor-container elementor-column-gap-default\">\n\t\t\t\t\t<div class=\"elementor-column elementor-col-50 elementor-top-column elementor-element elementor-element-8ac431e\" data-id=\"8ac431e\" data-element_type=\"column\" data-e-type=\"column\">\n\t\t\t<div class=\"elementor-widget-wrap elementor-element-populated\">\n\t\t\t\t\t\t<div class=\"elementor-element elementor-element-35bed73 elementor-widget elementor-widget-image\" data-id=\"35bed73\" data-element_type=\"widget\" data-e-type=\"widget\" data-widget_type=\"image.default\">\n\t\t\t\t<div class=\"elementor-widget-container\">\n\t\t\t\t\t\t\t\t\t\t\t\t\t\t\t<img fetchpriority=\"high\" decoding=\"async\" width=\"800\" height=\"526\" src=\"https:\/\/altoo.io\/live01\/wp-content\/uploads\/2023\/05\/olaf-scholz.jpg\" class=\"attachment-large size-large wp-image-10528\" alt=\"\" srcset=\"https:\/\/altoo.io\/live01\/wp-content\/uploads\/2023\/05\/olaf-scholz.jpg 1024w, https:\/\/altoo.io\/live01\/wp-content\/uploads\/2023\/05\/olaf-scholz-300x197.jpg 300w, https:\/\/altoo.io\/live01\/wp-content\/uploads\/2023\/05\/olaf-scholz-768x505.jpg 768w, https:\/\/altoo.io\/live01\/wp-content\/uploads\/2023\/05\/olaf-scholz-18x12.jpg 18w\" sizes=\"(max-width: 800px) 100vw, 800px\" \/>\t\t\t\t\t\t\t\t\t\t\t\t\t\t\t<\/div>\n\t\t\t\t<\/div>\n\t\t\t\t\t<\/div>\n\t\t<\/div>\n\t\t\t\t<div class=\"elementor-column elementor-col-50 elementor-top-column elementor-element elementor-element-aa8540d\" data-id=\"aa8540d\" data-element_type=\"column\" data-e-type=\"column\">\n\t\t\t<div class=\"elementor-widget-wrap elementor-element-populated\">\n\t\t\t\t\t\t<div class=\"elementor-element elementor-element-0443b0f elementor-widget elementor-widget-text-editor\" data-id=\"0443b0f\" data-element_type=\"widget\" data-e-type=\"widget\" data-widget_type=\"text-editor.default\">\n\t\t\t\t<div class=\"elementor-widget-container\">\n\t\t\t\t\t\t\t\t\t<p><span style=\"color: #0f0b30; font-size: 18px; font-family: var( --e-global-typography-text-font-family ), Sans-serif;\">Die politische Landschaft in Deutschland ist seit langem durch Stabilit\u00e4t gekennzeichnet, die durch die parlamentarische Demokratie und eine Tradition von Koalitionsregierungen verankert ist. In den letzten Jahren haben sich jedoch Ver\u00e4nderungen ergeben, da alternative politische Parteien die etablierte Ordnung in Frage stellen, was die sich ver\u00e4ndernden gesellschaftlichen Anliegen widerspiegelt. Inmitten dieser Ver\u00e4nderungen bleibt Deutschlands Engagement f\u00fcr die Aufrechterhaltung der politischen Stabilit\u00e4t unersch\u00fctterlich. Der R\u00fccktritt von Bundeskanzlerin Angela Merkel markierte einen bedeutenden Wendepunkt in der deutschen Politik und leitete eine neue \u00c4ra unter Bundeskanzler Olaf Scholz (im Bild) ein. Scholz f\u00fchrt die Nation durch eine dynamische geopolitische Landschaft und steht vor der Aufgabe, dr\u00e4ngende Probleme wie den Klimawandel, die digitale Transformation und soziale Ungleichheit anzugehen.<br \/><\/span><em>Bildnachweis: DPA<\/em><span style=\"color: #0f0b30; font-size: 18px; font-family: var( --e-global-typography-text-font-family ), Sans-serif;\"><br \/><\/span><\/p>\t\t\t\t\t\t\t\t<\/div>\n\t\t\t\t<\/div>\n\t\t\t\t\t<\/div>\n\t\t<\/div>\n\t\t\t\t\t<\/div>\n\t\t<\/section>\n\t\t\t\t<section class=\"elementor-section elementor-top-section elementor-element elementor-element-83825f8 elementor-section-boxed elementor-section-height-default elementor-section-height-default\" data-id=\"83825f8\" data-element_type=\"section\" data-e-type=\"section\">\n\t\t\t\t\t\t<div class=\"elementor-container elementor-column-gap-default\">\n\t\t\t\t\t<div class=\"elementor-column elementor-col-100 elementor-top-column elementor-element elementor-element-a8fdf4a\" data-id=\"a8fdf4a\" data-element_type=\"column\" data-e-type=\"column\">\n\t\t\t<div class=\"elementor-widget-wrap elementor-element-populated\">\n\t\t\t\t\t\t<div class=\"elementor-element elementor-element-94556c5 elementor-widget elementor-widget-text-editor\" data-id=\"94556c5\" data-element_type=\"widget\" data-e-type=\"widget\" data-widget_type=\"text-editor.default\">\n\t\t\t\t<div class=\"elementor-widget-container\">\n\t\t\t\t\t\t\t\t\t<h3><span style=\"font-weight: bolder;\">Widerstandsf\u00e4higkeit, Anpassung und nachhaltiges Wachstum<\/span><\/h3>\t\t\t\t\t\t\t\t<\/div>\n\t\t\t\t<\/div>\n\t\t\t\t\t<\/div>\n\t\t<\/div>\n\t\t\t\t\t<\/div>\n\t\t<\/section>\n\t\t\t\t<section class=\"elementor-section elementor-top-section elementor-element elementor-element-3514e3b elementor-section-boxed elementor-section-height-default elementor-section-height-default\" data-id=\"3514e3b\" data-element_type=\"section\" data-e-type=\"section\">\n\t\t\t\t\t\t<div class=\"elementor-container elementor-column-gap-default\">\n\t\t\t\t\t<div class=\"elementor-column elementor-col-50 elementor-top-column elementor-element elementor-element-39cca24\" data-id=\"39cca24\" data-element_type=\"column\" data-e-type=\"column\">\n\t\t\t<div class=\"elementor-widget-wrap elementor-element-populated\">\n\t\t\t\t\t\t<div class=\"elementor-element elementor-element-12358cf elementor-widget elementor-widget-image\" data-id=\"12358cf\" data-element_type=\"widget\" data-e-type=\"widget\" data-widget_type=\"image.default\">\n\t\t\t\t<div class=\"elementor-widget-container\">\n\t\t\t\t\t\t\t\t\t\t\t\t\t\t\t<img decoding=\"async\" width=\"400\" height=\"300\" src=\"https:\/\/altoo.io\/live01\/wp-content\/uploads\/2023\/05\/eolienne-1.jpeg\" class=\"attachment-large size-large wp-image-11945\" alt=\"\" srcset=\"https:\/\/altoo.io\/live01\/wp-content\/uploads\/2023\/05\/eolienne-1.jpeg 400w, https:\/\/altoo.io\/live01\/wp-content\/uploads\/2023\/05\/eolienne-1-300x225.jpeg 300w, https:\/\/altoo.io\/live01\/wp-content\/uploads\/2023\/05\/eolienne-1-16x12.jpeg 16w\" sizes=\"(max-width: 400px) 100vw, 400px\" \/>\t\t\t\t\t\t\t\t\t\t\t\t\t\t\t<\/div>\n\t\t\t\t<\/div>\n\t\t\t\t\t<\/div>\n\t\t<\/div>\n\t\t\t\t<div class=\"elementor-column elementor-col-50 elementor-top-column elementor-element elementor-element-d4a50cd\" data-id=\"d4a50cd\" data-element_type=\"column\" data-e-type=\"column\">\n\t\t\t<div class=\"elementor-widget-wrap elementor-element-populated\">\n\t\t\t\t\t\t<div class=\"elementor-element elementor-element-b8a908e elementor-widget elementor-widget-image\" data-id=\"b8a908e\" data-element_type=\"widget\" data-e-type=\"widget\" data-widget_type=\"image.default\">\n\t\t\t\t<div class=\"elementor-widget-container\">\n\t\t\t\t\t\t\t\t\t\t\t\t\t\t\t<img decoding=\"async\" width=\"400\" height=\"300\" src=\"https:\/\/altoo.io\/live01\/wp-content\/uploads\/2023\/05\/windmill-1317817_640-300x225-1.jpg\" class=\"attachment-large size-large wp-image-11943\" alt=\"\" srcset=\"https:\/\/altoo.io\/live01\/wp-content\/uploads\/2023\/05\/windmill-1317817_640-300x225-1.jpg 400w, https:\/\/altoo.io\/live01\/wp-content\/uploads\/2023\/05\/windmill-1317817_640-300x225-1-300x225.jpg 300w, https:\/\/altoo.io\/live01\/wp-content\/uploads\/2023\/05\/windmill-1317817_640-300x225-1-16x12.jpg 16w\" sizes=\"(max-width: 400px) 100vw, 400px\" \/>\t\t\t\t\t\t\t\t\t\t\t\t\t\t\t<\/div>\n\t\t\t\t<\/div>\n\t\t\t\t\t<\/div>\n\t\t<\/div>\n\t\t\t\t\t<\/div>\n\t\t<\/section>\n\t\t\t\t<section class=\"elementor-section elementor-top-section elementor-element elementor-element-2489ce96 elementor-section-boxed elementor-section-height-default elementor-section-height-default\" data-id=\"2489ce96\" data-element_type=\"section\" data-e-type=\"section\">\n\t\t\t\t\t\t<div class=\"elementor-container elementor-column-gap-default\">\n\t\t\t\t\t<div class=\"elementor-column elementor-col-100 elementor-top-column elementor-element elementor-element-3ea56872\" data-id=\"3ea56872\" data-element_type=\"column\" data-e-type=\"column\">\n\t\t\t<div class=\"elementor-widget-wrap elementor-element-populated\">\n\t\t\t\t\t\t<div class=\"elementor-element elementor-element-72dc517a elementor-widget elementor-widget-text-editor\" data-id=\"72dc517a\" data-element_type=\"widget\" data-e-type=\"widget\" data-widget_type=\"text-editor.default\">\n\t\t\t\t<div class=\"elementor-widget-container\">\n\t\t\t\t\t\t\t\t\t<p><span style=\"color: #0f0b30; font-size: 18px; font-family: var( --e-global-typography-text-font-family ), Sans-serif;\">Die deutsche Wirtschaft, die f\u00fcr ihre St\u00e4rke im verarbeitenden Gewerbe und ihre robusten Exporte bekannt ist, hat in Zeiten weltwirtschaftlicher Turbulenzen eine bemerkenswerte Widerstandsf\u00e4higkeit bewiesen. Trotz Herausforderungen wie der Schuldenkrise in der Eurozone und der j\u00fcngsten COVID-19-Pandemie haben Deutschlands gut diversifizierte industrielle Basis und hochqualifizierte Arbeitskr\u00e4fte eine Schl\u00fcsselrolle f\u00fcr seine wirtschaftliche Stabilit\u00e4t gespielt. Diese Widerstandsf\u00e4higkeit macht Deutschland zu einem wichtigen Wirtschaftsmotor in Europa und dar\u00fcber hinaus. Deutschland ist weltweit f\u00fchrend bei der F\u00f6rderung von Nachhaltigkeit und erneuerbaren Energien. Die Energiewende, die den Ausstieg aus der Kernenergie und die Verringerung der Treibhausgasemissionen zum Ziel hat, ist ein Symbol f\u00fcr das Engagement Deutschlands f\u00fcr eine nachhaltige Zukunft. Dieser ehrgeizige \u00dcbergang bringt jedoch komplexe Herausforderungen mit sich, darunter Energiekosten, Netzstabilit\u00e4t und industrielle Wettbewerbsf\u00e4higkeit. F\u00fcr die erfolgreiche Bew\u00e4ltigung der Energiewende ist es von entscheidender Bedeutung, ein Gleichgewicht zwischen \u00f6kologischen Erfordernissen und wirtschaftlichen Erw\u00e4gungen zu finden.&nbsp;<br><\/span><span style=\"font-family: var( --e-global-typography-text-font-family ), Sans-serif;\"><br>Deutschland ist Europas unangefochtenes Wirtschaftsimperium, das mit seiner wirtschaftlichen Souver\u00e4nit\u00e4t, seiner industriellen Leistungsf\u00e4higkeit und seinem privilegierten Zugang zum prosperierenden Markt der Europ\u00e4ischen Union die Herzen und K\u00f6pfe der Elite erobert hat. Wenn Sie Ihr Gesch\u00e4ftsnetz in Europa ausbauen wollen, sollten Sie Deutschland auf jeden Fall auf Ihrem Radar haben.<\/span><\/p><p><span style=\"font-family: var( --e-global-typography-text-font-family ), Sans-serif;\"><br><\/span><\/p>\t\t\t\t\t\t\t\t<\/div>\n\t\t\t\t<\/div>\n\t\t\t\t\t<\/div>\n\t\t<\/div>\n\t\t\t\t\t<\/div>\n\t\t<\/section>\n\t\t\t\t<\/div>","protected":false},"excerpt":{"rendered":"<p>Germany\u2019s current political and economic landscape reflects a nation navigating change and embracing challenge. Political stability, leadership transitions, resilience in the face of economic turbulence and a commitment to sustainability define Germany\u2019s trajectory. Germany\u2019s economic power is a formidable force on the global stage, although its scale must be measured against other major world leaders [&hellip;]<\/p>\n","protected":false},"author":14,"featured_media":10441,"comment_status":"closed","ping_status":"closed","sticky":false,"template":"","format":"standard","meta":{"inline_featured_image":false,"cybocfi_hide_featured_image":"","two_page_speed":[],"footnotes":""},"categories":[56,184,62,55,86],"tags":[122,123,128,127,126,125,124],"class_list":["post-7768","post","type-post","status-publish","format-standard","has-post-thumbnail","hentry","category-beyond-markets","category-all-insights","category-analysis","category-economic-outlook","category-explore-by-entity","tag-beyond-markets","tag-economic-analysis","tag-economic-outlook","tag-explore-by-entity","tag-industry","tag-markets","tag-private-individuals"],"_links":{"self":[{"href":"https:\/\/altoo.io\/de\/wp-json\/wp\/v2\/posts\/7768","targetHints":{"allow":["GET"]}}],"collection":[{"href":"https:\/\/altoo.io\/de\/wp-json\/wp\/v2\/posts"}],"about":[{"href":"https:\/\/altoo.io\/de\/wp-json\/wp\/v2\/types\/post"}],"author":[{"embeddable":true,"href":"https:\/\/altoo.io\/de\/wp-json\/wp\/v2\/users\/14"}],"replies":[{"embeddable":true,"href":"https:\/\/altoo.io\/de\/wp-json\/wp\/v2\/comments?post=7768"}],"version-history":[{"count":42,"href":"https:\/\/altoo.io\/de\/wp-json\/wp\/v2\/posts\/7768\/revisions"}],"predecessor-version":[{"id":11963,"href":"https:\/\/altoo.io\/de\/wp-json\/wp\/v2\/posts\/7768\/revisions\/11963"}],"wp:featuredmedia":[{"embeddable":true,"href":"https:\/\/altoo.io\/de\/wp-json\/wp\/v2\/media\/10441"}],"wp:attachment":[{"href":"https:\/\/altoo.io\/de\/wp-json\/wp\/v2\/media?parent=7768"}],"wp:term":[{"taxonomy":"category","embeddable":true,"href":"https:\/\/altoo.io\/de\/wp-json\/wp\/v2\/categories?post=7768"},{"taxonomy":"post_tag","embeddable":true,"href":"https:\/\/altoo.io\/de\/wp-json\/wp\/v2\/tags?post=7768"}],"curies":[{"name":"wp","href":"https:\/\/api.w.org\/{rel}","templated":true}]}}