{"id":28350,"date":"2023-12-06T10:00:46","date_gmt":"2023-12-06T09:00:46","guid":{"rendered":"https:\/\/altoo.io\/?p=28350"},"modified":"2023-12-05T17:45:26","modified_gmt":"2023-12-05T16:45:26","slug":"die-meam-halle-in-barcelona-eine-feier-der-zeitgenossischen-figurativen-kunst","status":"publish","type":"post","link":"https:\/\/altoo.io\/de\/the-meam-hall-in-barcelona-a-celebration-of-contemporary-figurative-art\/","title":{"rendered":"MEAM in Barcelona:  Ein Fest der zeitgen\u00f6ssischen figurativen Kunst"},"content":{"rendered":"<div data-elementor-type=\"wp-post\" data-elementor-id=\"28350\" class=\"elementor elementor-28350\" data-elementor-post-type=\"post\">\n\t\t\t\t\t\t<section class=\"elementor-section elementor-top-section elementor-element elementor-element-04ecd66 elementor-section-boxed elementor-section-height-default elementor-section-height-default\" data-id=\"04ecd66\" data-element_type=\"section\" data-e-type=\"section\">\n\t\t\t\t\t\t<div class=\"elementor-container elementor-column-gap-default\">\n\t\t\t\t\t<div class=\"elementor-column elementor-col-100 elementor-top-column elementor-element elementor-element-c4a9007\" data-id=\"c4a9007\" data-element_type=\"column\" data-e-type=\"column\">\n\t\t\t<div class=\"elementor-widget-wrap elementor-element-populated\">\n\t\t\t\t\t\t<div class=\"elementor-element elementor-element-6a33289 elementor-widget elementor-widget-image\" data-id=\"6a33289\" data-element_type=\"widget\" data-e-type=\"widget\" data-widget_type=\"image.default\">\n\t\t\t\t<div class=\"elementor-widget-container\">\n\t\t\t\t\t\t\t\t\t\t\t\t\t\t\t<img fetchpriority=\"high\" decoding=\"async\" width=\"800\" height=\"461\" src=\"https:\/\/altoo.io\/live01\/wp-content\/uploads\/2023\/12\/Barcelona-02.jpg\" class=\"attachment-large size-large wp-image-28351\" alt=\"\" srcset=\"https:\/\/altoo.io\/live01\/wp-content\/uploads\/2023\/12\/Barcelona-02.jpg 800w, https:\/\/altoo.io\/live01\/wp-content\/uploads\/2023\/12\/Barcelona-02-300x173.jpg 300w, https:\/\/altoo.io\/live01\/wp-content\/uploads\/2023\/12\/Barcelona-02-768x443.jpg 768w, https:\/\/altoo.io\/live01\/wp-content\/uploads\/2023\/12\/Barcelona-02-18x10.jpg 18w, https:\/\/altoo.io\/live01\/wp-content\/uploads\/2023\/12\/Barcelona-02-600x346.jpg 600w\" sizes=\"(max-width: 800px) 100vw, 800px\" \/>\t\t\t\t\t\t\t\t\t\t\t\t\t\t\t<\/div>\n\t\t\t\t<\/div>\n\t\t\t\t<div class=\"elementor-element elementor-element-20d79cf elementor-widget elementor-widget-text-editor\" data-id=\"20d79cf\" data-element_type=\"widget\" data-e-type=\"widget\" data-widget_type=\"text-editor.default\">\n\t\t\t\t<div class=\"elementor-widget-container\">\n\t\t\t\t\t\t\t\t\t<h4><b>Die Entwicklung von MEAM<\/b><\/h4><p><span style=\"font-weight: 400;\">Seit seiner Er\u00f6ffnung im Juni 2011 hat sich das MEAM zu einem renommierten Zentrum f\u00fcr zeitgen\u00f6ssische figurative Kunst entwickelt, in dem Ausstellungen von nationalen und internationalen K\u00fcnstlern gezeigt werden. Im Laufe seiner Geschichte hat sich das Museum weiterentwickelt und als dynamische Institution etabliert, die sinnvolle Verbindungen zwischen K\u00fcnstlern und der \u00d6ffentlichkeit f\u00f6rdert. Der \u00fcberw\u00e4ltigende Zuspruch von Tausenden von Besuchern und die umfangreiche Berichterstattung in den Medien haben das MEAM zu einer der beliebtesten Attraktionen Barcelonas gemacht.<\/span><\/p><p>\u00a0<\/p><h4><b>Ein innovatives Ausstellungskonzept<\/b><\/h4><p><span style=\"font-weight: 400;\">\"Die MEAM Hall ist eine j\u00e4hrlich stattfindende Gemeinschaftsausstellung, die die vielf\u00e4ltige und lebendige Welt der zeitgen\u00f6ssischen figurativen Kunst pr\u00e4sentiert. In dieser vierten Ausgabe hat das MEAM einen innovativen Ansatz gew\u00e4hlt, indem es die Kunstwerke in einem reduzierten Format pr\u00e4sentiert, wobei jedes Werk 20 x 20 Zentimeter misst. Diese intime Gr\u00f6\u00dfe erm\u00f6glicht es den Besuchern, sich auf die Details und das Wesen der 161 Kunstwerke einzulassen, die von K\u00fcnstlern aus verschiedenen Teilen der Welt geschaffen wurden.<\/span><\/p><p><span style=\"font-weight: 400;\">Das Hauptziel dieser Initiative besteht darin, Sammlern, Kunstliebhabern und Personen, die sich f\u00fcr Originalkunstwerke interessieren, eine Plattform zu bieten, auf der sie die Werke gegenst\u00e4ndlicher K\u00fcnstler kennen und sch\u00e4tzen lernen k\u00f6nnen. Jedes ausgestellte Kunstwerk bietet einen Einblick in die Vorstellungskraft und Kreativit\u00e4t dieser K\u00fcnstler, die die menschliche Figur als Mittel nutzen, um einzigartige Emotionen, Konzepte und Perspektiven auszudr\u00fccken.<\/span><\/p><p>\u00a0<\/p><h4><b>Erkundung der Welt der zeitgen\u00f6ssischen figurativen Kunst<\/b><\/h4><p><span style=\"font-weight: 400;\">\"Die MEAM-Halle bietet eine bemerkenswerte Gelegenheit, die Vielfalt und den Reichtum der zeitgen\u00f6ssischen figurativen Kunst zu entdecken. Wenn die Besucher in diese Welt der Farben, Formen und des k\u00fcnstlerischen Ausdrucks eintauchen, werden ihre Sinne gefesselt und ihre Neugierde geweckt. Die Ausstellung zeigt ein breites Spektrum an Stilen und Ans\u00e4tzen und bietet einen faszinierenden Einblick in die Art und Weise, wie K\u00fcnstler die Grenzen der traditionellen Kunst verschieben und neue M\u00f6glichkeiten der Darstellung erkunden.<\/span><\/p><p><span style=\"font-weight: 400;\">Mit 61 Gem\u00e4lden von internationalen K\u00fcnstlern bietet die Ausstellung einen umfassenden \u00dcberblick \u00fcber die aktuellen Trends und umfasst sowohl etablierte Meister als auch aufstrebende Talente. Von der Schule des spanischen Realismus der 1970er und 1980er Jahre \u00fcber den amerikanischen Hyperrealismus und den europ\u00e4ischen Neuen Realismus bis hin zu den Werken j\u00fcngerer K\u00fcnstler bietet \"The MEAM Hall\" einen Rundumblick auf die figurative Kunst.<\/span><\/p><p>\u00a0<\/p><h4><b>Ein Fest f\u00fcr die K\u00fcnstler<\/b><\/h4><p><span style=\"font-weight: 400;\">\"Der MEAM-Saal zeigt eine beeindruckende Auswahl von K\u00fcnstlern, die einen wichtigen Beitrag zur zeitgen\u00f6ssischen figurativen Kunst geleistet haben. Die Ausstellung umfasst unver\u00f6ffentlichte Werke des renommierten spanischen Malers Antonio L\u00f3pez, die seine Vielseitigkeit in einem ungew\u00f6hnlichen Format zeigen. Die Ausstellung zeigt auch Werke anderer prominenter K\u00fcnstler wie Gottfried Helnwein, der f\u00fcr seine kraftvollen und eindringlichen Portr\u00e4ts bekannt ist, die von den Schrecken des Nazi-Deutschlands inspiriert sind, und Don Eddy, einer der Pioniere des nordamerikanischen Hyperrealismus in den 1960er Jahren.<\/span><\/p><p><span style=\"font-weight: 400;\">Miriam Escofet, eine in London lebende katalanische Malerin, die vom britischen Au\u00dfenministerium (Foreign, Commonwealth and Development Office) beauftragt wurde, ein offizielles Portr\u00e4t von K\u00f6nigin Elisabeth II. anzufertigen, stellt ebenfalls ihr bemerkenswertes Talent in den Dienst der Ausstellung. Guillermo Lorca Garc\u00eda-Huidobro, ein f\u00fchrender Vertreter der zeitgen\u00f6ssischen figurativen Malerei in S\u00fcdamerika, und Jeremy Mann, der f\u00fcr seine fesselnden Stadtlandschaften bekannt ist, in denen sich Licht und Dunkelheit gekonnt vermischen, geh\u00f6ren zu den weiteren namhaften K\u00fcnstlern, die in der Ausstellung zu sehen sind.<\/span><\/p><p>\u00a0<\/p><h4><b>Eine immersive Reise in die zeitgen\u00f6ssische figurative Kunst<\/b><\/h4><p><span style=\"font-weight: 400;\">\"Die MEAM-Halle bietet den Besuchern eine einzigartige Gelegenheit, in die faszinierende Welt der zeitgen\u00f6ssischen figurativen Kunst einzutauchen. Von den verschiedenen Ans\u00e4tzen zur Darstellung der menschlichen Figur bis hin zu den verwendeten Techniken und Materialien bietet die Ausstellung einen umfassenden Einblick in die sich wandelnde Landschaft der gegenst\u00e4ndlichen Malerei im 21.<\/span><\/p><p><span style=\"font-weight: 400;\">Bei ihrem Rundgang durch die Ausstellung werden die Besucher auf Werke sto\u00dfen, die traditionelle Konventionen in Frage stellen, neue r\u00e4umliche Strukturen erkunden und innovative Techniken anwenden. Die Kunstwerke sind ein Spiegel unserer Gesellschaft und laden den Betrachter ein, \u00fcber die Emotionen, Geheimnisse und Realit\u00e4ten unserer Existenz nachzudenken. Diese eindringliche Erfahrung erm\u00f6glicht es den Besuchern, ein tieferes Verst\u00e4ndnis f\u00fcr die Kunstfertigkeit und Kreativit\u00e4t zu entwickeln, die zeitgen\u00f6ssische figurative K\u00fcnstler auf die Leinwand bringen.<\/span><\/p>\t\t\t\t\t\t\t\t<\/div>\n\t\t\t\t<\/div>\n\t\t\t\t\t<\/div>\n\t\t<\/div>\n\t\t\t\t\t<\/div>\n\t\t<\/section>\n\t\t\t\t<\/div>","protected":false},"excerpt":{"rendered":"<p>Die zeitgen\u00f6ssische figurative Kunst hat in den letzten Jahren einen bemerkenswerten Aufschwung erlebt und zieht Kunstliebhaber und Sammler gleicherma\u00dfen in ihren Bann. Das Europ\u00e4ische Museum f\u00fcr Moderne Kunst (MEAM) in Barcelona steht bei der F\u00f6rderung dieser k\u00fcnstlerischen Bewegung an vorderster Front und zeigt die Werke international bekannter und aufstrebender figurativer K\u00fcnstler.<\/p>","protected":false},"author":13,"featured_media":28352,"comment_status":"closed","ping_status":"closed","sticky":false,"template":"","format":"standard","meta":{"inline_featured_image":false,"cybocfi_hide_featured_image":"","two_page_speed":[],"footnotes":""},"categories":[184,69,57],"tags":[884],"class_list":["post-28350","post","type-post","status-publish","format-standard","has-post-thumbnail","hentry","category-all-insights","category-art-and-culture","category-lifestyle","tag-meam-hall"],"_links":{"self":[{"href":"https:\/\/altoo.io\/de\/wp-json\/wp\/v2\/posts\/28350","targetHints":{"allow":["GET"]}}],"collection":[{"href":"https:\/\/altoo.io\/de\/wp-json\/wp\/v2\/posts"}],"about":[{"href":"https:\/\/altoo.io\/de\/wp-json\/wp\/v2\/types\/post"}],"author":[{"embeddable":true,"href":"https:\/\/altoo.io\/de\/wp-json\/wp\/v2\/users\/13"}],"replies":[{"embeddable":true,"href":"https:\/\/altoo.io\/de\/wp-json\/wp\/v2\/comments?post=28350"}],"version-history":[{"count":11,"href":"https:\/\/altoo.io\/de\/wp-json\/wp\/v2\/posts\/28350\/revisions"}],"predecessor-version":[{"id":28400,"href":"https:\/\/altoo.io\/de\/wp-json\/wp\/v2\/posts\/28350\/revisions\/28400"}],"wp:featuredmedia":[{"embeddable":true,"href":"https:\/\/altoo.io\/de\/wp-json\/wp\/v2\/media\/28352"}],"wp:attachment":[{"href":"https:\/\/altoo.io\/de\/wp-json\/wp\/v2\/media?parent=28350"}],"wp:term":[{"taxonomy":"category","embeddable":true,"href":"https:\/\/altoo.io\/de\/wp-json\/wp\/v2\/categories?post=28350"},{"taxonomy":"post_tag","embeddable":true,"href":"https:\/\/altoo.io\/de\/wp-json\/wp\/v2\/tags?post=28350"}],"curies":[{"name":"wp","href":"https:\/\/api.w.org\/{rel}","templated":true}]}}