{"id":27426,"date":"2023-11-20T10:00:37","date_gmt":"2023-11-20T09:00:37","guid":{"rendered":"https:\/\/altoo.io\/?p=27426"},"modified":"2026-01-27T08:51:01","modified_gmt":"2026-01-27T07:51:01","slug":"francoise-bettencourt-meyers-und-das-vermachtnis-der-loreal","status":"publish","type":"post","link":"https:\/\/altoo.io\/de\/francoise-bettencourt-meyers-and-the-legacy-of-loreal\/","title":{"rendered":"Fran\u00e7oise Bettencourt Meyers und das Erbe von L'Or\u00e9al"},"content":{"rendered":"<div data-elementor-type=\"wp-post\" data-elementor-id=\"27426\" class=\"elementor elementor-27426\" data-elementor-post-type=\"post\">\n\t\t\t\t\t\t<section class=\"elementor-section elementor-top-section elementor-element elementor-element-f9c8a28 elementor-section-boxed elementor-section-height-default elementor-section-height-default\" data-id=\"f9c8a28\" data-element_type=\"section\" data-e-type=\"section\">\n\t\t\t\t\t\t<div class=\"elementor-container elementor-column-gap-default\">\n\t\t\t\t\t<div class=\"elementor-column elementor-col-100 elementor-top-column elementor-element elementor-element-e7efbd8\" data-id=\"e7efbd8\" data-element_type=\"column\" data-e-type=\"column\">\n\t\t\t<div class=\"elementor-widget-wrap elementor-element-populated\">\n\t\t\t\t\t\t<div class=\"elementor-element elementor-element-4eaef85 elementor-widget elementor-widget-image\" data-id=\"4eaef85\" data-element_type=\"widget\" data-e-type=\"widget\" data-widget_type=\"image.default\">\n\t\t\t\t<div class=\"elementor-widget-container\">\n\t\t\t\t\t\t\t\t\t\t\t\t<figure class=\"wp-caption\">\n\t\t\t\t\t\t\t\t\t\t<img fetchpriority=\"high\" decoding=\"async\" width=\"800\" height=\"420\" src=\"https:\/\/altoo.io\/live01\/wp-content\/uploads\/2023\/11\/loreal-01.jpg\" class=\"attachment-large size-large wp-image-27427\" alt=\"\" srcset=\"https:\/\/altoo.io\/live01\/wp-content\/uploads\/2023\/11\/loreal-01.jpg 800w, https:\/\/altoo.io\/live01\/wp-content\/uploads\/2023\/11\/loreal-01-300x158.jpg 300w, https:\/\/altoo.io\/live01\/wp-content\/uploads\/2023\/11\/loreal-01-768x403.jpg 768w, https:\/\/altoo.io\/live01\/wp-content\/uploads\/2023\/11\/loreal-01-18x9.jpg 18w, https:\/\/altoo.io\/live01\/wp-content\/uploads\/2023\/11\/loreal-01-600x315.jpg 600w\" sizes=\"(max-width: 800px) 100vw, 800px\" \/>\t\t\t\t\t\t\t\t\t\t\t<figcaption class=\"widget-image-caption wp-caption-text\">Quelle: www.archyde.com<\/figcaption>\n\t\t\t\t\t\t\t\t\t\t<\/figure>\n\t\t\t\t\t\t\t\t\t<\/div>\n\t\t\t\t<\/div>\n\t\t\t\t<div class=\"elementor-element elementor-element-1435ddd elementor-widget elementor-widget-text-editor\" data-id=\"1435ddd\" data-element_type=\"widget\" data-e-type=\"widget\" data-widget_type=\"text-editor.default\">\n\t\t\t\t<div class=\"elementor-widget-container\">\n\t\t\t\t\t\t\t\t\t<h4><b>Das Erbe von L\u2019Or\u00e9al<\/b><\/h4><p><span style=\"font-weight: 400;\">L'Or\u00e9al wurde 1909 von dem Pariser Pharmazeuten Eug\u00e8ne Schueller gegr\u00fcndet. Schuellers innovative Haarfarbenformel machte das Unternehmen zu seinen Lebzeiten zu einem gro\u00dfen Erfolg. Aber erst nach seinem Tod im Jahr 1957 erlebte L'Or\u00e9al ein exponentielles Wachstum. Heute besch\u00e4ftigt das Unternehmen weltweit mehr als 85.000 Chemiker und erwirtschaftet Milliardenums\u00e4tze.<\/span><\/p><p><span style=\"font-weight: 400;\">Unter der Leitung von Schuellers Tochter Liliane Bettencourt und ihrem Ehemann Andr\u00e9 Bettencourt baute L'Or\u00e9al sein Produktangebot weiter aus und erschloss neue M\u00e4rkte. Das Portfolio des Unternehmens umfasst heute beliebte Marken wie Maybelline, Garnier, Lanc\u00f4me und Kiehl's. Diese Diversifizierung hat entscheidend dazu beigetragen, dass L'Or\u00e9al die Kosmetikbranche dominiert.<\/span><\/p><p><span style=\"font-weight: 400;\">Liliane Bettencourt erbte die Anteile ihres Vaters an L'Or\u00e9al und wurde zu einer herausragenden Pers\u00f6nlichkeit in der Gesch\u00e4ftswelt. Nach ihrem Tod im Jahr 2017 \u00fcbernahm ihre Tochter Fran\u00e7oise Bettencourt Meyers als amtierende Erbin von L'Or\u00e9al und reichste Frau der Welt die F\u00fchrung. Mit dem Verm\u00f6gen ihrer Mutter in den H\u00e4nden hat Bettencourt Meyers eine bedeutende Rolle innerhalb des Unternehmens \u00fcbernommen.<\/span><\/p><p>\u00a0<\/p><h4><b>Der Reichtum von Fran\u00e7oise Bettencourt Meyers<\/b><\/h4><p><span style=\"font-weight: 400;\">Das Nettoverm\u00f6gen von Fran\u00e7oise Bettencourt Meyers ist in den letzten Jahren in die H\u00f6he geschnellt und wird laut Forbes im Jahr 2023 bei 86,4 Milliarden Dollar liegen. Dieser Anstieg ist auf den anhaltenden Erfolg von L'Or\u00e9al und die weltweit steigende Nachfrage nach Luxusg\u00fctern und Sch\u00f6nheitsprodukten zur\u00fcckzuf\u00fchren. Das starke Umsatzwachstum des Unternehmens im ersten Quartal 2023 hat die Aktie auf ein Rekordhoch getrieben und das Verm\u00f6gen von Bettencourt Meyers weiter erh\u00f6ht.<\/span><\/p><p><span style=\"font-weight: 400;\">Als Vorsitzende des Verwaltungsrats von L'Or\u00e9al und gr\u00f6\u00dfte Aktion\u00e4rin mit einem Anteil von fast 35 % \u00fcbt Bettencourt Meyers gro\u00dfen Einfluss auf die Gesch\u00e4ftst\u00e4tigkeit des Unternehmens aus. Ihre strategischen Entscheidungen und Visionen haben die Modernisierungsbem\u00fchungen von L'Or\u00e9al geleitet, wobei der Schwerpunkt auf Nachhaltigkeit und sozialer Verantwortung liegt. Durch die Anpassung an die sich \u00e4ndernden Verbraucherpr\u00e4ferenzen und die Beibehaltung seiner Marktf\u00fchrerschaft ist L'Or\u00e9al an der Spitze der Kosmetikindustrie geblieben.<\/span><\/p><p>\u00a0<\/p><h4><b>Philanthropie &amp; Ein Leben gepr\u00e4gt von und B\u00fccher<\/b><\/h4><p><span style=\"font-weight: 400;\">Bettencourt Meyers' Engagement f\u00fcr einen positiven Einfluss geht \u00fcber die Vorstandsetage hinaus. Sie ist Pr\u00e4sidentin der Bettencourt Meyers Family Foundation, einer philanthropischen Organisation, die Initiativen in Wissenschaft, Kunst und sozialem Fortschritt in Frankreich unterst\u00fctzt. Dar\u00fcber hinaus haben L'Or\u00e9al und die Familie Bettencourt Meyers in einem bemerkenswerten Akt der Gro\u00dfz\u00fcgigkeit 226 Millionen Dollar f\u00fcr die Wiederherstellung der Kathedrale Notre Dame nach dem verheerenden Brand im Jahr 2019 zugesagt.<\/span><\/p><p><span style=\"font-weight: 400;\">W\u00e4hrend L'Oreal der Eckpfeiler des Reichtums von Bettencourt Meyers ist, ist ihr Privatleben ebenso faszinierend. Sie wurde in eine Familie hineingeboren, die f\u00fcr ihre glamour\u00f6sen Partys bekannt war, entwickelte aber ein anderes Interesse als den Lebensstil ihrer Eltern. Stattdessen fand sie Trost im Klavierspielen und in der Besch\u00e4ftigung mit der Literatur. Vanity Fair berichtete, dass sie oft lieber zu Hause blieb und las, als an den \u00fcppigen gesellschaftlichen Veranstaltungen teilzunehmen, f\u00fcr die ihre Eltern bekannt waren.<\/span><\/p><p><span style=\"font-weight: 400;\">Bettencourt Meyers verfolgte auch eine Karriere als Autorin, wobei sie ein breites Spektrum an Themen in ihrem Repertoire hatte. In ihren B\u00fcchern hat sie sich mit Themen wie griechische Mythologie, Judentum und Katholizismus besch\u00e4ftigt. Eines ihrer j\u00fcngsten Werke, \"Regard sur la Bible\", ein Kommentar zur Bibel, wurde 2008 ver\u00f6ffentlicht.<\/span><\/p>\t\t\t\t\t\t\t\t<\/div>\n\t\t\t\t<\/div>\n\t\t\t\t\t<\/div>\n\t\t<\/div>\n\t\t\t\t\t<\/div>\n\t\t<\/section>\n\t\t\t\t<\/div>","protected":false},"excerpt":{"rendered":"<p>Wenn es um die reichsten Menschen der Welt geht, dominieren oft Namen wie Musk und Zuckerberg die Schlagzeilen. Es gibt jedoch eine Frau, deren Geschichte sich von den anderen abhebt - Fran\u00e7oise Bettencourt Meyers. Mit 70 Jahren ist Bettencourt Meyers nicht nur die reichste Frau der Welt, sondern laut Bloomberg Billionaires Index auch der 13. reichste Mensch insgesamt. Ihr unglaubliches Verm\u00f6gen beruht auf dem Besitz ihrer Familie von L'Or\u00e9al, dem gr\u00f6\u00dften Kosmetikunternehmen der Welt.<\/p>","protected":false},"author":13,"featured_media":27428,"comment_status":"closed","ping_status":"closed","sticky":false,"template":"","format":"standard","meta":{"inline_featured_image":false,"cybocfi_hide_featured_image":"","two_page_speed":[],"footnotes":""},"categories":[184,86,73,545,88],"tags":[838,1153],"class_list":["post-27426","post","type-post","status-publish","format-standard","has-post-thumbnail","hentry","category-all-insights","category-explore-by-entity","category-explore-by-topic","category-people","category-private-wealth-owners","tag-loreal","tag-leadership-insights"],"_links":{"self":[{"href":"https:\/\/altoo.io\/de\/wp-json\/wp\/v2\/posts\/27426","targetHints":{"allow":["GET"]}}],"collection":[{"href":"https:\/\/altoo.io\/de\/wp-json\/wp\/v2\/posts"}],"about":[{"href":"https:\/\/altoo.io\/de\/wp-json\/wp\/v2\/types\/post"}],"author":[{"embeddable":true,"href":"https:\/\/altoo.io\/de\/wp-json\/wp\/v2\/users\/13"}],"replies":[{"embeddable":true,"href":"https:\/\/altoo.io\/de\/wp-json\/wp\/v2\/comments?post=27426"}],"version-history":[{"count":10,"href":"https:\/\/altoo.io\/de\/wp-json\/wp\/v2\/posts\/27426\/revisions"}],"predecessor-version":[{"id":27470,"href":"https:\/\/altoo.io\/de\/wp-json\/wp\/v2\/posts\/27426\/revisions\/27470"}],"wp:featuredmedia":[{"embeddable":true,"href":"https:\/\/altoo.io\/de\/wp-json\/wp\/v2\/media\/27428"}],"wp:attachment":[{"href":"https:\/\/altoo.io\/de\/wp-json\/wp\/v2\/media?parent=27426"}],"wp:term":[{"taxonomy":"category","embeddable":true,"href":"https:\/\/altoo.io\/de\/wp-json\/wp\/v2\/categories?post=27426"},{"taxonomy":"post_tag","embeddable":true,"href":"https:\/\/altoo.io\/de\/wp-json\/wp\/v2\/tags?post=27426"}],"curies":[{"name":"wp","href":"https:\/\/api.w.org\/{rel}","templated":true}]}}