{"id":27150,"date":"2023-11-15T10:00:56","date_gmt":"2023-11-15T09:00:56","guid":{"rendered":"https:\/\/altoo.io\/?p=27150"},"modified":"2023-11-14T10:16:19","modified_gmt":"2023-11-14T09:16:19","slug":"artissima-turin-italiens-erste-messe-fur-zeitgenossische-kunst","status":"publish","type":"post","link":"https:\/\/altoo.io\/de\/artissima-turin-italys-premier-contemporary-art-fair\/","title":{"rendered":"Artissima Turin: Italiens Messe f\u00fcr zeitgen\u00f6ssische Kunst"},"content":{"rendered":"<div data-elementor-type=\"wp-post\" data-elementor-id=\"27150\" class=\"elementor elementor-27150\" data-elementor-post-type=\"post\">\n\t\t\t\t\t\t<section class=\"elementor-section elementor-top-section elementor-element elementor-element-d4da347 elementor-section-boxed elementor-section-height-default elementor-section-height-default\" data-id=\"d4da347\" data-element_type=\"section\" data-e-type=\"section\">\n\t\t\t\t\t\t<div class=\"elementor-container elementor-column-gap-default\">\n\t\t\t\t\t<div class=\"elementor-column elementor-col-100 elementor-top-column elementor-element elementor-element-005b91a\" data-id=\"005b91a\" data-element_type=\"column\" data-e-type=\"column\">\n\t\t\t<div class=\"elementor-widget-wrap elementor-element-populated\">\n\t\t\t\t\t\t<div class=\"elementor-element elementor-element-01d448d elementor-widget elementor-widget-image\" data-id=\"01d448d\" data-element_type=\"widget\" data-e-type=\"widget\" data-widget_type=\"image.default\">\n\t\t\t\t<div class=\"elementor-widget-container\">\n\t\t\t\t\t\t\t\t\t\t\t\t\t\t\t<img fetchpriority=\"high\" decoding=\"async\" width=\"800\" height=\"532\" src=\"https:\/\/altoo.io\/live01\/wp-content\/uploads\/2023\/11\/artissima-1.jpg\" class=\"attachment-large size-large wp-image-27151\" alt=\"\" srcset=\"https:\/\/altoo.io\/live01\/wp-content\/uploads\/2023\/11\/artissima-1.jpg 800w, https:\/\/altoo.io\/live01\/wp-content\/uploads\/2023\/11\/artissima-1-300x200.jpg 300w, https:\/\/altoo.io\/live01\/wp-content\/uploads\/2023\/11\/artissima-1-768x511.jpg 768w, https:\/\/altoo.io\/live01\/wp-content\/uploads\/2023\/11\/artissima-1-18x12.jpg 18w, https:\/\/altoo.io\/live01\/wp-content\/uploads\/2023\/11\/artissima-1-600x399.jpg 600w\" sizes=\"(max-width: 800px) 100vw, 800px\" \/>\t\t\t\t\t\t\t\t\t\t\t\t\t\t\t<\/div>\n\t\t\t\t<\/div>\n\t\t\t\t<div class=\"elementor-element elementor-element-0794af3 elementor-widget elementor-widget-text-editor\" data-id=\"0794af3\" data-element_type=\"widget\" data-e-type=\"widget\" data-widget_type=\"text-editor.default\">\n\t\t\t\t<div class=\"elementor-widget-container\">\n\t\t\t\t\t\t\t\t\t<h4><b>Eine Messe f\u00fcr Kuratoren: Das institutionelle Engagement feiern<\/b><\/h4><p><span style=\"font-weight: 400;\">Die Artissima, die auch als \"Kuratorenmesse\" bezeichnet wird, hat sich den Ruf eines One-Stop-Shops f\u00fcr institutionelle Kontakte erworben. Auch wenn sensationelle Ums\u00e4tze nicht das prim\u00e4re Ziel der Aussteller sind, bietet die Messe eine einzigartige Gelegenheit, mit anspruchsvollen Kuratoren aus ganz Europa in Kontakt zu treten. Die Artissima geht \u00fcber die reine Ausstellungsfl\u00e4che hinaus. Die Messe bezieht Kuratoren aus f\u00fchrenden europ\u00e4ischen Institutionen aktiv ein, indem sie eingeladen werden, den Vorsitz in den Jurys f\u00fcr verschiedene Preise zu \u00fcbernehmen und Teile des Programms zu kuratieren. Dieser kuratierte Ansatz stellt sicher, dass die Teilnahme von Museen nicht dem Zufall \u00fcberlassen wird, und bietet den K\u00fcnstlern eine wertvolle Pr\u00e4sentationsm\u00f6glichkeit.<\/span><\/p><p><span style=\"font-weight: 400;\">\u00a0<\/span><\/p><h4><b>Erschwingliche Teilnahmegeb\u00fchren und risikofreudige Galerien<\/b><\/h4><p><span style=\"font-weight: 400;\">Eines der besonderen Merkmale der Artissima sind die relativ g\u00fcnstigen Teilnahmegeb\u00fchren. Die Messe, deren Eigent\u00fcmerin die \u00f6ffentliche Fondazione Torino Musei ist, bietet Galerien die M\u00f6glichkeit, Risiken einzugehen und unkonventionelle Werke zu pr\u00e4sentieren. Diese Unterst\u00fctzung der Risikobereitschaft f\u00f6rdert ein Umfeld des k\u00fcnstlerischen Experimentierens und der Innovation. Die Galerien k\u00f6nnen sich darauf konzentrieren, ihre K\u00fcnstler einem anspruchsvollen Publikum zu pr\u00e4sentieren, ohne dem Druck sofortiger Verkaufszahlen ausgesetzt zu sein.<\/span><\/p><p><span style=\"font-weight: 400;\">\u00a0<\/span><\/p><h4><b>Die Fondazione Arte CRT: Unterst\u00fctzung von k\u00fcnstlerischen Bestrebungen<\/b><\/h4><p><span style=\"font-weight: 400;\">Die Fondazione Arte CRT, ein wichtiger Unterst\u00fctzer der Artissima, spielt eine entscheidende Rolle bei der St\u00e4rkung der Wirkung der Messe. Die Stiftung stellt erhebliche Mittel f\u00fcr \"langfristige Leihgaben\" an renommierte Institutionen wie das Castello di Rivoli und die Galleria Civica di Arte Moderna (GAM) zur Verf\u00fcgung. Die j\u00fcngste Erneuerung des Stiftungsrats, dem nun internationale Pers\u00f6nlichkeiten wie Hans Ulrich Obrist und Suhanya Raffel angeh\u00f6ren, st\u00e4rkt die internationale Reichweite und den Einfluss der Artissima weiter.<\/span><\/p><p>\u00a0<\/p><p><img decoding=\"async\" class=\"alignnone size-full wp-image-27152\" src=\"https:\/\/altoo.io\/live01\/wp-content\/uploads\/2023\/11\/artissima-2.jpg\" alt=\"\" width=\"800\" height=\"532\" srcset=\"https:\/\/altoo.io\/live01\/wp-content\/uploads\/2023\/11\/artissima-2.jpg 800w, https:\/\/altoo.io\/live01\/wp-content\/uploads\/2023\/11\/artissima-2-300x200.jpg 300w, https:\/\/altoo.io\/live01\/wp-content\/uploads\/2023\/11\/artissima-2-768x511.jpg 768w, https:\/\/altoo.io\/live01\/wp-content\/uploads\/2023\/11\/artissima-2-18x12.jpg 18w, https:\/\/altoo.io\/live01\/wp-content\/uploads\/2023\/11\/artissima-2-600x399.jpg 600w\" sizes=\"(max-width: 800px) 100vw, 800px\" \/><\/p><h4><b>Ausstellende Galerien: Ein vielf\u00e4ltiges und spannendes Angebot<\/b><\/h4><p><span style=\"font-weight: 400;\">Die Artissima 2023 bot eine vielf\u00e4ltige Auswahl von 181 italienischen und internationalen Galerien, von denen 39 ihr Deb\u00fct auf der Messe gaben. Diese Galerien repr\u00e4sentierten ein breites Spektrum k\u00fcnstlerischer Praktiken und pr\u00e4sentierten Werke sowohl von aufstrebenden als auch von etablierten K\u00fcnstlern. Unter den Erstteilnehmern hatte die Mail\u00e4nder Galerie L.U.P.O. gro\u00dfen Erfolg: Ihr Stand war nach Angaben ihres Gr\u00fcnders Massimiliano Lorenzelli innerhalb weniger Stunden ausverkauft. Die lebendige und dynamische Kunstszene Turins zieht weiterhin Galerien und Sammler gleicherma\u00dfen an.<\/span><\/p><p><span style=\"font-weight: 400;\">\u00a0<\/span><\/p><h4><b>Das Thema und die H\u00f6hepunkte der Artissima 2023<\/b><\/h4><p><span style=\"font-weight: 400;\">Das Thema der Artissima 2023, \"Relations of Care\" (Beziehungen der F\u00fcrsorge), spiegelt das Engagement der Messe wider, dr\u00e4ngende globale Probleme anzugehen. Das Thema unterstreicht die Bedeutung des Schutzes der Umwelt und aller Arten und l\u00e4sst sich von der Arbeit des brasilianischen Anthropologen Renzo Taddei inspirieren. In einer Zeit globaler Spannungen und Spaltungen will die Artissima die Idee f\u00f6rdern, die F\u00fcrsorge in den Mittelpunkt unseres Lebens zu stellen und ein Gef\u00fchl von Verantwortung und Empathie zu entwickeln.\u00a0<\/span><\/p><p><span style=\"font-weight: 400;\">Auf der Artissima 2023 gab es viele Highlights und wichtige Ank\u00e4ufe. Galerien wie Mor Charpentier und Sies + H\u00f6ke pr\u00e4sentierten au\u00dfergew\u00f6hnliche Werke, die die Aufmerksamkeit von Sammlern und Kuratoren gleicherma\u00dfen auf sich zogen. Auch die Fondazione Arte CRT t\u00e4tigte bemerkenswerte Ank\u00e4ufe, darunter Werke von Marwa Arsanios und Steffani Jemisson. Diese Ank\u00e4ufe tragen nicht nur zum Wachstum der institutionellen Sammlungen bei, sondern unterst\u00fctzen auch die K\u00fcnstler in ihrem k\u00fcnstlerischen Schaffen.<\/span><\/p>\t\t\t\t\t\t\t\t<\/div>\n\t\t\t\t<\/div>\n\t\t\t\t\t<\/div>\n\t\t<\/div>\n\t\t\t\t\t<\/div>\n\t\t<\/section>\n\t\t\t\t<\/div>","protected":false},"excerpt":{"rendered":"<p>Artissima Turin, Italiens renommierteste Messe f\u00fcr zeitgen\u00f6ssische Kunst, feierte mit gro\u00dfer Vorfreude und Spannung ihre 30. Vom 3. bis 5. November begr\u00fc\u00dfte die Stadt Turin Kunstliebhaber, Sammler und Fachleute, um die pulsierende Welt der zeitgen\u00f6ssischen Kunst zu erkunden. Mit ihrer reichen Geschichte und ihrem Engagement f\u00fcr die Pr\u00e4sentation innovativer k\u00fcnstlerischer Praktiken hat sich die Artissima als Pflichtveranstaltung sowohl f\u00fcr erfahrene Kunstsammler als auch f\u00fcr junge K\u00fcnstler etabliert.<\/p>","protected":false},"author":13,"featured_media":27153,"comment_status":"closed","ping_status":"closed","sticky":false,"template":"","format":"standard","meta":{"inline_featured_image":false,"cybocfi_hide_featured_image":"","two_page_speed":[],"footnotes":""},"categories":[184,69,57],"tags":[823],"class_list":["post-27150","post","type-post","status-publish","format-standard","has-post-thumbnail","hentry","category-all-insights","category-art-and-culture","category-lifestyle","tag-artissima-turin"],"_links":{"self":[{"href":"https:\/\/altoo.io\/de\/wp-json\/wp\/v2\/posts\/27150","targetHints":{"allow":["GET"]}}],"collection":[{"href":"https:\/\/altoo.io\/de\/wp-json\/wp\/v2\/posts"}],"about":[{"href":"https:\/\/altoo.io\/de\/wp-json\/wp\/v2\/types\/post"}],"author":[{"embeddable":true,"href":"https:\/\/altoo.io\/de\/wp-json\/wp\/v2\/users\/13"}],"replies":[{"embeddable":true,"href":"https:\/\/altoo.io\/de\/wp-json\/wp\/v2\/comments?post=27150"}],"version-history":[{"count":7,"href":"https:\/\/altoo.io\/de\/wp-json\/wp\/v2\/posts\/27150\/revisions"}],"predecessor-version":[{"id":27236,"href":"https:\/\/altoo.io\/de\/wp-json\/wp\/v2\/posts\/27150\/revisions\/27236"}],"wp:featuredmedia":[{"embeddable":true,"href":"https:\/\/altoo.io\/de\/wp-json\/wp\/v2\/media\/27153"}],"wp:attachment":[{"href":"https:\/\/altoo.io\/de\/wp-json\/wp\/v2\/media?parent=27150"}],"wp:term":[{"taxonomy":"category","embeddable":true,"href":"https:\/\/altoo.io\/de\/wp-json\/wp\/v2\/categories?post=27150"},{"taxonomy":"post_tag","embeddable":true,"href":"https:\/\/altoo.io\/de\/wp-json\/wp\/v2\/tags?post=27150"}],"curies":[{"name":"wp","href":"https:\/\/api.w.org\/{rel}","templated":true}]}}