{"id":24815,"date":"2023-10-17T10:00:13","date_gmt":"2023-10-17T08:00:13","guid":{"rendered":"https:\/\/altoo.io\/?p=24815"},"modified":"2023-10-16T19:12:24","modified_gmt":"2023-10-16T17:12:24","slug":"schweizer-wirtschaft-im-jahr-2023-stark-stabil-und-ohne-wachstum","status":"publish","type":"post","link":"https:\/\/altoo.io\/de\/swiss-economy-in-2023-strong-stable-and-without-growth\/","title":{"rendered":"Schweizer Wirtschaft in 2023: Stark, stabil - und ohne Wachstum"},"content":{"rendered":"<div data-elementor-type=\"wp-post\" data-elementor-id=\"24815\" class=\"elementor elementor-24815\" data-elementor-post-type=\"post\">\n\t\t\t\t\t\t<section class=\"elementor-section elementor-top-section elementor-element elementor-element-2bb55b1 elementor-section-boxed elementor-section-height-default elementor-section-height-default\" data-id=\"2bb55b1\" data-element_type=\"section\" data-e-type=\"section\">\n\t\t\t\t\t\t<div class=\"elementor-container elementor-column-gap-default\">\n\t\t\t\t\t<div class=\"elementor-column elementor-col-100 elementor-top-column elementor-element elementor-element-994da01\" data-id=\"994da01\" data-element_type=\"column\" data-e-type=\"column\">\n\t\t\t<div class=\"elementor-widget-wrap elementor-element-populated\">\n\t\t\t\t\t\t<div class=\"elementor-element elementor-element-0d96ead elementor-widget elementor-widget-text-editor\" data-id=\"0d96ead\" data-element_type=\"widget\" data-e-type=\"widget\" data-widget_type=\"text-editor.default\">\n\t\t\t\t<div class=\"elementor-widget-container\">\n\t\t\t\t\t\t\t\t\t<p><span style=\"font-weight: 400;\">Aber zuerst die Zahlen: Es ist nicht das erste Mal, dass die Schweizer Wirtschaft f\u00fcr ein Quartal \u201egefroren\" ist, wie es bereits Ende letzten Jahres geschah. Zu Beginn dieses Jahres, im ersten Quartal 2023, wuchs das BIP symbolisch um +0,9%, was Analysten nach Angaben des <\/span><a href=\"https:\/\/www.seco.admin.ch\/seco\/en\/home\/seco\/nsb-news.msg-id-97600.html\" target=\"_blank\" rel=\"noopener\"><span style=\"font-weight: 400;\">Staatssekretariats f\u00fcr wirtschaftliche Angelegenheiten SECO<\/span><\/a><span style=\"font-weight: 400;\">etwas beruhigte. Bei der derzeitigen Abschw\u00e4chung sinken die Sektoren Herstellung und Bau am st\u00e4rksten mit-2,9% bzw.-0,7%.<\/span><\/p><p><span style=\"font-weight: 400;\">Ein Faktor daf\u00fcr war der deutliche R\u00fcckgang der chemischen und pharmazeutischen Industrie (\u22122,3%), die sich von den hohen Wachstumsjahren 2015 bis 2022 mehr oder weniger seitw\u00e4rts bewegt hatte. Gleichzeitig setzt das harte ausl\u00e4ndische Umfeld Druck auf Branchen aus, die zyklisch empfindlich sind, wie z.B. Metallbau und Maschinenbau.\u00a0<\/span><\/p><p><span style=\"font-weight: 400;\">Dies verursacht im zweiten Quartal einen R\u00fcckgang des \u00fcbrigen Mehrwerts der Branche. Dies zeigte sich auch durch einen allgemeinen R\u00fcckgang (1.2%) des Verkaufs von Waren in vielen verschiedenen L\u00e4ndern und Arten.<\/span><\/p><p>\u00a0<\/p><h4><b>Starke Schweizer W\u00e4hrung - ein Zug auf die Wachstumsrate<\/b><\/h4><p><span style=\"font-weight: 400;\">Was den reinen Wert betrifft, war der Franken gegen\u00fcber dem Euro erst einmal so stark, etwa vor einem Jahr. Das ist nicht alles; es ist auch sehr stark gegen\u00fcber dem Dollar \u2013 der Rekord wurde im Juli gesetzt.<\/span><\/p><p><span style=\"font-weight: 400;\">Wenn die W\u00e4hrungen schwach sind, sind im Ausland get\u00e4tigte Gesch\u00e4fte weniger wert, wenn man nach Hause kommt. Dies macht es schwierig zu sehen, wie gut ein Gesch\u00e4ft l\u00e4uft, und es kann ein gro\u00dfes Problem sein, wenn Schweizer Exportunternehmen gro\u00dfe Rechnungen in Franken zahlen m\u00fcssen. Zum Beispiel, weil sie zu Hause viel machen und kaufen.<\/span><\/p><p><span style=\"font-weight: 400;\">Es \u00fcberrascht nicht, dass sie stark sind. Da sich das Wachstum in anderen europ\u00e4ischen Volkswirtschaften verlangsamt hat, sagt Aaron Hurd, ein Devisenexperte bei Asset Manager State Street, gegen\u00fcber <\/span><a href=\"https:\/\/www.nzz.ch\/wirtschaft\/schweizer-wirtschaft-starker-franken-stellt-unternehmen-auf-die-probe-ld.1753763\" target=\"_blank\" rel=\"noopener\"><span style=\"font-weight: 400;\">NZZ:<\/span><\/a><span style=\"font-weight: 400;\">, \u201c<\/span><i><span style=\"font-weight: 400;\">\"Der Franc ist ein gro\u00dfer Schutz gegen Stagflation. Es ist ein sicherer Zufluchtsort.\"<\/span><\/i><span style=\"font-weight: 400;\">Der Dollar hingegen wurde von Investoren gegen Franken gehandelt, die wetten, dass die Zinserh\u00f6hungen in den USA aufh\u00f6ren w\u00fcrden.<\/span><\/p><p>\u00a0<\/p><h4><b>Aussichten f\u00fcr die Schweizer Wirtschaft \u2013 unterdurchschnittliches Wachstum<\/b><\/h4><p><span style=\"font-weight: 400;\">H\u00e4tten wir im Juni die \u00d6konomen nach ihren Erwartungen an die Schweizer Wirtschaft gefragt, w\u00e4ren die Antworten wesentlich positiver gewesen als heute. Angesichts der Daten sind die Prognosen f\u00fcr 2024 f\u00fcr ein Wirtschaftswachstum von 1,2%, gegen\u00fcber 1,5% im Juni. \u201eDas w\u00fcrde ein deutlich unterdurchschnittliches Wachstum f\u00fcr zwei Jahre bedeuten, ohne jedoch die Schweizer Wirtschaft in eine Rezession zu st\u00fcrzen\u201c, sagt ein Sachverst\u00e4ndiger der SECO.<\/span><\/p><p><span style=\"font-weight: 400;\">Die internationale Inflation k\u00f6nnte noch l\u00e4nger hoch bleiben, was eine versch\u00e4rfte Geldpolitik erfordern w\u00fcrde. Dies w\u00fcrde die Nachfrage weltweit noch weiter verlangsamen. Dar\u00fcber hinaus k\u00f6nnten sich die mit globalen Schulden-, Wohnungs- und Finanzmarktkorrekturen verbundenen Risiken sowie die Bilanzrisiken von Finanzinstituten verschlechtern. Es ist auch m\u00f6glich, dass eine versch\u00e4rfte Geldpolitik einen gr\u00f6\u00dferen Einfluss auf die Realwirtschaft haben wird, als derzeit angenommen wird.<\/span><\/p><p><span style=\"font-weight: 400;\">Ver\u00e4nderungen in Deutschland und China machen die Weltwirtschaft und den Schweizer Handel mit anderen L\u00e4ndern anf\u00e4lliger. So k\u00f6nnte beispielsweise der deutsche Industriebereich noch st\u00e4rker schw\u00e4chen, als erwartet, was die anf\u00e4lligen Teile der Schweizer Wirtschaft noch mehr verlangsamen w\u00fcrde, als voraussichtlich. Zudem k\u00f6nnte die chinesische Wirtschaft aufgrund des Immobilienproblems, des hohen Schuldenstands des Landes und der negativen Stimmungen von Menschen und Unternehmen schneller als erwartet verlangsamen.<\/span><\/p><p>\u00a0<\/p><h4><b>Stabiles Finanzwesen und ein Puffer gegen schlechtere Zeiten<\/b><\/h4><p><span style=\"font-weight: 400;\">Wir sind jedoch gezwungen zu sagen, dass au\u00dferhalb von h\u00f6heren internationalen Umst\u00e4nden eine Rezession unwahrscheinlich ist. Gleichzeitig z\u00e4hlt die Schweizer Wirtschaft zu den am wenigsten verschuldeten in Europa, wie eine brandneue Studie deutlich macht.<\/span><\/p><p><span style=\"font-weight: 400;\">Die Finanzen der Schweizer Kantone sind nach wie vor stabil, was in vielen EU-L\u00e4ndern nicht der Fall ist. Eine neue Studie von <\/span><a href=\"https:\/\/www.bak-economics.com\/index.php?eID=dumpFile&amp;t=f&amp;f=9780&amp;token=1fc87b3d131c94c63d913a7e6fbe7eab3ebf372b\" target=\"_blank\" rel=\"noopener\"><span style=\"font-weight: 400;\">BAK Economics<\/span><\/a><span style=\"font-weight: 400;\"> zeigt, dass dies wahr ist. Obwohl die Ma\u00dfnahmen gegen COVID-19 in der Schweiz zu einem Anstieg der Schulden gef\u00fchrt haben, hat sie dies weniger als an vielen anderen Orten getan.<\/span><\/p><p><span style=\"font-weight: 400;\">Dadurch wird der niedrige Steuersatz in den Schweizer Kantonen, der im Vergleich zu anderen L\u00e4ndern sehr attraktiv ist, lange anhalten k\u00f6nnen. Wenn ein Land die Kriterien f\u00fcr wirtschaftliche Nachhaltigkeit erf\u00fcllt, kann dies seine Steuerpolitik langfristig beeinflussen. Orte mit langfristigen Steuerstrategien k\u00f6nnen ihre Steuern im Laufe der Zeit gleich halten. In Zukunft k\u00f6nnten Orte mit mehr Schulden ihre Steuern erh\u00f6hen m\u00fcssen, um Dinge zu bezahlen.\u00a0<\/span><\/p>\t\t\t\t\t\t\t\t<\/div>\n\t\t\t\t<\/div>\n\t\t\t\t\t<\/div>\n\t\t<\/div>\n\t\t\t\t\t<\/div>\n\t\t<\/section>\n\t\t\t\t<\/div>","protected":false},"excerpt":{"rendered":"<p>Die Wirtschaft eines der reichsten L\u00e4nder der Welt hat aufgeh\u00f6rt zu wachsen. So l\u00e4sst sich die wirtschaftliche Entwicklung der Schweiz in den letzten Monaten kurz und b\u00fcndig beschreiben. Nach offiziellen Angaben ist das Bruttoinlandsprodukt des Landes im zweiten Quartal des Jahres um 0,0% gewachsen, und das ist sehr nahe an einem Abschwung und einer eventuellen Rezession.<\/p>","protected":false},"author":13,"featured_media":24817,"comment_status":"closed","ping_status":"closed","sticky":false,"template":"","format":"standard","meta":{"inline_featured_image":false,"cybocfi_hide_featured_image":"","two_page_speed":[],"footnotes":""},"categories":[184,62,55,85],"tags":[489],"class_list":["post-24815","post","type-post","status-publish","format-standard","has-post-thumbnail","hentry","category-all-insights","category-analysis","category-economic-outlook","category-switzerland","tag-swiss-economy"],"_links":{"self":[{"href":"https:\/\/altoo.io\/de\/wp-json\/wp\/v2\/posts\/24815","targetHints":{"allow":["GET"]}}],"collection":[{"href":"https:\/\/altoo.io\/de\/wp-json\/wp\/v2\/posts"}],"about":[{"href":"https:\/\/altoo.io\/de\/wp-json\/wp\/v2\/types\/post"}],"author":[{"embeddable":true,"href":"https:\/\/altoo.io\/de\/wp-json\/wp\/v2\/users\/13"}],"replies":[{"embeddable":true,"href":"https:\/\/altoo.io\/de\/wp-json\/wp\/v2\/comments?post=24815"}],"version-history":[{"count":11,"href":"https:\/\/altoo.io\/de\/wp-json\/wp\/v2\/posts\/24815\/revisions"}],"predecessor-version":[{"id":24904,"href":"https:\/\/altoo.io\/de\/wp-json\/wp\/v2\/posts\/24815\/revisions\/24904"}],"wp:featuredmedia":[{"embeddable":true,"href":"https:\/\/altoo.io\/de\/wp-json\/wp\/v2\/media\/24817"}],"wp:attachment":[{"href":"https:\/\/altoo.io\/de\/wp-json\/wp\/v2\/media?parent=24815"}],"wp:term":[{"taxonomy":"category","embeddable":true,"href":"https:\/\/altoo.io\/de\/wp-json\/wp\/v2\/categories?post=24815"},{"taxonomy":"post_tag","embeddable":true,"href":"https:\/\/altoo.io\/de\/wp-json\/wp\/v2\/tags?post=24815"}],"curies":[{"name":"wp","href":"https:\/\/api.w.org\/{rel}","templated":true}]}}