{"id":22481,"date":"2023-09-26T10:00:23","date_gmt":"2023-09-26T08:00:23","guid":{"rendered":"https:\/\/altoo.io\/?p=22481"},"modified":"2023-11-10T08:39:54","modified_gmt":"2023-11-10T07:39:54","slug":"schweizer-wahlen-2023-wer-hat-die-besten-chancen-auf-den-sieg","status":"publish","type":"post","link":"https:\/\/altoo.io\/de\/swiss-elections-2023-who-has-the-best-chance-to-win\/","title":{"rendered":"Was man \u00fcber die Schweizer Parlamentswahlen 2023 wissen sollte"},"content":{"rendered":"<div data-elementor-type=\"wp-post\" data-elementor-id=\"22481\" class=\"elementor elementor-22481\" data-elementor-post-type=\"post\">\n\t\t\t\t\t\t<section class=\"elementor-section elementor-top-section elementor-element elementor-element-e5f9907 elementor-section-boxed elementor-section-height-default elementor-section-height-default\" data-id=\"e5f9907\" data-element_type=\"section\" data-e-type=\"section\">\n\t\t\t\t\t\t<div class=\"elementor-container elementor-column-gap-default\">\n\t\t\t\t\t<div class=\"elementor-column elementor-col-100 elementor-top-column elementor-element elementor-element-5ec9563\" data-id=\"5ec9563\" data-element_type=\"column\" data-e-type=\"column\">\n\t\t\t<div class=\"elementor-widget-wrap elementor-element-populated\">\n\t\t\t\t\t\t<div class=\"elementor-element elementor-element-b0aa3e3 elementor-widget elementor-widget-text-editor\" data-id=\"b0aa3e3\" data-element_type=\"widget\" data-e-type=\"widget\" data-widget_type=\"text-editor.default\">\n\t\t\t\t<div class=\"elementor-widget-container\">\n\t\t\t\t\t\t\t\t\t<p><span style=\"font-weight: 400;\">W\u00fcrden heute Wahlen stattfinden, h\u00e4tten die Gr\u00fcnen nach den j\u00fcngsten Umfragen der Schweizer Meinungsforschungsinstitute LeeWas und Sotomo nur etwas mehr als 10% der W\u00e4hlerschaft. Die Gr\u00fcnliberalen liegen in den Umfragen derzeit bei 8,2%.<\/span><\/p><p><span style=\"font-weight: 400;\">Die Politikwissenschaftlerin Sarah B\u00fctikofer von der Universit\u00e4t Z\u00fcrich sagt, dass der Klimaschutz nach wie vor ein grosses Thema ist. In Kriegs- und Krisenzeiten sind es aber auch Sicherheit oder Energie. \"Das f\u00fchrt dazu, dass eher traditionelle W\u00e4hler mobilisiert werden\", sagt B\u00fctikofer. Diese entscheiden sich aber meist f\u00fcr Parteien der Mitte und des rechten Spektrums.<\/span><\/p><p>\u00a0<\/p><h4><b>Was wollen die B\u00fcrger?<\/b><\/h4><p><span style=\"font-weight: 400;\">Wie schon seit 1976 hat die Credit Suisse auch dieses Jahr ihr Sorgenbarometer \"Kompass f\u00fcr die Schweiz\" erhoben. Bei den B\u00fcrgerinnen und B\u00fcrgern stehen Gesundheitsfragen und Krankenkassenpr\u00e4mien (34%) ganz oben auf der Liste, gefolgt von Umwelt (33%), Inflation (32%) und Renten (31%).<\/span><\/p><p><span style=\"font-weight: 400;\">Laut der Umfrage des Sotomo-Instituts bleiben die ersten beiden Pl\u00e4tze unver\u00e4ndert, aber der dritte Platz geht an die Einwanderung (33%), gefolgt von der sozialen Sicherheit (25%) und der Energiesicherheit (24%). Den sechsten Platz nimmt die Rentenreform ein (22%).<\/span><\/p><p>\u00a0<\/p><h4><b>Was bieten die Parteien an?<\/b><\/h4><p><span style=\"font-weight: 400;\">Ein gemeinsamer Nenner im Wahlkampf ist der Kampf gegen Inflation und schwindenden Wohlstand. Jede Partei will das Ziel mit unterschiedlichen Mitteln erreichen.<\/span><\/p><p><span style=\"font-weight: 400;\">Der Grund f\u00fcr die Zufriedenheit ist jedoch in der Partei Die Mitte zu suchen. Bei fr\u00fcheren Wahlen gewann sie die Stimmen als Christlichdemokratische Volkspartei der Schweiz. Nach dem Zusammenschluss mit der B\u00fcrgerlich-Demokratischen Partei im Januar 2021 und unter neuem Namen w\u00fcrde sie heute 13,9% der Stimmen erhalten (2019: 11,4%). Sie k\u00e4mpft vor allem gegen steigende Krankenkassenpr\u00e4mien sowie gegen eine h\u00f6here Besteuerung von Ehepaaren.<\/span><\/p><p><span style=\"font-weight: 400;\">Die w\u00e4hlerst\u00e4rkste Partei, die SVP (laut Umfragen 27,9%), setzt auf die Verkn\u00fcpfung von Zuwanderung und Energie. Und auf die Ver\u00e4rgerung der W\u00e4hlerinnen und W\u00e4hler, die laut dem j\u00fcngsten SRG-Wahlbarometer vor allem durch Genderfragen und die Klimaplakette geweckt wird. Ihr Kalk\u00fcl: Wer ver\u00e4rgert ist, geht an die Urne. \"100'000 zus\u00e4tzliche Stimmen sind das Ziel\", sagte SVP-Vizepr\u00e4sident und Wahlkampfleiter Marcel Dettling neulich.<\/span><\/p><p>\u00a0<\/p><h4><b>Fachkr\u00e4ftemangel: ein wichtiges Thema<\/b><\/h4><p><span style=\"font-weight: 400;\">Ein wichtiges Wahlkampfmittel der Sozialdemokraten ist ihre Initiative f\u00fcr eine 13. AHV-Rente. Die St\u00e4rkung der Kaufkraft, die Gleichstellung und die Klimakrise sind weitere Schwerpunkte.<\/span><\/p><p><span style=\"font-weight: 400;\">Die Liberalen (FDP) sprechen ihre W\u00e4hler mit Themen wie Sicherheit, Energieversorgung und Wohlstand an. Der Fachkr\u00e4ftemangel, der sich derzeit im Land drastisch versch\u00e4rft, spielt eine grosse Rolle: Ende 2022 waren in der Schweiz \u00fcber 120'000 Stellen unbesetzt, so viele wie seit 2003 nicht mehr, wie das Bundesamt f\u00fcr Statistik (BFS) mitteilt.\u00a0<\/span><\/p><p><span style=\"font-weight: 400;\">Es gibt zahlreiche freie Stellen in verschiedenen Sektoren: im verarbeitenden Gewerbe, im Gesundheitswesen, im Gastgewerbe, im IT-Bereich und im Baugewerbe. \"Eine Modernisierung und Flexibilisierung des Arbeitsmarktes und des Arbeitsrechts ist notwendig\", sagen die Liberalen.<\/span><\/p>\t\t\t\t\t\t\t\t<\/div>\n\t\t\t\t<\/div>\n\t\t\t\t\t<\/div>\n\t\t<\/div>\n\t\t\t\t\t<\/div>\n\t\t<\/section>\n\t\t\t\t<\/div>","protected":false},"excerpt":{"rendered":"<p>Bei den letzten Bundestagswahlen (2019) haben fast alle Parteien verloren, mit Ausnahme der Gr\u00fcnen. Befl\u00fcgelt durch die Klimaproteste konnte die Partei ihren W\u00e4hleranteil um 6,1% auf 13,2% steigern. Wie sind die Wahltrends jetzt, knapp einen Monat vor den Bundestagswahlen?<\/p>","protected":false},"author":13,"featured_media":22482,"comment_status":"closed","ping_status":"closed","sticky":false,"template":"","format":"standard","meta":{"inline_featured_image":false,"cybocfi_hide_featured_image":"","two_page_speed":[],"footnotes":""},"categories":[184,73,85],"tags":[618],"class_list":["post-22481","post","type-post","status-publish","format-standard","has-post-thumbnail","hentry","category-all-insights","category-explore-by-topic","category-switzerland","tag-swiss-elections"],"_links":{"self":[{"href":"https:\/\/altoo.io\/de\/wp-json\/wp\/v2\/posts\/22481","targetHints":{"allow":["GET"]}}],"collection":[{"href":"https:\/\/altoo.io\/de\/wp-json\/wp\/v2\/posts"}],"about":[{"href":"https:\/\/altoo.io\/de\/wp-json\/wp\/v2\/types\/post"}],"author":[{"embeddable":true,"href":"https:\/\/altoo.io\/de\/wp-json\/wp\/v2\/users\/13"}],"replies":[{"embeddable":true,"href":"https:\/\/altoo.io\/de\/wp-json\/wp\/v2\/comments?post=22481"}],"version-history":[{"count":9,"href":"https:\/\/altoo.io\/de\/wp-json\/wp\/v2\/posts\/22481\/revisions"}],"predecessor-version":[{"id":26875,"href":"https:\/\/altoo.io\/de\/wp-json\/wp\/v2\/posts\/22481\/revisions\/26875"}],"wp:featuredmedia":[{"embeddable":true,"href":"https:\/\/altoo.io\/de\/wp-json\/wp\/v2\/media\/22482"}],"wp:attachment":[{"href":"https:\/\/altoo.io\/de\/wp-json\/wp\/v2\/media?parent=22481"}],"wp:term":[{"taxonomy":"category","embeddable":true,"href":"https:\/\/altoo.io\/de\/wp-json\/wp\/v2\/categories?post=22481"},{"taxonomy":"post_tag","embeddable":true,"href":"https:\/\/altoo.io\/de\/wp-json\/wp\/v2\/tags?post=22481"}],"curies":[{"name":"wp","href":"https:\/\/api.w.org\/{rel}","templated":true}]}}