{"id":22474,"date":"2023-09-26T10:00:54","date_gmt":"2023-09-26T08:00:54","guid":{"rendered":"https:\/\/altoo.io\/?p=22474"},"modified":"2023-09-25T17:37:39","modified_gmt":"2023-09-25T15:37:39","slug":"pro-und-kontra-der-kernenergie-in-der-schweiz","status":"publish","type":"post","link":"https:\/\/altoo.io\/de\/pros-and-cons-of-nuclear-energy-in-switzerland\/","title":{"rendered":"ETH-Studie zur Energiezukunft der Schweiz"},"content":{"rendered":"<div data-elementor-type=\"wp-post\" data-elementor-id=\"22474\" class=\"elementor elementor-22474\" data-elementor-post-type=\"post\">\n\t\t\t\t\t\t<section class=\"elementor-section elementor-top-section elementor-element elementor-element-59da831 elementor-section-boxed elementor-section-height-default elementor-section-height-default\" data-id=\"59da831\" data-element_type=\"section\" data-e-type=\"section\">\n\t\t\t\t\t\t<div class=\"elementor-container elementor-column-gap-default\">\n\t\t\t\t\t<div class=\"elementor-column elementor-col-100 elementor-top-column elementor-element elementor-element-785e047\" data-id=\"785e047\" data-element_type=\"column\" data-e-type=\"column\">\n\t\t\t<div class=\"elementor-widget-wrap elementor-element-populated\">\n\t\t\t\t\t\t<div class=\"elementor-element elementor-element-7ae08d4 elementor-widget elementor-widget-text-editor\" data-id=\"7ae08d4\" data-element_type=\"widget\" data-e-type=\"widget\" data-widget_type=\"text-editor.default\">\n\t\t\t\t<div class=\"elementor-widget-container\">\n\t\t\t\t\t\t\t\t\t<p><span style=\"font-weight: 400;\">Die Wissenschaftler gehen davon aus, dass Solar- und Windkraft im Jahr 2035 gut 30% weniger liefern werden als von der Politik gesch\u00e4tzt. (Das von der Politik f\u00fcr 2035 vorgeschlagene Ziel f\u00fcr den Ausbau der erneuerbaren Stromerzeugung - ohne Wasserkraft - liegt mit 17.000 GWh deutlich h\u00f6her als der bisherige Richtwert von 11.400 GWh).\u00a0<\/span><\/p><p><span style=\"font-weight: 400;\">Die Neue Z\u00fcrcher Zeitung berichtet, dass es gleichzeitig gro\u00dfe Unterschiede zwischen den Jahreszeiten gibt. Im Sommer gibt es gro\u00dfe Mengen, aber im Winter gibt es eine gro\u00dfe L\u00fccke von bis zu 10 Terawattstunden (TWh). Zum Vergleich: In den vergangenen Jahren lag der Durchschnitt bei 4 TWh.<\/span><\/p><p><span style=\"font-weight: 400;\">Der Import von Strom aus den Nachbarl\u00e4ndern w\u00e4re keine nachhaltige L\u00f6sung, da er auch in anderen L\u00e4ndern knapp werden w\u00fcrde.<\/span><\/p><p>\u00a0<\/p><h4><b>Weitere Nutzung der Kernenergie<\/b><\/h4><p><span style=\"font-weight: 400;\">Das Ergebnis der ETH-Modellrechnungen ist eindeutig. Je l\u00e4nger die bestehenden vier Reaktoren laufen, desto g\u00fcnstiger, stabiler und sicherer wird die Stromversorgung. So mildert eine Verl\u00e4ngerung des Betriebs von G\u00f6sgen und Leibstadt um 10 Jahre den Anstieg der Nettoimporte im Winter \u00fcber die n\u00e4chsten 20 Jahre stark ab.<\/span><\/p><p><span style=\"font-weight: 400;\">Die Studie sagt auch, dass der Bau eines neuen Kernkraftwerkes eine gute Idee ist. So gehen die ETH-Experten davon aus, dass die Anlage bei einer Betriebsdauer von mehr als 60 Jahren insgesamt 12 Milliarden Franken an Systemkosten einsparen und den Importbedarf im Winter drastisch senken wird. Zudem kann sich das Kernkraftwerk viel besser in die bereits vorhandenen Anlagen einf\u00fcgen.<\/span><\/p><p><span style=\"font-weight: 400;\">Der Pr\u00e4sident von Economiesuisse, dem Dachverband der Schweizer Wirtschaft, Christoph M\u00e4der, erkl\u00e4rte: \"Wir m\u00fcssen es besser machen als unser Nachbar Deutschland, der trotz Energiekrise und Klimazielen seine verbliebenen Kernkraftwerke vom Netz genommen hat.\"\u00a0<\/span><\/p><p><span style=\"font-weight: 400;\">Er sagte auch, dass wir nie wieder ein Kernkraftwerk abschalten sollten, wie wir es 2019 mit M\u00fchleberg getan haben.<\/span><\/p><p>\u00a0<\/p><h4><b>Weiterer Ausbau der erneuerbaren Energien<\/b><\/h4><p><span style=\"font-weight: 400;\">Christian Schaffner, Direktor des Energy Science Center der ETH, warnt jedoch davor, den Ausbau der erneuerbaren Energien zu verz\u00f6gern. \"Die Verl\u00e4ngerung der Laufzeiten unserer Kernkraftwerke allein wird unsere Versorgungsprobleme nicht l\u00f6sen\", so der Energieexperte gegen\u00fcber der NZZ. Wenn die Schweiz das Netto-Null-Ziel bis 2050 erreichen wolle, m\u00fcsse sie alle fossilen Energien ersetzen und die erneuerbaren Energien weiter rasch ausbauen.<\/span><\/p><p><span style=\"font-weight: 400;\">Die Abh\u00e4ngigkeit von Importen k\u00f6nnte auch durch einen raschen Ausbau von alpinen Solar- und Windkraftanlagen verringert werden. Erstere produzieren im Winter bis zu 55 Prozent ihres Stroms, letztere sogar bis zu 60 Prozent.<\/span><\/p>\t\t\t\t\t\t\t\t<\/div>\n\t\t\t\t<\/div>\n\t\t\t\t\t<\/div>\n\t\t<\/div>\n\t\t\t\t\t<\/div>\n\t\t<\/section>\n\t\t\t\t<\/div>","protected":false},"excerpt":{"rendered":"<p>Der gr\u00f6sste Teil des Schweizer Stroms stammt aus der Kernenergie. Die vier in Betrieb stehenden Kernkraftwerke (Beznau I und II, Leibstadt, G\u00f6sgen) decken 36,4% der Stromproduktion ab. Die neuste Studie der ETH zeigt, dass dies auch in Zukunft so bleiben k\u00f6nnte. Hier einige Vor- und Nachteile der Energiegewinnung aus Kernkraftwerken.<\/p>","protected":false},"author":13,"featured_media":22475,"comment_status":"closed","ping_status":"closed","sticky":false,"template":"","format":"standard","meta":{"inline_featured_image":false,"cybocfi_hide_featured_image":"","two_page_speed":[],"footnotes":""},"categories":[184,73,85],"tags":[617],"class_list":["post-22474","post","type-post","status-publish","format-standard","has-post-thumbnail","hentry","category-all-insights","category-explore-by-topic","category-switzerland","tag-nuclear-energy"],"_links":{"self":[{"href":"https:\/\/altoo.io\/de\/wp-json\/wp\/v2\/posts\/22474","targetHints":{"allow":["GET"]}}],"collection":[{"href":"https:\/\/altoo.io\/de\/wp-json\/wp\/v2\/posts"}],"about":[{"href":"https:\/\/altoo.io\/de\/wp-json\/wp\/v2\/types\/post"}],"author":[{"embeddable":true,"href":"https:\/\/altoo.io\/de\/wp-json\/wp\/v2\/users\/13"}],"replies":[{"embeddable":true,"href":"https:\/\/altoo.io\/de\/wp-json\/wp\/v2\/comments?post=22474"}],"version-history":[{"count":7,"href":"https:\/\/altoo.io\/de\/wp-json\/wp\/v2\/posts\/22474\/revisions"}],"predecessor-version":[{"id":22526,"href":"https:\/\/altoo.io\/de\/wp-json\/wp\/v2\/posts\/22474\/revisions\/22526"}],"wp:featuredmedia":[{"embeddable":true,"href":"https:\/\/altoo.io\/de\/wp-json\/wp\/v2\/media\/22475"}],"wp:attachment":[{"href":"https:\/\/altoo.io\/de\/wp-json\/wp\/v2\/media?parent=22474"}],"wp:term":[{"taxonomy":"category","embeddable":true,"href":"https:\/\/altoo.io\/de\/wp-json\/wp\/v2\/categories?post=22474"},{"taxonomy":"post_tag","embeddable":true,"href":"https:\/\/altoo.io\/de\/wp-json\/wp\/v2\/tags?post=22474"}],"curies":[{"name":"wp","href":"https:\/\/api.w.org\/{rel}","templated":true}]}}