{"id":19963,"date":"2023-09-06T10:00:25","date_gmt":"2023-09-06T08:00:25","guid":{"rendered":"https:\/\/altoo.io\/?p=19963"},"modified":"2023-09-06T08:00:32","modified_gmt":"2023-09-06T06:00:32","slug":"null-wachstum-der-schweizer-wirtschaft","status":"publish","type":"post","link":"https:\/\/altoo.io\/de\/zero-growth-of-the-swiss-economy\/","title":{"rendered":"Nullwachstum der Schweizer Wirtschaft"},"content":{"rendered":"<div data-elementor-type=\"wp-post\" data-elementor-id=\"19963\" class=\"elementor elementor-19963\" data-elementor-post-type=\"post\">\n\t\t\t\t\t\t<section class=\"elementor-section elementor-top-section elementor-element elementor-element-974a863 elementor-section-boxed elementor-section-height-default elementor-section-height-default\" data-id=\"974a863\" data-element_type=\"section\" data-e-type=\"section\">\n\t\t\t\t\t\t<div class=\"elementor-container elementor-column-gap-default\">\n\t\t\t\t\t<div class=\"elementor-column elementor-col-100 elementor-top-column elementor-element elementor-element-aa992f1\" data-id=\"aa992f1\" data-element_type=\"column\" data-e-type=\"column\">\n\t\t\t<div class=\"elementor-widget-wrap elementor-element-populated\">\n\t\t\t\t\t\t<div class=\"elementor-element elementor-element-c67959d elementor-widget elementor-widget-text-editor\" data-id=\"c67959d\" data-element_type=\"widget\" data-e-type=\"widget\" data-widget_type=\"text-editor.default\">\n\t\t\t\t<div class=\"elementor-widget-container\">\n\t\t\t\t\t\t\t\t\t<p><span style=\"font-weight: 400;\">Die Expertengruppe Konjunkturprognosen erwartet f\u00fcr das Jahr 2023 eine Abschw\u00e4chung der Schweizer Konjunktur mit einem deutlich unterdurchschnittlichem Wirtschaftswachstum von 1,1% (Sportevent-bereinigt), teilte das Staatssekretariat f\u00fcr Wirtschaft (SECO) in seinem Bericht mit. Die Prognose basiert auf der Annahme, dass eine Energiemangellage mit Produktionsausf\u00e4llen auch im kommenden Winter 2023\/24 ausbleibt. Gleichzeitig wird erwartet, dass die Gas- und Strompreise im historischen Vergleich hoch bleiben.<\/span><\/p><p>\u00a0<\/p><h4><b>Der Abbau von Arbeitspl\u00e4tzen<\/b><\/h4><p><span style=\"font-weight: 400;\">Die j\u00fcngsten Stellenstreichungen sind ein Indiz daf\u00fcr, dass es f\u00fcr die Schweizer Wirtschaft im zweiten Halbjahr nicht gut aussieht. Der Geb\u00e4udezulieferer Arbonia, der rund 6300 Mitarbeiter besch\u00e4ftigt, baut bis zu 600 Stellen ab. Den Abbau von bis zu 900 Arbeitspl\u00e4tzen meldete der Spinnereimaschinenhersteller Rieter, der schon seit l\u00e4ngerem mit einer schwachen Nachfrage in der Textilindustrie k\u00e4mpfte. Das medizinische Unternehmen Idorsia hat nicht genug Mittel f\u00fcr geplante Investitionen aufgetrieben und will jetzt bis zu 500 Stellen streichen.<\/span><\/p><p><span style=\"font-weight: 400;\">Die Schweizer Industriefirmen sind stark exportorientiert. Sie bekommen zu sp\u00fcren, dass sich die Konjunktur in den wichtigsten Absatzm\u00e4rkten Europa, USA und China j\u00fcngst abgek\u00fchlt hat. Zudem wirken sich die Zinserh\u00f6hungen der Notenbanken \u00fcberall auf der Welt. Viele Abnehmer \u00fcberlegen sich, ob sie sich den Kauf einer teuren Maschine oder einen Neubau noch leisten k\u00f6nnen.<\/span><\/p><p>\u00a0<\/p><h4><b>Die Haushalte als Konjunkturst\u00fctzen<\/b><\/h4><p><span style=\"font-weight: 400;\">Erstaunlich gut h\u00e4lt sich hingegen der Privatkonsum in der Schweiz, der momentan die Konjunktur im Land st\u00fctzt. Die Menschen geben weiterhin viel Geld aus, die Ausgaben der Haushalte wachsen. Der Privatkonsum wird auch durch die starke Zuwanderung angetrieben \u2013 wenn mehr Menschen im Land sind, wird mehr ausgegeben. Dadurch wird auch der Dienstleistungssektor befl\u00fcgelt.<\/span><\/p><p><span style=\"font-weight: 400;\">Nach Expertengruppe Konjunkturprognose (SECO) d\u00fcrfte sich das BIP seitw\u00e4rts bewegen. Im Gesamtjahr k\u00f6nnte ein schwaches reale BIP-Wachstum von rund 1% resultieren \u2013 vor allem, weil der Jahresstart noch \u00fcberraschend stark war. Konjunkturbeobachter erwarten zwar keine Rezession, aber auch keine gro\u00dfen Wachstumsimpulse.<\/span><\/p>\t\t\t\t\t\t\t\t<\/div>\n\t\t\t\t<\/div>\n\t\t\t\t\t<\/div>\n\t\t<\/div>\n\t\t\t\t\t<\/div>\n\t\t<\/section>\n\t\t\t\t<\/div>","protected":false},"excerpt":{"rendered":"<p>Noch im vergangenen Jahr ging es den meisten Schweizer Industrieunternehmen gl\u00e4nzend. Die Wirtschaft ist st\u00e4rker gewachsen als berechnet, das reale Bruttoinlandsprodukt (BIP) stieg laut der volkswirtschaftlichen Gesamtrechnung um 2,6%. Dieses Jahr wird jedoch schwieriger.<\/p>","protected":false},"author":13,"featured_media":19964,"comment_status":"closed","ping_status":"closed","sticky":false,"template":"","format":"standard","meta":{"inline_featured_image":false,"cybocfi_hide_featured_image":"","two_page_speed":[],"footnotes":""},"categories":[184,62,55,73,85],"tags":[489],"class_list":["post-19963","post","type-post","status-publish","format-standard","has-post-thumbnail","hentry","category-all-insights","category-analysis","category-economic-outlook","category-explore-by-topic","category-switzerland","tag-swiss-economy"],"_links":{"self":[{"href":"https:\/\/altoo.io\/de\/wp-json\/wp\/v2\/posts\/19963","targetHints":{"allow":["GET"]}}],"collection":[{"href":"https:\/\/altoo.io\/de\/wp-json\/wp\/v2\/posts"}],"about":[{"href":"https:\/\/altoo.io\/de\/wp-json\/wp\/v2\/types\/post"}],"author":[{"embeddable":true,"href":"https:\/\/altoo.io\/de\/wp-json\/wp\/v2\/users\/13"}],"replies":[{"embeddable":true,"href":"https:\/\/altoo.io\/de\/wp-json\/wp\/v2\/comments?post=19963"}],"version-history":[{"count":6,"href":"https:\/\/altoo.io\/de\/wp-json\/wp\/v2\/posts\/19963\/revisions"}],"predecessor-version":[{"id":19993,"href":"https:\/\/altoo.io\/de\/wp-json\/wp\/v2\/posts\/19963\/revisions\/19993"}],"wp:featuredmedia":[{"embeddable":true,"href":"https:\/\/altoo.io\/de\/wp-json\/wp\/v2\/media\/19964"}],"wp:attachment":[{"href":"https:\/\/altoo.io\/de\/wp-json\/wp\/v2\/media?parent=19963"}],"wp:term":[{"taxonomy":"category","embeddable":true,"href":"https:\/\/altoo.io\/de\/wp-json\/wp\/v2\/categories?post=19963"},{"taxonomy":"post_tag","embeddable":true,"href":"https:\/\/altoo.io\/de\/wp-json\/wp\/v2\/tags?post=19963"}],"curies":[{"name":"wp","href":"https:\/\/api.w.org\/{rel}","templated":true}]}}