{"id":19319,"date":"2023-08-31T10:00:22","date_gmt":"2023-08-31T08:00:22","guid":{"rendered":"https:\/\/altoo.io\/?p=19319"},"modified":"2023-09-04T10:08:10","modified_gmt":"2023-09-04T08:08:10","slug":"was-man-uber-die-schweizer-finanzministerin-karin-keller-sutter-wissen-sollte","status":"publish","type":"post","link":"https:\/\/altoo.io\/de\/what-to-know-about-the-swiss-finance-minister-karin-keller-sutter\/","title":{"rendered":"Was man \u00fcber die Schweizer Finanzministerin Karin Keller-Sutter wissen sollte"},"content":{"rendered":"<div data-elementor-type=\"wp-post\" data-elementor-id=\"19319\" class=\"elementor elementor-19319\" data-elementor-post-type=\"post\">\n\t\t\t\t\t\t<section class=\"elementor-section elementor-top-section elementor-element elementor-element-1d01741 elementor-section-boxed elementor-section-height-default elementor-section-height-default\" data-id=\"1d01741\" data-element_type=\"section\" data-e-type=\"section\">\n\t\t\t\t\t\t<div class=\"elementor-container elementor-column-gap-default\">\n\t\t\t\t\t<div class=\"elementor-column elementor-col-100 elementor-top-column elementor-element elementor-element-4c64b3b\" data-id=\"4c64b3b\" data-element_type=\"column\" data-e-type=\"column\">\n\t\t\t<div class=\"elementor-widget-wrap elementor-element-populated\">\n\t\t\t\t\t\t<div class=\"elementor-element elementor-element-84b9c95 elementor-widget elementor-widget-image\" data-id=\"84b9c95\" data-element_type=\"widget\" data-e-type=\"widget\" data-widget_type=\"image.default\">\n\t\t\t\t<div class=\"elementor-widget-container\">\n\t\t\t\t\t\t\t\t\t\t\t\t\t\t\t<img fetchpriority=\"high\" decoding=\"async\" width=\"800\" height=\"418\" src=\"https:\/\/altoo.io\/live01\/wp-content\/uploads\/2023\/08\/keller-sutter-1-1024x535.jpg\" class=\"attachment-large size-large wp-image-19825\" alt=\"\" srcset=\"https:\/\/altoo.io\/live01\/wp-content\/uploads\/2023\/08\/keller-sutter-1-1024x535.jpg 1024w, https:\/\/altoo.io\/live01\/wp-content\/uploads\/2023\/08\/keller-sutter-1-300x157.jpg 300w, https:\/\/altoo.io\/live01\/wp-content\/uploads\/2023\/08\/keller-sutter-1-768x401.jpg 768w, https:\/\/altoo.io\/live01\/wp-content\/uploads\/2023\/08\/keller-sutter-1-18x9.jpg 18w, https:\/\/altoo.io\/live01\/wp-content\/uploads\/2023\/08\/keller-sutter-1.jpg 1200w\" sizes=\"(max-width: 800px) 100vw, 800px\" \/>\t\t\t\t\t\t\t\t\t\t\t\t\t\t\t<\/div>\n\t\t\t\t<\/div>\n\t\t\t\t<div class=\"elementor-element elementor-element-0fe530e elementor-widget elementor-widget-text-editor\" data-id=\"0fe530e\" data-element_type=\"widget\" data-e-type=\"widget\" data-widget_type=\"text-editor.default\">\n\t\t\t\t<div class=\"elementor-widget-container\">\n\t\t\t\t\t\t\t\t\t<h4><b>Einstieg in die Politik<\/b><\/h4><p><span style=\"font-weight: 400;\">Karin Keller-Sutter begann ihre politische Karriere 1992 mit der Wahl in den Stadtrat von Wil. 1996 wurde sie in den St. Galler Kantonsrat gew\u00e4hlt und ab 2000 leitete sie das Justiz- und Sicherheitsdepartement in der St. Galler Kantonsverwaltung. 2011 wurde Karin Keller-Sutter als Vertreterin des Kantons St. Gallen in den St\u00e4nderat gew\u00e4hlt, wo sie schliesslich 2017-18 als Pr\u00e4sidentin amtete. Karin Keller-Sutter ist zudem in zahlreichen Gremien und Hilfsorganisationen aktiv. Seit Anfang 2023 ist Keller-Sutter Direktorin des Eidgen\u00f6ssischen Finanzdepartements (EFD).<\/span><\/p><p><span style=\"font-weight: 400;\">Einen Monat nach ihrem Amtsantritt im Schweizer Finanzministerium fand sich Karin Keller-Sutter inmitten der schlimmsten Finanzkrise der Schweiz seit \u00fcber zehn Jahren wieder.<\/span><\/p><p><span style=\"font-weight: 400;\">Schnell zog sie den Zorn eines Teils der fassungslosen Schweizer Bev\u00f6lkerung auf sich. Die Credit Suisse sollte mit Hilfe von Milliarden von Steuergeldern und der Nationalbank von der Konkurrentin UBS \u00fcbernommen werden. Doch wie kam es dazu?<\/span><\/p><p>\u00a0<\/p><h4><b>Die Verschlechterung der Credit Suisse<\/b><\/h4><p><span style=\"font-weight: 400;\">Seit ihrer Gr\u00fcndung im Jahr 1856 ist die Credit Suisse ein fester Bestandteil der prosperierenden Schweizer Wirtschaft. Sie half bei der Finanzierung des Eisenbahnbaus sowie bei der Finanzierung von Unternehmen, die sich inzwischen zu wirtschaftlichen Schwergewichten entwickelt haben. Das nach der UBS zweitgr\u00f6sste Finanzinstitut der Schweiz wird seit einigen Jahren von Skandalen geplagt. Zusammen mit Goldman Sachs, JPMorgan Chase, BNP Paribas und der Deutschen Bank steht sie auf der Liste des International Financial Stability Board (FSB) der 30 weltweit wichtigsten systemrelevanten Banken. Die Credit Suisse hat jedoch eine Reihe von Fehlern und Skandalen erlebt. Bevor sie Konkurs anmeldete, hatte die Bank einem prominenten Hedgefonds ein Darlehen gew\u00e4hrt. Die Schweizer Finanzaufsichtsbeh\u00f6rde warf ihr ein ineffizientes Risikomanagement im Zusammenhang mit der bankrotten Greensill-Gruppe vor.<\/span><\/p><p><span style=\"font-weight: 400;\">Im vergangenen Jahr wurden dadurch Kundengelder in H\u00f6he von 120 Milliarden Franken abgezogen. Nicht nur dadurch ist die Situation entstanden.<\/span><\/p><p><span style=\"font-weight: 400;\">Es wird vermutet, dass Keller-Sutters Aufwachsen in einem famili\u00e4r gef\u00fchrten Restaurant dazu beigetragen hat, ihr eine Wertsch\u00e4tzung f\u00fcr harte Arbeit und Disziplin zu vermitteln. Sie verbinde Finanzwissen mit dem Verst\u00e4ndnis f\u00fcr die Schwierigkeiten von Unternehmen, sagte Etienne Jornod, Chef des NZZ-Medienhauses. Deshalb konnte sie die Credit Suisse aus der Finanzkrise retten und diesen Bankfall festigen.<\/span><\/p>\t\t\t\t\t\t\t\t<\/div>\n\t\t\t\t<\/div>\n\t\t\t\t\t<\/div>\n\t\t<\/div>\n\t\t\t\t\t<\/div>\n\t\t<\/section>\n\t\t\t\t<\/div>","protected":false},"excerpt":{"rendered":"<p>Karin Keller-Sutter, die Finanzministerin, die f\u00fcr die Fusion der beiden Schweizer Gro\u00dfbanken UBS und Credit Suisse und damit f\u00fcr eine der bedeutendsten Finanzentscheidungen des letzten Jahrzehnts in Europa verantwortlich ist, wird f\u00fcr diese Fusion verantwortlich gemacht. Schauen wir uns nun die Frau an, die f\u00fcr diese Entscheidungen verantwortlich ist.<\/p>","protected":false},"author":13,"featured_media":19321,"comment_status":"closed","ping_status":"closed","sticky":false,"template":"","format":"standard","meta":{"inline_featured_image":false,"cybocfi_hide_featured_image":"","two_page_speed":[],"footnotes":""},"categories":[184,73,85],"tags":[509],"class_list":["post-19319","post","type-post","status-publish","format-standard","has-post-thumbnail","hentry","category-all-insights","category-explore-by-topic","category-switzerland","tag-karin-keller-sutter"],"_links":{"self":[{"href":"https:\/\/altoo.io\/de\/wp-json\/wp\/v2\/posts\/19319","targetHints":{"allow":["GET"]}}],"collection":[{"href":"https:\/\/altoo.io\/de\/wp-json\/wp\/v2\/posts"}],"about":[{"href":"https:\/\/altoo.io\/de\/wp-json\/wp\/v2\/types\/post"}],"author":[{"embeddable":true,"href":"https:\/\/altoo.io\/de\/wp-json\/wp\/v2\/users\/13"}],"replies":[{"embeddable":true,"href":"https:\/\/altoo.io\/de\/wp-json\/wp\/v2\/comments?post=19319"}],"version-history":[{"count":10,"href":"https:\/\/altoo.io\/de\/wp-json\/wp\/v2\/posts\/19319\/revisions"}],"predecessor-version":[{"id":19829,"href":"https:\/\/altoo.io\/de\/wp-json\/wp\/v2\/posts\/19319\/revisions\/19829"}],"wp:featuredmedia":[{"embeddable":true,"href":"https:\/\/altoo.io\/de\/wp-json\/wp\/v2\/media\/19321"}],"wp:attachment":[{"href":"https:\/\/altoo.io\/de\/wp-json\/wp\/v2\/media?parent=19319"}],"wp:term":[{"taxonomy":"category","embeddable":true,"href":"https:\/\/altoo.io\/de\/wp-json\/wp\/v2\/categories?post=19319"},{"taxonomy":"post_tag","embeddable":true,"href":"https:\/\/altoo.io\/de\/wp-json\/wp\/v2\/tags?post=19319"}],"curies":[{"name":"wp","href":"https:\/\/api.w.org\/{rel}","templated":true}]}}