{"id":19101,"date":"2023-08-30T10:00:21","date_gmt":"2023-08-30T08:00:21","guid":{"rendered":"https:\/\/altoo.io\/?p=19101"},"modified":"2026-02-09T11:36:03","modified_gmt":"2026-02-09T10:36:03","slug":"die-oecd-minimum-steuer-schafft-einen-wirbelwind-in-der-schweiz","status":"publish","type":"post","link":"https:\/\/altoo.io\/de\/the-oecd-minimum-tax-creates-a-whirlwind-in-switzerland\/","title":{"rendered":"Die OECD-Mindeststeuer sorgt in der Schweiz f\u00fcr Wirbelwinde"},"content":{"rendered":"<div data-elementor-type=\"wp-post\" data-elementor-id=\"19101\" class=\"elementor elementor-19101\" data-elementor-post-type=\"post\">\n\t\t\t\t\t\t<section class=\"elementor-section elementor-top-section elementor-element elementor-element-fdbb363 elementor-section-boxed elementor-section-height-default elementor-section-height-default\" data-id=\"fdbb363\" data-element_type=\"section\" data-e-type=\"section\">\n\t\t\t\t\t\t<div class=\"elementor-container elementor-column-gap-default\">\n\t\t\t\t\t<div class=\"elementor-column elementor-col-100 elementor-top-column elementor-element elementor-element-d782d76\" data-id=\"d782d76\" data-element_type=\"column\" data-e-type=\"column\">\n\t\t\t<div class=\"elementor-widget-wrap elementor-element-populated\">\n\t\t\t\t\t\t<div class=\"elementor-element elementor-element-38a1eec elementor-widget elementor-widget-text-editor\" data-id=\"38a1eec\" data-element_type=\"widget\" data-e-type=\"widget\" data-widget_type=\"text-editor.default\">\n\t\t\t\t<div class=\"elementor-widget-container\">\n\t\t\t\t\t\t\t\t\t<p><span style=\"font-weight: 400;\">Vor allem der Kanton Zug meldet sich zu Wort. In der Werbung um internationale Konzerne verliert er durch die OECD-Mindeststeuer an Attraktivit\u00e4t. Bisher mussten die hier angesiedelten Unternehmen nur etwa die H\u00e4lfte dessen zahlen, was in anderen Kantonen an Steuern verlangt wird. Die lokale Steuerbelastung liegt deutlich unter der OECD-Mindeststeuer.<\/span><\/p><p><span style=\"font-weight: 400;\">Der Kanton soll von zus\u00e4tzlichen Einnahmen profitieren, die das Vorgehen der OECD kompensieren sollen. Doch Zug - und auch Basel-Stadt, das nach Zug am meisten Geld erhalten soll - darf nicht alles behalten. Gem\u00e4ss Abstimmungsvorlage geht ein Viertel an den Bund, drei Viertel verbleiben bei den Kantonen. Die beiden Kantone \u00fcberlegen sich bereits, wie sie ihre Attraktivit\u00e4t erhalten k\u00f6nnen. Auch eine weitere Steuersenkung ist im Gespr\u00e4ch.<\/span><\/p><p>\u00a0<\/p><p><img fetchpriority=\"high\" decoding=\"async\" class=\"size-full wp-image-19102 aligncenter\" src=\"https:\/\/altoo.io\/live01\/wp-content\/uploads\/2023\/08\/cantons.jpg\" alt=\"\" width=\"800\" height=\"577\" srcset=\"https:\/\/altoo.io\/live01\/wp-content\/uploads\/2023\/08\/cantons.jpg 800w, https:\/\/altoo.io\/live01\/wp-content\/uploads\/2023\/08\/cantons-300x216.jpg 300w, https:\/\/altoo.io\/live01\/wp-content\/uploads\/2023\/08\/cantons-768x554.jpg 768w, https:\/\/altoo.io\/live01\/wp-content\/uploads\/2023\/08\/cantons-18x12.jpg 18w\" sizes=\"(max-width: 800px) 100vw, 800px\" \/><\/p><p>\u00a0<\/p><h4><b>Der Fall Zug<\/b><\/h4><p><span style=\"font-weight: 400;\">Laut NZZ warnte der Finanzdirektor des Kantons Z\u00fcrich und gleichzeitige Regierungsrat Ernst Stocker bei einem Medienauftritt deutlich vor m\u00f6glichen Zuger Steuersenkungspl\u00e4nen. Die Debatte im Bundesparlament \u00fcber den OECD-Vorschlag hat gezeigt, dass die Mehrheit nicht will, dass die Unterschiede im Steuerwettbewerb noch gr\u00f6sser werden. \"Ich bin \u00fcberzeugt, dass sich der Finanzausgleich dadurch r\u00e4chen wird\", sagte Stocker.<\/span><\/p><p><img decoding=\"async\" class=\"size-full wp-image-19103 aligncenter\" src=\"https:\/\/altoo.io\/live01\/wp-content\/uploads\/2023\/08\/Zug-1.jpg\" alt=\"\" width=\"800\" height=\"530\" srcset=\"https:\/\/altoo.io\/live01\/wp-content\/uploads\/2023\/08\/Zug-1.jpg 800w, https:\/\/altoo.io\/live01\/wp-content\/uploads\/2023\/08\/Zug-1-300x199.jpg 300w, https:\/\/altoo.io\/live01\/wp-content\/uploads\/2023\/08\/Zug-1-768x509.jpg 768w, https:\/\/altoo.io\/live01\/wp-content\/uploads\/2023\/08\/Zug-1-18x12.jpg 18w\" sizes=\"(max-width: 800px) 100vw, 800px\" \/><\/p><p><span style=\"font-weight: 400;\">Wenn Zug f\u00fcr Spitzenverdiener steuerlich noch attraktiver w\u00fcrde, k\u00f6nnte der grosse Kanton Z\u00fcrich verlieren. Der Steuerwettbewerb kann aber auch zu traurigen Erfahrungen f\u00fchren: In Schwyz, dem Kanton mit der zweith\u00f6chsten Finanzkraft nach Zug, wurden in den letzten zehn Jahren gewisse Dividenden vor\u00fcbergehend so tief besteuert, dass sie zu einem Verlustgesch\u00e4ft wurden. Der Kanton zog zwar mehr Investitionen an, musste aber mehr an den Nationalen Finanzausgleich (NFA) abf\u00fchren, als er einnahm. Gem\u00e4ss einem Gutachten hat Schwyz zudem mehr Geld durch den NFA verloren als durch zus\u00e4tzliche Steuern.<\/span><\/p><p>\u00a0<\/p><h4><b>M\u00f6gliche Szenarien<\/b><\/h4><p><span style=\"font-weight: 400;\">Es gibt mehrere M\u00f6glichkeiten, das Steuerr\u00e4tsel zu l\u00f6sen. Eine M\u00f6glichkeit besteht darin, die Steuerpolitik von den Unternehmen auf die Haushalte zu verlagern. In diesem speziellen Fall k\u00f6nnten die Kantone die Mehreinnahmen der Konzerne nutzen, um die Steuern f\u00fcr hohe Einkommen auf andere Weise zu senken. Eine andere M\u00f6glichkeit wird nach dem Vorbild anderer OECD-L\u00e4nder diskutiert: Die Zahlung von Subventionen an Unternehmen wird zur F\u00f6rderung von Forschung und Innovation oder von Investitionen in den Umweltschutz eingesetzt. Ein Thema sind h\u00f6here Ausgaben f\u00fcr Kinderbetreuung oder internationale Schulen.<\/span><\/p><p><img decoding=\"async\" class=\"alignnone size-full wp-image-19105\" src=\"https:\/\/altoo.io\/live01\/wp-content\/uploads\/2023\/08\/Lucerne.jpg\" alt=\"\" width=\"800\" height=\"406\" srcset=\"https:\/\/altoo.io\/live01\/wp-content\/uploads\/2023\/08\/Lucerne.jpg 800w, https:\/\/altoo.io\/live01\/wp-content\/uploads\/2023\/08\/Lucerne-300x152.jpg 300w, https:\/\/altoo.io\/live01\/wp-content\/uploads\/2023\/08\/Lucerne-768x390.jpg 768w, https:\/\/altoo.io\/live01\/wp-content\/uploads\/2023\/08\/Lucerne-18x9.jpg 18w\" sizes=\"(max-width: 800px) 100vw, 800px\" \/><\/p><p><span style=\"font-weight: 400;\">Im Kanton Luzern will die Regierung die Unternehmen unter anderem explizit von der Kapitalsteuer und den Einnahmen aus Patenten durch die Mindeststeuer entlasten. Aber auch hier soll nicht der gesamte Ertrag aus der Mindeststeuer in Steuersenkungen fliessen.<\/span><\/p><p><img loading=\"lazy\" decoding=\"async\" class=\"alignnone size-full wp-image-19104\" src=\"https:\/\/altoo.io\/live01\/wp-content\/uploads\/2023\/08\/Neuenburg.jpg\" alt=\"\" width=\"800\" height=\"534\" srcset=\"https:\/\/altoo.io\/live01\/wp-content\/uploads\/2023\/08\/Neuenburg.jpg 800w, https:\/\/altoo.io\/live01\/wp-content\/uploads\/2023\/08\/Neuenburg-300x200.jpg 300w, https:\/\/altoo.io\/live01\/wp-content\/uploads\/2023\/08\/Neuenburg-768x513.jpg 768w, https:\/\/altoo.io\/live01\/wp-content\/uploads\/2023\/08\/Neuenburg-18x12.jpg 18w\" sizes=\"(max-width: 800px) 100vw, 800px\" \/><\/p><p><span style=\"font-weight: 400;\">Der Kanton Neuenburg ist ein interessanter Steuerfall. F\u00fcr Privatpersonen ist er nicht erschwinglich, aber f\u00fcr Unternehmen ist er relativ attraktiv. Auch gr\u00f6ssere internationale Konzerne haben hier ihren Sitz. Nach der Einf\u00fchrung der OECD-Minimalsteuer d\u00fcrfte Neuenburg zu den Kantonen mit den h\u00f6chsten \u00dcberschusseink\u00fcnften geh\u00f6ren. Vor kurzem wurde jedoch auf autonomer Basis beschlossen, die Unternehmenssteuern zu erh\u00f6hen. Der Steuersatz h\u00e4ngt von der H\u00f6he des Gewinns ab. Konkret bedeutet dies, dass die Belastung f\u00fcr grosse Unternehmen m\u00f6glichst genau den Anforderungen der OECD entsprechen soll. Gleichzeitig soll verhindert werden, dass kleine oder rein inl\u00e4ndische Unternehmen, die nicht unter die OECD-Regeln fallen, mehr zahlen m\u00fcssen.<\/span><\/p>\t\t\t\t\t\t\t\t<\/div>\n\t\t\t\t<\/div>\n\t\t\t\t\t<\/div>\n\t\t<\/div>\n\t\t\t\t\t<\/div>\n\t\t<\/section>\n\t\t\t\t<\/div>","protected":false},"excerpt":{"rendered":"<p>In einem relativ kleinen Land wie der Schweiz gibt es eine Vielzahl von Steuers\u00e4tzen. Sie sind von den einzelnen Kantonen abh\u00e4ngig. Die OECD-Mindeststeuer, die im Juni 2023 per Referendum angenommen wird, k\u00f6nnte jedoch zu einer unerw\u00fcnschten Versch\u00e4rfung des Steuerwettbewerbs innerhalb des Landes f\u00fchren.<\/p>","protected":false},"author":13,"featured_media":19106,"comment_status":"closed","ping_status":"closed","sticky":false,"template":"","format":"standard","meta":{"inline_featured_image":false,"cybocfi_hide_featured_image":"","two_page_speed":[],"footnotes":""},"categories":[184,73,85],"tags":[505,205,1162],"class_list":["post-19101","post","type-post","status-publish","format-standard","has-post-thumbnail","hentry","category-all-insights","category-explore-by-topic","category-switzerland","tag-oecd","tag-switzerland","tag-wealth-hubs"],"_links":{"self":[{"href":"https:\/\/altoo.io\/de\/wp-json\/wp\/v2\/posts\/19101","targetHints":{"allow":["GET"]}}],"collection":[{"href":"https:\/\/altoo.io\/de\/wp-json\/wp\/v2\/posts"}],"about":[{"href":"https:\/\/altoo.io\/de\/wp-json\/wp\/v2\/types\/post"}],"author":[{"embeddable":true,"href":"https:\/\/altoo.io\/de\/wp-json\/wp\/v2\/users\/13"}],"replies":[{"embeddable":true,"href":"https:\/\/altoo.io\/de\/wp-json\/wp\/v2\/comments?post=19101"}],"version-history":[{"count":6,"href":"https:\/\/altoo.io\/de\/wp-json\/wp\/v2\/posts\/19101\/revisions"}],"predecessor-version":[{"id":19428,"href":"https:\/\/altoo.io\/de\/wp-json\/wp\/v2\/posts\/19101\/revisions\/19428"}],"wp:featuredmedia":[{"embeddable":true,"href":"https:\/\/altoo.io\/de\/wp-json\/wp\/v2\/media\/19106"}],"wp:attachment":[{"href":"https:\/\/altoo.io\/de\/wp-json\/wp\/v2\/media?parent=19101"}],"wp:term":[{"taxonomy":"category","embeddable":true,"href":"https:\/\/altoo.io\/de\/wp-json\/wp\/v2\/categories?post=19101"},{"taxonomy":"post_tag","embeddable":true,"href":"https:\/\/altoo.io\/de\/wp-json\/wp\/v2\/tags?post=19101"}],"curies":[{"name":"wp","href":"https:\/\/api.w.org\/{rel}","templated":true}]}}