{"id":19011,"date":"2023-08-29T10:00:58","date_gmt":"2023-08-29T08:00:58","guid":{"rendered":"https:\/\/altoo.io\/?p=19011"},"modified":"2023-08-29T07:16:47","modified_gmt":"2023-08-29T05:16:47","slug":"zug-an-der-spitze-der-attraktivsten-kantone","status":"publish","type":"post","link":"https:\/\/altoo.io\/de\/zug-at-the-top-of-the-most-attractive-cantons\/","title":{"rendered":"Zug an der Spitze der attraktivsten Kantone"},"content":{"rendered":"<div data-elementor-type=\"wp-post\" data-elementor-id=\"19011\" class=\"elementor elementor-19011\" data-elementor-post-type=\"post\">\n\t\t\t\t\t\t<section class=\"elementor-section elementor-top-section elementor-element elementor-element-b0be595 elementor-section-boxed elementor-section-height-default elementor-section-height-default\" data-id=\"b0be595\" data-element_type=\"section\" data-e-type=\"section\">\n\t\t\t\t\t\t<div class=\"elementor-container elementor-column-gap-default\">\n\t\t\t\t\t<div class=\"elementor-column elementor-col-100 elementor-top-column elementor-element elementor-element-742c5a5\" data-id=\"742c5a5\" data-element_type=\"column\" data-e-type=\"column\">\n\t\t\t<div class=\"elementor-widget-wrap elementor-element-populated\">\n\t\t\t\t\t\t<div class=\"elementor-element elementor-element-a29bac5 elementor-widget elementor-widget-text-editor\" data-id=\"a29bac5\" data-element_type=\"widget\" data-e-type=\"widget\" data-widget_type=\"text-editor.default\">\n\t\t\t\t<div class=\"elementor-widget-container\">\n\t\t\t\t\t\t\t\t\t<p><span style=\"font-weight: 400;\">Seit 2014 bewertet die Credit Suisse (CS) die Wettbewerbsf\u00e4higkeit der Kantone. Das Ranking zeigt, welche Kantone wirtschaftlich am erfolgreichsten sind. An der Spitze des Rankings stehen auch 2020 unver\u00e4ndert die Kantone Zug, Basel-Stadt und Z\u00fcrich. Sehr wettbewerbsf\u00e4hig sind die folgenden Regionen: Nidwalden, Schwyz, Aargau und der Kanton Luzern. Auch dort bleibt es attraktiv, ein Unternehmen zu gr\u00fcnden.<\/span><\/p><p><span style=\"font-weight: 400;\">Die Kantone in der Nordwestschweiz w\u00fcrden sich gegenseitig beg\u00fcnstigen. Argau, Basel, Zug und Z\u00fcrich k\u00f6nnten als die Wachstumsmotoren der Schweiz bezeichnet werden. Am anderen Ende der Rangliste stehen die Bergkantone Graub\u00fcnden, Wallis und Jura, die selten als wirtschaftsfreundlich bezeichnet werden. Zu ihnen geh\u00f6ren Schaffhausen, Basel-Landschaft und Thurgau mit soliden Wachstumsaussichten.<\/span><\/p>\t\t\t\t\t\t\t\t<\/div>\n\t\t\t\t<\/div>\n\t\t\t\t<div class=\"elementor-element elementor-element-22f4121 elementor-widget elementor-widget-image\" data-id=\"22f4121\" data-element_type=\"widget\" data-e-type=\"widget\" data-widget_type=\"image.default\">\n\t\t\t\t<div class=\"elementor-widget-container\">\n\t\t\t\t\t\t\t\t\t\t\t\t\t\t\t<img fetchpriority=\"high\" decoding=\"async\" width=\"800\" height=\"571\" src=\"https:\/\/altoo.io\/live01\/wp-content\/uploads\/2023\/08\/zug-map-pic.jpg\" class=\"attachment-large size-large wp-image-19014\" alt=\"\" srcset=\"https:\/\/altoo.io\/live01\/wp-content\/uploads\/2023\/08\/zug-map-pic.jpg 800w, https:\/\/altoo.io\/live01\/wp-content\/uploads\/2023\/08\/zug-map-pic-300x214.jpg 300w, https:\/\/altoo.io\/live01\/wp-content\/uploads\/2023\/08\/zug-map-pic-768x548.jpg 768w, https:\/\/altoo.io\/live01\/wp-content\/uploads\/2023\/08\/zug-map-pic-18x12.jpg 18w\" sizes=\"(max-width: 800px) 100vw, 800px\" \/>\t\t\t\t\t\t\t\t\t\t\t\t\t\t\t<\/div>\n\t\t\t\t<\/div>\n\t\t\t\t<div class=\"elementor-element elementor-element-a7efc82 elementor-widget elementor-widget-text-editor\" data-id=\"a7efc82\" data-element_type=\"widget\" data-e-type=\"widget\" data-widget_type=\"text-editor.default\">\n\t\t\t\t<div class=\"elementor-widget-container\">\n\t\t\t\t\t\t\t\t\t<h4>\u00a0<\/h4><h4><b>Steuerpolitik als Schl\u00fcssel zum Erfolg<\/b><\/h4><p><span style=\"font-weight: 400;\">Wer sich f\u00fcr die Schweiz als Niederlassungsort entscheidet, hat die Wahl zwischen 26 Kantonen. Zu den Kriterien, die Investoren bevorzugen, geh\u00f6rt die vorhandene Infrastruktur (z.B. kurze Wege f\u00fcr Mitarbeiter oder die Verf\u00fcgbarkeit des n\u00e4chsten Flughafens). Hinzu kommen die Verf\u00fcgbarkeit von geeigneten Fachkr\u00e4ften und nat\u00fcrlich die anfallende Steuerbelastung.<\/span><\/p><p><span style=\"font-weight: 400;\">Die Gr\u00fcnde f\u00fcr Ver\u00e4nderungen in der Rangliste (siehe Abbildung) sind vor allem in der Steuerpolitik der Kantone zu suchen. Denn diese kann schneller angepasst werden als beispielsweise die Verf\u00fcgbarkeit von gen\u00fcgend Arbeitskr\u00e4ften oder die Erreichbarkeit des Standorts, wie die CS erkl\u00e4rt. So haben beispielsweise die Kantone Schaffhausen und Schwyz die Steuern f\u00fcr nat\u00fcrliche Personen deutlich gesenkt. Einzelne Kantone, wie das Wallis und der Jura, haben im Rahmen der Unternehmenssteuerreform die Unternehmenssteuern gesenkt.<\/span><\/p><p><span style=\"font-weight: 400;\">Die traditionell starke Position des Kantons Zug ist auf die \u00fcberdurchschnittliche Reduktion bei allen untersuchten Kriterien zur\u00fcckzuf\u00fchren, insbesondere bei den Steuern und der Verf\u00fcgbarkeit von qualifizierten Arbeitskr\u00e4ften. Auch der Kanton Z\u00fcrich ist gut erschlossen, verf\u00fcgt \u00fcber hochqualifizierte Arbeitskr\u00e4fte und weist relativ gute Ergebnisse bei der Besteuerung nat\u00fcrlicher Personen auf. Im Jahr 2020 konnte sich der Kanton Genf dank einer starken Senkung der ordentlichen Einkommenssteuers\u00e4tze vom Mittelfeld auf Platz 4 verbessern.<\/span><\/p><p><span style=\"font-weight: 400;\">Wie die CS jedoch feststellt, haben sich die interkantonalen Steuerunterschiede in den letzten Jahren verringert. Dadurch verringert sich der relative Vorteil der tiefen Unternehmenssteuern. Einige Kantone senken ihre Unternehmenssteuern schrittweise \u00fcber mehrere Jahre, weshalb in den kommenden Jahren mit weiteren Ver\u00e4nderungen in der Rangliste zu rechnen ist. Um sich von der Konkurrenz abzuheben, wird es daher f\u00fcr die Kantone wichtiger, in die Verf\u00fcgbarkeit von Fachkr\u00e4ften und in die Infrastruktur zu investieren.<\/span><\/p>\t\t\t\t\t\t\t\t<\/div>\n\t\t\t\t<\/div>\n\t\t\t\t<div class=\"elementor-element elementor-element-e604bce elementor-widget elementor-widget-image\" data-id=\"e604bce\" data-element_type=\"widget\" data-e-type=\"widget\" data-widget_type=\"image.default\">\n\t\t\t\t<div class=\"elementor-widget-container\">\n\t\t\t\t\t\t\t\t\t\t\t\t\t\t\t<img decoding=\"async\" width=\"800\" height=\"867\" src=\"https:\/\/altoo.io\/live01\/wp-content\/uploads\/2023\/08\/CS_locational-quality-corporate-tax-reform-caused-shake-up.jpg\" class=\"attachment-large size-large wp-image-19018\" alt=\"\" srcset=\"https:\/\/altoo.io\/live01\/wp-content\/uploads\/2023\/08\/CS_locational-quality-corporate-tax-reform-caused-shake-up.jpg 800w, https:\/\/altoo.io\/live01\/wp-content\/uploads\/2023\/08\/CS_locational-quality-corporate-tax-reform-caused-shake-up-277x300.jpg 277w, https:\/\/altoo.io\/live01\/wp-content\/uploads\/2023\/08\/CS_locational-quality-corporate-tax-reform-caused-shake-up-768x832.jpg 768w, https:\/\/altoo.io\/live01\/wp-content\/uploads\/2023\/08\/CS_locational-quality-corporate-tax-reform-caused-shake-up-11x12.jpg 11w\" sizes=\"(max-width: 800px) 100vw, 800px\" \/>\t\t\t\t\t\t\t\t\t\t\t\t\t\t\t<\/div>\n\t\t\t\t<\/div>\n\t\t\t\t<div class=\"elementor-element elementor-element-576d884 elementor-widget elementor-widget-text-editor\" data-id=\"576d884\" data-element_type=\"widget\" data-e-type=\"widget\" data-widget_type=\"text-editor.default\">\n\t\t\t\t<div class=\"elementor-widget-container\">\n\t\t\t\t\t\t\t\t\t<em>Abbildung 1: Standortqualit\u00e4tsindikator, Ranking der Schweizer Kantone <\/em><br>\n<em>(1 = h\u00f6chste Standortqualit\u00e4t, 26 = niedrigste Standortqualit\u00e4t), 2014-2023<\/em><br>\n<em>Quelle: Credit Suisse<\/em>\t\t\t\t\t\t\t\t<\/div>\n\t\t\t\t<\/div>\n\t\t\t\t\t<\/div>\n\t\t<\/div>\n\t\t\t\t\t<\/div>\n\t\t<\/section>\n\t\t\t\t<section class=\"elementor-section elementor-top-section elementor-element elementor-element-956de2a elementor-section-boxed elementor-section-height-default elementor-section-height-default\" data-id=\"956de2a\" data-element_type=\"section\" data-e-type=\"section\">\n\t\t\t\t\t\t<div class=\"elementor-container elementor-column-gap-default\">\n\t\t\t\t\t<div class=\"elementor-column elementor-col-100 elementor-top-column elementor-element elementor-element-30f9589\" data-id=\"30f9589\" data-element_type=\"column\" data-e-type=\"column\">\n\t\t\t<div class=\"elementor-widget-wrap elementor-element-populated\">\n\t\t\t\t\t\t<div class=\"elementor-element elementor-element-d63fece elementor-widget elementor-widget-text-editor\" data-id=\"d63fece\" data-element_type=\"widget\" data-e-type=\"widget\" data-widget_type=\"text-editor.default\">\n\t\t\t\t<div class=\"elementor-widget-container\">\n\t\t\t\t\t\t\t\t\t<div class=\"mceTemp\">\u00a0<\/div><h4><b>OECD-Mindeststeuer angenommen<\/b><\/h4><p><span style=\"font-weight: 400;\">Die Steuerpolitik der Kantone sorgt nicht nur f\u00fcr gute Pl\u00e4tze im Ranking, sondern seit langem auch f\u00fcr Unruhe im Land. Gem\u00e4ss der Organisation f\u00fcr wirtschaftliche Zusammenarbeit und Entwicklung (OECD) und der Gruppe der zwanzig wichtigsten Industrie- und Schwellenl\u00e4nder (G20) ist die Besteuerung von grossen, international t\u00e4tigen Konzernen nicht mehr zeitgem\u00e4ss. Rund 140 L\u00e4nder, darunter auch die Schweiz, haben sich darauf geeinigt, dass diese Unternehmen mindestens 15% Steuern auf ihre Gewinne zahlen sollen. In der Schweiz werden diese 15% teilweise nicht erreicht. Aus diesem Grund haben Bundesrat und Parlament beschlossen, die Mindeststeuer einzuf\u00fchren. Im Juni 2023 hat das Volk beschlossen, diese in der Verfassung zu verankern.<\/span><\/p><p><span style=\"font-weight: 400;\">Es handelt sich um Unternehmen mit einem Jahresumsatz von mindestens 750 Millionen Euro. Einige hundert inl\u00e4ndische und einige tausend ausl\u00e4ndische Konzerne in der Schweiz treffen diese Entscheidung. Viele von ihnen lassen sich in den hoch besteuerten Kantonen nieder, die damit an Attraktivit\u00e4t verlieren. Unternehmen wandern ab oder siedeln sich erst gar nicht an.<\/span><\/p>\t\t\t\t\t\t\t\t<\/div>\n\t\t\t\t<\/div>\n\t\t\t\t\t<\/div>\n\t\t<\/div>\n\t\t\t\t\t<\/div>\n\t\t<\/section>\n\t\t\t\t<\/div>","protected":false},"excerpt":{"rendered":"<p>Welche Kriterien sind f\u00fcr einen Investor wichtig? Zug, Basel-Stadt und Z\u00fcrich bleiben die attraktivsten Kantone der Schweiz. Durch die Einf\u00fchrung der OECD-Mindeststeuer gibt es jedoch Ver\u00e4nderungen auf den unteren Pl\u00e4tzen der Rangliste.<\/p>","protected":false},"author":13,"featured_media":19012,"comment_status":"closed","ping_status":"closed","sticky":false,"template":"","format":"standard","meta":{"inline_featured_image":false,"cybocfi_hide_featured_image":"","two_page_speed":[],"footnotes":""},"categories":[184,86,73,88,85],"tags":[502],"class_list":["post-19011","post","type-post","status-publish","format-standard","has-post-thumbnail","hentry","category-all-insights","category-explore-by-entity","category-explore-by-topic","category-private-wealth-owners","category-switzerland","tag-zug"],"_links":{"self":[{"href":"https:\/\/altoo.io\/de\/wp-json\/wp\/v2\/posts\/19011","targetHints":{"allow":["GET"]}}],"collection":[{"href":"https:\/\/altoo.io\/de\/wp-json\/wp\/v2\/posts"}],"about":[{"href":"https:\/\/altoo.io\/de\/wp-json\/wp\/v2\/types\/post"}],"author":[{"embeddable":true,"href":"https:\/\/altoo.io\/de\/wp-json\/wp\/v2\/users\/13"}],"replies":[{"embeddable":true,"href":"https:\/\/altoo.io\/de\/wp-json\/wp\/v2\/comments?post=19011"}],"version-history":[{"count":34,"href":"https:\/\/altoo.io\/de\/wp-json\/wp\/v2\/posts\/19011\/revisions"}],"predecessor-version":[{"id":19087,"href":"https:\/\/altoo.io\/de\/wp-json\/wp\/v2\/posts\/19011\/revisions\/19087"}],"wp:featuredmedia":[{"embeddable":true,"href":"https:\/\/altoo.io\/de\/wp-json\/wp\/v2\/media\/19012"}],"wp:attachment":[{"href":"https:\/\/altoo.io\/de\/wp-json\/wp\/v2\/media?parent=19011"}],"wp:term":[{"taxonomy":"category","embeddable":true,"href":"https:\/\/altoo.io\/de\/wp-json\/wp\/v2\/categories?post=19011"},{"taxonomy":"post_tag","embeddable":true,"href":"https:\/\/altoo.io\/de\/wp-json\/wp\/v2\/tags?post=19011"}],"curies":[{"name":"wp","href":"https:\/\/api.w.org\/{rel}","templated":true}]}}