{"id":18565,"date":"2023-08-22T07:00:49","date_gmt":"2023-08-22T05:00:49","guid":{"rendered":"https:\/\/altoo.io\/?p=18565"},"modified":"2023-08-23T10:15:51","modified_gmt":"2023-08-23T08:15:51","slug":"altoo-ag-nimmt-heute-am-digital-summit-switzerland-in-zurich-teil","status":"publish","type":"post","link":"https:\/\/altoo.io\/de\/altoo-ag-joining-the-digital-summit-switzerland-in-zurich-today\/","title":{"rendered":"Altoo AG nimmt am Digital Summit Switzerland 2023 in Z\u00fcrich teil"},"content":{"rendered":"<div data-elementor-type=\"wp-post\" data-elementor-id=\"18565\" class=\"elementor elementor-18565\" data-elementor-post-type=\"post\">\n\t\t\t\t\t\t<section class=\"elementor-section elementor-top-section elementor-element elementor-element-fccbe67 elementor-section-boxed elementor-section-height-default elementor-section-height-default\" data-id=\"fccbe67\" data-element_type=\"section\" data-e-type=\"section\">\n\t\t\t\t\t\t<div class=\"elementor-container elementor-column-gap-default\">\n\t\t\t\t\t<div class=\"elementor-column elementor-col-100 elementor-top-column elementor-element elementor-element-6aabb0c\" data-id=\"6aabb0c\" data-element_type=\"column\" data-e-type=\"column\">\n\t\t\t<div class=\"elementor-widget-wrap elementor-element-populated\">\n\t\t\t\t\t\t<div class=\"elementor-element elementor-element-956b1e4 elementor-widget elementor-widget-text-editor\" data-id=\"956b1e4\" data-element_type=\"widget\" data-e-type=\"widget\" data-widget_type=\"text-editor.default\">\n\t\t\t\t<div class=\"elementor-widget-container\">\n\t\t\t\t\t\t\t\t\t<p>Im Gegensatz zu den vergangenen Jahren, in denen Datenschutz und Digitalisierung im Mittelpunkt standen, wird KI das \u00fcbergreifende Thema des Jahres 2023 sein. Da K\u00fcnstliche Intelligenz einen so gro\u00dfen Einfluss auf die digitale Verm\u00f6gensverwaltung hat, sind wir bei Altoo, dem Unternehmen, das die Altoo Wealth Management Plattform entwickelt hat, sehr daran interessiert, den Fortschritt der k\u00fcnstlichen Intelligenz zu diskutieren und voranzutreiben.\u00a0\u00a0<\/p><p>Die Atmosph\u00e4re der Veranstaltung ist lebhaft, und ein gro\u00dfartiger Vortrag von Thomas Schneider, stellvertretender Direktor des Bakom und Vorsitzender des Ausschusses f\u00fcr KI des Europarats, tr\u00e4gt zum innovativen Geist des Digitalgipfels bei.<\/p><p>Mit dabei sind unter anderem Sascha Zahnd, Pr\u00e4sident der Standortinitiative digitalswitzerland, Bernhard Ehrenzeller, Pr\u00e4sident der Universit\u00e4t St. Gallen, Ursula Nold, Pr\u00e4sidentin des Migros-Genossenschafts-Bundes, Michael Ringier, Pr\u00e4sident des Verwaltungsrates der Ringier AG, Nicole Burth, Leiterin Communication Services der Post CH AG und Roland Schell, CEO der Mercedes-Benz Schweiz AG.<\/p>\t\t\t\t\t\t\t\t<\/div>\n\t\t\t\t<\/div>\n\t\t\t\t\t<\/div>\n\t\t<\/div>\n\t\t\t\t\t<\/div>\n\t\t<\/section>\n\t\t\t\t<\/div>","protected":false},"excerpt":{"rendered":"<p>Wir nehmen am Fifth Digital Summit Switzerland 2023 teil, der in Z\u00fcrich stattfindet. <\/p>","protected":false},"author":13,"featured_media":18566,"comment_status":"closed","ping_status":"closed","sticky":false,"template":"","format":"standard","meta":{"inline_featured_image":false,"cybocfi_hide_featured_image":"","two_page_speed":[],"footnotes":""},"categories":[85,14],"tags":[473],"class_list":["post-18565","post","type-post","status-publish","format-standard","has-post-thumbnail","hentry","category-switzerland","category-news","tag-digital-summit"],"_links":{"self":[{"href":"https:\/\/altoo.io\/de\/wp-json\/wp\/v2\/posts\/18565","targetHints":{"allow":["GET"]}}],"collection":[{"href":"https:\/\/altoo.io\/de\/wp-json\/wp\/v2\/posts"}],"about":[{"href":"https:\/\/altoo.io\/de\/wp-json\/wp\/v2\/types\/post"}],"author":[{"embeddable":true,"href":"https:\/\/altoo.io\/de\/wp-json\/wp\/v2\/users\/13"}],"replies":[{"embeddable":true,"href":"https:\/\/altoo.io\/de\/wp-json\/wp\/v2\/comments?post=18565"}],"version-history":[{"count":24,"href":"https:\/\/altoo.io\/de\/wp-json\/wp\/v2\/posts\/18565\/revisions"}],"predecessor-version":[{"id":18789,"href":"https:\/\/altoo.io\/de\/wp-json\/wp\/v2\/posts\/18565\/revisions\/18789"}],"wp:featuredmedia":[{"embeddable":true,"href":"https:\/\/altoo.io\/de\/wp-json\/wp\/v2\/media\/18566"}],"wp:attachment":[{"href":"https:\/\/altoo.io\/de\/wp-json\/wp\/v2\/media?parent=18565"}],"wp:term":[{"taxonomy":"category","embeddable":true,"href":"https:\/\/altoo.io\/de\/wp-json\/wp\/v2\/categories?post=18565"},{"taxonomy":"post_tag","embeddable":true,"href":"https:\/\/altoo.io\/de\/wp-json\/wp\/v2\/tags?post=18565"}],"curies":[{"name":"wp","href":"https:\/\/api.w.org\/{rel}","templated":true}]}}