{"id":17239,"date":"2023-08-09T10:00:36","date_gmt":"2023-08-09T08:00:36","guid":{"rendered":"https:\/\/altoo.io\/?p=17239"},"modified":"2023-08-08T23:03:54","modified_gmt":"2023-08-08T21:03:54","slug":"susanne-klatten-eine-schone-frau","status":"publish","type":"post","link":"https:\/\/altoo.io\/de\/susanne-klatten-a-fair-woman\/","title":{"rendered":"Susanne Klatten, eine mutige Frau"},"content":{"rendered":"<div data-elementor-type=\"wp-post\" data-elementor-id=\"17239\" class=\"elementor elementor-17239\" data-elementor-post-type=\"post\">\n\t\t\t\t\t\t<section class=\"elementor-section elementor-top-section elementor-element elementor-element-680b316 elementor-section-boxed elementor-section-height-default elementor-section-height-default\" data-id=\"680b316\" data-element_type=\"section\" data-e-type=\"section\">\n\t\t\t\t\t\t<div class=\"elementor-container elementor-column-gap-default\">\n\t\t\t\t\t<div class=\"elementor-column elementor-col-100 elementor-top-column elementor-element elementor-element-9c4f047\" data-id=\"9c4f047\" data-element_type=\"column\" data-e-type=\"column\">\n\t\t\t<div class=\"elementor-widget-wrap elementor-element-populated\">\n\t\t\t\t\t\t<div class=\"elementor-element elementor-element-f9ccbae elementor-widget elementor-widget-text-editor\" data-id=\"f9ccbae\" data-element_type=\"widget\" data-e-type=\"widget\" data-widget_type=\"text-editor.default\">\n\t\t\t\t<div class=\"elementor-widget-container\">\n\t\t\t\t\t\t\t\t\t<h4><b>Lange Familiengeschichte<\/b><\/h4><p><span style=\"font-weight: 400;\">Die Familie Quandt hat ihren Ursprung im sp\u00e4ten 19. Jahrhundert, als Emil Quandt ein prosperierendes Textilunternehmen gr\u00fcndete. Vor dem Ersten Weltkrieg \u00fcbernahm sein Sohn Gunther Quandt das Unternehmen. Durch die Belieferung der deutschen Armee mit Uniformen und weiteren Textilien verdiente er eine beachtliche Summe, die er wiederum in den Kauf von Unternehmen und Unternehmensanteilen investierte. Neben dem Kauf des Batterieherstellers Varta erwarb er auch Anteile an erstklassigen Unternehmen wie BMW und Daimler-Benz.<\/span><\/p><p><span style=\"font-weight: 400;\">Im Zusammenhang mit der Quandt Familie werden h\u00e4ufig zwei goldene Regeln erw\u00e4hnt, die sich die Familie f\u00fcr sich definierte. Zum einen muss das Familiengesch\u00e4ft immer wachsen und zum anderen muss das Unternehmen immer in der Familie bleiben.<\/span><\/p><h4><b>Aufstieg zur reichsten Frau Deutschlands<\/b><\/h4><p><span style=\"font-weight: 400;\">Susanne begann nach ihrem Bachelor-Abschluss bei der Werbeagentur Young &amp; Rubicam in Frankfurt zu arbeiten. Im sp\u00e4teren Verlauf begann sie ihre T\u00e4tigkeit bei der Dresdner Bank in London aufzunehmen. Nach dem Tod ihres Vaters 1982 erhielt sie eine 50,1% Beteiligung an dem Pharma- und Chemieunternehmen Altana. Sie war Teil des Aufsichtsrats des Unternehmens und trug ma\u00dfgeblich zur Entwicklung des Unternehmens zu einem f\u00fchrenden globalen Unternehmen bei. Zum Beispiel verhalf die Firma zu einem Platz unter den 30 gr\u00f6\u00dften deutschen DAX-Unternehmen.<\/span><\/p><p><span style=\"font-weight: 400;\">Die Unternehmerin erwarb 2006 die pharmazeutischen Aktivit\u00e4ten von Altana vom Schweizer Pharmaunternehmen NycomeN f\u00fcr 4,5 Milliarden Euro und teilte dieses Geld als Dividende unter den Aktion\u00e4ren auf. In 2009 kaufte Susanne fast alle Anteile von Altana und blieb weiterhin Aufsichtsr\u00e4tin. Sie besa\u00df und leitet zu dieser Zeit zwei Unternehmen, Altana und SKion. Au\u00dferdem h\u00e4lt sie auch einen Anteil von 46% an Landa Digital Printing.<\/span><\/p><p><span style=\"font-weight: 400;\">Susanne konnte im M\u00e4rz 2009 ihre Anteile auf fast ein Viertel der Aktien des deutschen Graphitherstellers SGL Carbon erh\u00f6hen. Zusammen mit ihrem Bruder Stefan Quandt wurde sie zum Aufsichtsratsmitglied von BMW ernannt, nachdem ihre Mutter 2015 verstorben war. Ihr Anteil am Unternehmen stieg auf 19,2%.<\/span><\/p><h4>Der historische Zusammenhang mit dem Dritten Reich<\/h4><p><span style=\"font-weight: 400;\">Klatten gab eine Untersuchung durch Historiker in Auftrag, nachdem 2007 im deutschen Fernsehen eine Dokumentation mit dem Titel \"Das Schweigen der Quandts\" ausgestrahlt worden war, die zahlreiche Fakten \u00fcber die engen Verbindungen der Familie zur NSDAP und den Einsatz von Sklavenarbeitern im Dritten Reich enth\u00fcllte. Eine von Susanne Klatten in Auftrag gegebene 1.200-seitige Studie, die 2011 ver\u00f6ffentlicht wurde, kam zu dem Ergebnis, dass die Quandts untrennbar mit den Verbrechen der Nazis verbunden waren, so der Historiker Joachim Scholtyseck, der an dem Bericht mitgearbeitet hat. Damit setzte sich die Unternehmerin von der bewegten Geschichte ihrer Familie ab. F\u00fcr die \u00d6ffentlichkeit war dies ein Zeichen, dass sie die historischen Fakten nicht leugnen, sondern fair handeln wollte. Durch die Aufarbeitung der Vergangenheit ihrer Familie, die bis dahin in der deutschen Gesellschaft als Tabuthema galt, gewann sie den Respekt ihrer Mitb\u00fcrger und erm\u00f6glichte anderen deutschen Unternehmen wie Hugo Boss, ihre Aktivit\u00e4ten in den 1930er und 1940er Jahren aufzukl\u00e4ren.<\/span><\/p>\t\t\t\t\t\t\t\t<\/div>\n\t\t\t\t<\/div>\n\t\t\t\t\t<\/div>\n\t\t<\/div>\n\t\t\t\t\t<\/div>\n\t\t<\/section>\n\t\t\t\t<\/div>","protected":false},"excerpt":{"rendered":"<p>Susanne Klatten ist derzeit die reichste Frau Deutschlands mit einem Verm\u00f6gen von mehr als 23 Milliarden Euro. Im weltweiten Vergleich liegt sie laut Forbes derzeit auf Platz 51. Sie steht hinter gro\u00dfen Namen wie Varta oder Daimler-Benz, aber nur wenige kennen ihren Lebensweg.\u00a0<\/p>","protected":false},"author":13,"featured_media":17240,"comment_status":"closed","ping_status":"closed","sticky":false,"template":"","format":"standard","meta":{"inline_featured_image":false,"cybocfi_hide_featured_image":"","two_page_speed":[],"footnotes":""},"categories":[88,184,86,84],"tags":[427],"class_list":["post-17239","post","type-post","status-publish","format-standard","has-post-thumbnail","hentry","category-private-wealth-owners","category-all-insights","category-explore-by-entity","category-women","tag-susanne-klatten"],"_links":{"self":[{"href":"https:\/\/altoo.io\/de\/wp-json\/wp\/v2\/posts\/17239","targetHints":{"allow":["GET"]}}],"collection":[{"href":"https:\/\/altoo.io\/de\/wp-json\/wp\/v2\/posts"}],"about":[{"href":"https:\/\/altoo.io\/de\/wp-json\/wp\/v2\/types\/post"}],"author":[{"embeddable":true,"href":"https:\/\/altoo.io\/de\/wp-json\/wp\/v2\/users\/13"}],"replies":[{"embeddable":true,"href":"https:\/\/altoo.io\/de\/wp-json\/wp\/v2\/comments?post=17239"}],"version-history":[{"count":20,"href":"https:\/\/altoo.io\/de\/wp-json\/wp\/v2\/posts\/17239\/revisions"}],"predecessor-version":[{"id":17330,"href":"https:\/\/altoo.io\/de\/wp-json\/wp\/v2\/posts\/17239\/revisions\/17330"}],"wp:featuredmedia":[{"embeddable":true,"href":"https:\/\/altoo.io\/de\/wp-json\/wp\/v2\/media\/17240"}],"wp:attachment":[{"href":"https:\/\/altoo.io\/de\/wp-json\/wp\/v2\/media?parent=17239"}],"wp:term":[{"taxonomy":"category","embeddable":true,"href":"https:\/\/altoo.io\/de\/wp-json\/wp\/v2\/categories?post=17239"},{"taxonomy":"post_tag","embeddable":true,"href":"https:\/\/altoo.io\/de\/wp-json\/wp\/v2\/tags?post=17239"}],"curies":[{"name":"wp","href":"https:\/\/api.w.org\/{rel}","templated":true}]}}