{"id":17036,"date":"2023-08-07T10:00:21","date_gmt":"2023-08-07T08:00:21","guid":{"rendered":"https:\/\/altoo.io\/?p=17036"},"modified":"2023-11-21T08:20:08","modified_gmt":"2023-11-21T07:20:08","slug":"schweizer-apfelbauern-und-das-megakonsortium-apfel","status":"publish","type":"post","link":"https:\/\/altoo.io\/de\/swiss-apple-farmers-and-the-megaconsortium-apple\/","title":{"rendered":"Schweizer Apfelbauern und das Megakonsortium Apfel"},"content":{"rendered":"<div data-elementor-type=\"wp-post\" data-elementor-id=\"17036\" class=\"elementor elementor-17036\" data-elementor-post-type=\"post\">\n\t\t\t\t\t\t<section class=\"elementor-section elementor-top-section elementor-element elementor-element-b88dd98 elementor-section-boxed elementor-section-height-default elementor-section-height-default\" data-id=\"b88dd98\" data-element_type=\"section\" data-e-type=\"section\">\n\t\t\t\t\t\t<div class=\"elementor-container elementor-column-gap-default\">\n\t\t\t\t\t<div class=\"elementor-column elementor-col-100 elementor-top-column elementor-element elementor-element-8f23c2f\" data-id=\"8f23c2f\" data-element_type=\"column\" data-e-type=\"column\">\n\t\t\t<div class=\"elementor-widget-wrap elementor-element-populated\">\n\t\t\t\t\t\t<div class=\"elementor-element elementor-element-bc896e8 elementor-widget elementor-widget-text-editor\" data-id=\"bc896e8\" data-element_type=\"widget\" data-e-type=\"widget\" data-widget_type=\"text-editor.default\">\n\t\t\t\t<div class=\"elementor-widget-container\">\n\t\t\t\t\t\t\t\t\t<h4><b>Urheberrechte f\u00fcr Obst?<\/b><\/h4><p><span style=\"font-weight: 400;\">Das US-amerikanische Unternehmen Apple, auf Deutsch Apfel, verlangt die Urheberrechte f\u00fcr diese Frucht. Insbesondere k\u00f6nnte dies bedeuten, dass es nicht mehr gestattet ist, herk\u00f6mmliche Apfelbilder zu ver\u00f6ffentlichen, ohne die Zustimmung des Apple-Unternehmens zu erhalten.<\/span><\/p><p><span style=\"font-weight: 400;\">Die Apple-Firma plant, das typische Aussehen des Bildes f\u00fcr Aufnahmen in Videos oder Filme zu bewahren. Die Schweizer Pr\u00fcfstelle f\u00fcr Markenrecht, das Eidgen\u00f6ssische Institut f\u00fcr Geistiges Eigentum (IGE), sprach jedoch in wichtigen Punkten dem entsprechenden Antrag wider. Apple ging daraufhin vor das Schweizer Bundesverwaltungsgericht in Sankt Gallen und fechte diese Entscheidung an.<\/span><\/p><p><img fetchpriority=\"high\" decoding=\"async\" class=\"aligncenter wp-image-17042 size-full\" src=\"https:\/\/altoo.io\/live01\/wp-content\/uploads\/2023\/08\/Apple1.jpg\" alt=\"\" width=\"768\" height=\"849\" srcset=\"https:\/\/altoo.io\/live01\/wp-content\/uploads\/2023\/08\/Apple1.jpg 768w, https:\/\/altoo.io\/live01\/wp-content\/uploads\/2023\/08\/Apple1-271x300.jpg 271w, https:\/\/altoo.io\/live01\/wp-content\/uploads\/2023\/08\/Apple1-11x12.jpg 11w\" sizes=\"(max-width: 768px) 100vw, 768px\" \/><\/p><h4><b>Apples Pl\u00e4ne sto\u00dfen auf Widerstand\u00a0<\/b><\/h4><p><span style=\"font-weight: 400;\">Seit geraumer Zeit gibt es in der Schweiz Uneinigkeit bez\u00fcglich der internationalen Markenregistrierung IR 1028240. Apple beansprucht durch den Eintrag den Schutz eines Apfel-Bildes in Schwarz-Wei\u00df auf der ganzen Welt und m\u00f6chte dieses Recht nun auch in der Schweiz durchsetzen. Jimmi Mari\u00e9thoz, der Direktor des 112 Jahre alten Verbands der Schweizer Obstproduzenten, betont, dass der Begriff Apfel und das Bild eines Apfels ein allgemeines Gut sind. Es ist nicht empfehlenswert, dass sie einem Unternehmen geh\u00f6ren. Cyrill Rigamonti, ein Professor f\u00fcr Wirtschaftsrecht an der Universit\u00e4t Bern, unterst\u00fctzt den Pr\u00e4sidenten dabei. Er argumentiert, dass die Darstellung eines Apfels als Gemeingut nicht gesch\u00fctzt ist.<\/span><\/p><h4><b>Rechtsstreitigkeiten f\u00fcr Apple sind nichts Neues<\/b><\/h4><p><span style=\"font-weight: 400;\">Apple ist daran gew\u00f6hnt, Rechtsstreitigkeiten mit dem Apfel zu haben. Seit vielen Jahren streitet die Firma in den Vereinigten Staaten f\u00fcr das allgemeine Eigentumsrecht aller Marken mit dem Wort \u201eApple\u201c. Im Jahr 2007 erwarb sie diese Rechte f\u00fcr eine unbekannte Summe. Schon jetzt besitzt Apple in der Schweiz die Lizenzen f\u00fcr zahlreiche Marken. Es ist beispielsweise nicht erlaubt, das Wort \u201eApple\u201c mit einer Tasche in Verbindung zu bringen. In den kommenden Monaten wird sich zeigen, ob auch das Bild eines Apfels hinzukommen wird.<\/span><\/p><p><span style=\"font-weight: 400;\">Mari\u00e9thoz sagt, er habe Verst\u00e4ndnis daf\u00fcr, dass Apple sein intellektuelles Eigentum sch\u00fctzen und gegen die Piraterie vorgehen m\u00f6chte. Jedoch geht es hier zu weit. Es beunruhigt ihn, dass die Darstellungen von \u00c4pfeln, die mindestens so alt wie die Geschichte von Adam und Eva sind nun eingeschr\u00e4nkt werden k\u00f6nnten. Bei einem Sieg Apples kann auch der Verband gezwungen werden, sein eigenes Apfel-Logo zu modifizieren.<\/span><\/p><p><span style=\"font-weight: 400;\">Aber auch f\u00fcr andere k\u00f6nnten Folgen auftreten. Mari\u00e9thoz betont, dass dies ernsthafte Probleme f\u00fcr alle verursacht, die \u00c4pfel in ihrer Werbung verwenden. F\u00fcr einen kleinen Verband stellt das Risiko einer Klage gro\u00dfe Herausforderungen dar. Die Kosten f\u00fcr die Verwaltung und Umstellung w\u00e4ren hoch, was eigentlich bei den Obstbauern in andere Bereiche investiert werden k\u00f6nnte. Mari\u00e9thoz sagt, dass sie bereits wenig Geld f\u00fcr ihre m\u00fchsame Arbeit verdienen. Verhandlungen dieser Art sind deshalb eine zus\u00e4tzliche Belastung.<\/span><\/p><p><span style=\"font-weight: 400;\">Alle Unternehmen und Organisationen, die einen Apfel als Logo verwenden, k\u00f6nnten mit diesem Problem konfrontiert werden, wenn das Bundesgericht zugunsten des Unternehmens entscheidet. Wie dieser Fall ausgeht, wird sich jedoch erst in einigen Monaten zeigen.<\/span><\/p>\t\t\t\t\t\t\t\t<\/div>\n\t\t\t\t<\/div>\n\t\t\t\t\t<\/div>\n\t\t<\/div>\n\t\t\t\t\t<\/div>\n\t\t<\/section>\n\t\t\t\t<\/div>","protected":false},"excerpt":{"rendered":"<p>Da sich Apple die Abbildung eines Apfels patentieren lassen m\u00f6chte, und das auch in der Schweiz, st\u00f6\u00dft der Konzern auf Widerstand, besonders aus den Reihen der Apfelbauern. Was genau passierte und wieso der Fall vor das Bundesverwaltungsgericht gezogen ist?<\/p>","protected":false},"author":13,"featured_media":17046,"comment_status":"closed","ping_status":"closed","sticky":false,"template":"","format":"standard","meta":{"inline_featured_image":false,"cybocfi_hide_featured_image":"","two_page_speed":[],"footnotes":""},"categories":[184,73,85],"tags":[414,413],"class_list":["post-17036","post","type-post","status-publish","format-standard","has-post-thumbnail","hentry","category-all-insights","category-explore-by-topic","category-switzerland","tag-megaconsortium-apple","tag-swiss-apple-farmers"],"_links":{"self":[{"href":"https:\/\/altoo.io\/de\/wp-json\/wp\/v2\/posts\/17036","targetHints":{"allow":["GET"]}}],"collection":[{"href":"https:\/\/altoo.io\/de\/wp-json\/wp\/v2\/posts"}],"about":[{"href":"https:\/\/altoo.io\/de\/wp-json\/wp\/v2\/types\/post"}],"author":[{"embeddable":true,"href":"https:\/\/altoo.io\/de\/wp-json\/wp\/v2\/users\/13"}],"replies":[{"embeddable":true,"href":"https:\/\/altoo.io\/de\/wp-json\/wp\/v2\/comments?post=17036"}],"version-history":[{"count":11,"href":"https:\/\/altoo.io\/de\/wp-json\/wp\/v2\/posts\/17036\/revisions"}],"predecessor-version":[{"id":17066,"href":"https:\/\/altoo.io\/de\/wp-json\/wp\/v2\/posts\/17036\/revisions\/17066"}],"wp:featuredmedia":[{"embeddable":true,"href":"https:\/\/altoo.io\/de\/wp-json\/wp\/v2\/media\/17046"}],"wp:attachment":[{"href":"https:\/\/altoo.io\/de\/wp-json\/wp\/v2\/media?parent=17036"}],"wp:term":[{"taxonomy":"category","embeddable":true,"href":"https:\/\/altoo.io\/de\/wp-json\/wp\/v2\/categories?post=17036"},{"taxonomy":"post_tag","embeddable":true,"href":"https:\/\/altoo.io\/de\/wp-json\/wp\/v2\/tags?post=17036"}],"curies":[{"name":"wp","href":"https:\/\/api.w.org\/{rel}","templated":true}]}}