{"id":16299,"date":"2023-07-27T10:00:49","date_gmt":"2023-07-27T08:00:49","guid":{"rendered":"https:\/\/altoo.io\/?p=16299"},"modified":"2023-07-26T13:27:25","modified_gmt":"2023-07-26T11:27:25","slug":"zurichs-plan-fur-eine-nachhaltige-zukunft","status":"publish","type":"post","link":"https:\/\/altoo.io\/de\/zurichs-plan-for-a-sustainable-future\/","title":{"rendered":"Zurichs Plan f\u00fcr eine nachhaltige Zukunft"},"content":{"rendered":"<div data-elementor-type=\"wp-post\" data-elementor-id=\"16299\" class=\"elementor elementor-16299\" data-elementor-post-type=\"post\">\n\t\t\t\t\t\t<section class=\"elementor-section elementor-top-section elementor-element elementor-element-4f59f03 elementor-section-boxed elementor-section-height-default elementor-section-height-default\" data-id=\"4f59f03\" data-element_type=\"section\" data-e-type=\"section\">\n\t\t\t\t\t\t<div class=\"elementor-container elementor-column-gap-default\">\n\t\t\t\t\t<div class=\"elementor-column elementor-col-100 elementor-top-column elementor-element elementor-element-53ad017\" data-id=\"53ad017\" data-element_type=\"column\" data-e-type=\"column\">\n\t\t\t<div class=\"elementor-widget-wrap elementor-element-populated\">\n\t\t\t\t\t\t<div class=\"elementor-element elementor-element-064d704 elementor-widget elementor-widget-text-editor\" data-id=\"064d704\" data-element_type=\"widget\" data-e-type=\"widget\" data-widget_type=\"text-editor.default\">\n\t\t\t\t<div class=\"elementor-widget-container\">\n\t\t\t\t\t\t\t\t\t<p><span style=\"font-weight: 400;\">Die Stadt wird sich auch in Zukunft erfolgreich entwickeln. Mit den Strategien \"Z\u00fcrich 2035\" stellt der Stadtrat die Weichen. Die Stadt Z\u00fcrich ist in Bezug auf Nachhaltigkeit und nachhaltige Entwicklung gut aufgestellt. Gleichzeitig steht Z\u00fcrich aber auch vor grossen Herausforderungen. Die Z\u00fcrcher Gesellschaft ist noch nicht nachhaltig (und nicht 2000-Watt-f\u00e4hig). Aufgrund des hohen Wohlstandes werden immer noch sehr viele Ressourcen verbraucht. Aus diesem Grund hat die Stadt Z\u00fcrich eine Reihe von Nachhaltigkeitszielen definiert.\u00a0<\/span><\/p><p><span style=\"font-weight: 400;\">Die erste ist <\/span><b>Klimaneutralit\u00e4t.<\/b><span style=\"font-weight: 400;\"> Die direkten Treibhausgasemissionen sollen bis 2040 auf Null reduziert werden. Zum ersten Mal hat die Stadt ein Ziel f\u00fcr die indirekten Treibhausgasemissionen pro Einwohner festgelegt. Im Vergleich zu 1990 sollen diese bis 2040 um 30 Prozent gesenkt werden. Dann, <\/span><b>nachhaltiges Lebensmittelmanagement<\/b><span style=\"font-weight: 400;\"> folgt: Die von uns konsumierten Lebensmittel sind f\u00fcr etwa ein Drittel unserer Umweltbelastung und 20% der Treibhausgasemissionen verantwortlich. Mehr als die H\u00e4lfte unserer Lebensmittel kommt aus dem Ausland, und wir sind nur 48% Selbstversorger. Daher ist es wichtig, die gesamte Produktionskette zu betrachten - sowohl innerhalb als auch au\u00dferhalb der Stadt- und Landesgrenzen. In einer Volksabstimmung im November 2017 wurde die \"F\u00f6rderung von umweltfreundlichen Lebensmitteln und Informationen \u00fcber die Auswirkungen von Lebensmitteln auf das globale Klima\" in die Stadtsatzung aufgenommen. Au\u00dferdem soll der \"Pakt f\u00fcr urbane Ern\u00e4hrungspolitik\" verabschiedet werden. Das dritte Ziel ist <\/span><b>gr\u00fcne Stadtplanung<\/b><span style=\"font-weight: 400;\">: Gesundes Wohnen in Z\u00fcrich erfordert eine hohe Umweltqualit\u00e4t. Der Schutz vor Schall und L\u00e4rm, Temperatur, Licht und Strahlung sind Bestandteile einer hohen Umweltqualit\u00e4t. Diese Komponenten sind f\u00fcr das Wohlbefinden der Stadtbev\u00f6lkerung und f\u00fcr den Gesundheitsschutz von entscheidender Bedeutung. Diese Strategie umfasst Bereiche wie Luftverschmutzung, st\u00e4dtisches W\u00e4rmemanagement, L\u00e4rmbek\u00e4mpfung und die Begr\u00fcnung Z\u00fcrichs.<\/span><\/p>\t\t\t\t\t\t\t\t<\/div>\n\t\t\t\t<\/div>\n\t\t\t\t\t<\/div>\n\t\t<\/div>\n\t\t\t\t\t<\/div>\n\t\t<\/section>\n\t\t\t\t<\/div>","protected":false},"excerpt":{"rendered":"<p>Die Ziele und die entsprechenden Umweltziele sind in der Umweltstrategie der Stadt Z\u00fcrich festgehalten. Die verschiedenen Departemente integrieren sie in ihre jeweiligen Strategien und Instrumente. Die Umweltstrategie definiert auch die Indikatoren f\u00fcr die verschiedenen Umweltziele und stellt die Fortschritte regelm\u00e4ssig im Umweltbericht der Stadt Z\u00fcrich dar.<\/p>","protected":false},"author":13,"featured_media":16300,"comment_status":"closed","ping_status":"closed","sticky":false,"template":"","format":"standard","meta":{"inline_featured_image":false,"cybocfi_hide_featured_image":"","two_page_speed":[],"footnotes":""},"categories":[85,184,73,75],"tags":[342,341,340],"class_list":["post-16299","post","type-post","status-publish","format-standard","has-post-thumbnail","hentry","category-switzerland","category-all-insights","category-explore-by-topic","category-sustainability","tag-future","tag-sustainable","tag-zurichs"],"_links":{"self":[{"href":"https:\/\/altoo.io\/de\/wp-json\/wp\/v2\/posts\/16299","targetHints":{"allow":["GET"]}}],"collection":[{"href":"https:\/\/altoo.io\/de\/wp-json\/wp\/v2\/posts"}],"about":[{"href":"https:\/\/altoo.io\/de\/wp-json\/wp\/v2\/types\/post"}],"author":[{"embeddable":true,"href":"https:\/\/altoo.io\/de\/wp-json\/wp\/v2\/users\/13"}],"replies":[{"embeddable":true,"href":"https:\/\/altoo.io\/de\/wp-json\/wp\/v2\/comments?post=16299"}],"version-history":[{"count":8,"href":"https:\/\/altoo.io\/de\/wp-json\/wp\/v2\/posts\/16299\/revisions"}],"predecessor-version":[{"id":16369,"href":"https:\/\/altoo.io\/de\/wp-json\/wp\/v2\/posts\/16299\/revisions\/16369"}],"wp:featuredmedia":[{"embeddable":true,"href":"https:\/\/altoo.io\/de\/wp-json\/wp\/v2\/media\/16300"}],"wp:attachment":[{"href":"https:\/\/altoo.io\/de\/wp-json\/wp\/v2\/media?parent=16299"}],"wp:term":[{"taxonomy":"category","embeddable":true,"href":"https:\/\/altoo.io\/de\/wp-json\/wp\/v2\/categories?post=16299"},{"taxonomy":"post_tag","embeddable":true,"href":"https:\/\/altoo.io\/de\/wp-json\/wp\/v2\/tags?post=16299"}],"curies":[{"name":"wp","href":"https:\/\/api.w.org\/{rel}","templated":true}]}}